{"id":693,"date":"2016-11-01T11:00:00","date_gmt":"2016-11-01T11:00:00","guid":{"rendered":"https:\/\/www.bfv.cloud\/ajedrezeuropa\/index.php\/2016\/11\/01\/nuestros-equipos-se-preparan-para-el-campeonato-de-1a-division-de-toledo\/"},"modified":"2025-11-20T10:21:16","modified_gmt":"2025-11-20T10:21:16","slug":"nuestros-equipos-se-preparan-para-el-campeonato-de-1a-division-de-toledo","status":"publish","type":"post","link":"https:\/\/www.bfv.cloud\/ajedrezeuropa\/nuestros-equipos-se-preparan-para-el-campeonato-de-1a-division-de-toledo\/","title":{"rendered":"NUESTROS EQUIPOS SE PREPARAN PARA EL CAMPEONATO DE 1\u00aa DIVISI\u00d3N DE TOLEDO"},"content":{"rendered":"<div class=\"separator\" style=\"clear: both;text-align: center\">\n<a href=\"https:\/\/www.bfv.cloud\/ajedrezeuropa\/wp-content\/uploads\/2016\/11\/LOGOCLUBCONNOMBRE.jpg\" style=\"clear: left;float: left;margin-bottom: 1em;margin-right: 1em\"><img fetchpriority=\"high\" decoding=\"async\" border=\"0\" height=\"300\" src=\"https:\/\/blogger.googleusercontent.com\/img\/b\/R29vZ2xl\/AVvXsEgyZ41GZWXIqyLqcqGTIjS30IYCeLJejhccv0ej02wOip_sRh7m0f8ZUTZS4bEBzPXek8fix6H2ECpcBbucdfDOy3Qb_iSDYIoEYpfbTEMYnCzJ7q5mLuc0_J9zpXx9Gq3e4-PZSp8W3_E\/s400\/LOGO+CLUB+CON+NOMBRE.jpg\" width=\"400\" \/><\/a><\/div>\n<p><span style=\"font-family: Verdana, sans-serif;font-size: large\">El pr\u00f3ximo domingo se inicia la temporada 2017 en Toledo con la primera jornada del Campeonato por Equipos de 1\u00aa Divisi\u00f3n. Como ya es habitual, el proyecto presentar\u00e1 el m\u00e1ximo de equipos posibles: 4, dos por club.&nbsp;<\/span><br \/>\n<span style=\"font-family: Verdana, sans-serif;font-size: large\">Nuestro Ajedrez en Europa compite con los siguientes equipos:&nbsp;<\/span><\/p>\n<div style=\"text-align: center\">\n<span style=\"color: #274e13;font-family: Verdana, sans-serif;font-size: large\"><u>NUESTRO AJEDREZ EN EUROPA &#8211; A<\/u><\/span><\/div>\n<div style=\"text-align: center\">\n<span style=\"color: #274e13;font-family: Verdana, sans-serif;font-size: large\">Santiago Talavera Garc\u00eda<\/span><\/div>\n<div style=\"text-align: center\">\n<span style=\"color: #274e13;font-family: Verdana, sans-serif;font-size: large\">Javier Valdepe\u00f1as Octavio<\/span><\/div>\n<div style=\"text-align: center\">\n<span style=\"color: #274e13;font-family: Verdana, sans-serif;font-size: large\">Ana Isabel Gonz\u00e1lez Berruga<\/span><\/div>\n<div style=\"text-align: center\">\n<span style=\"color: #274e13;font-family: Verdana, sans-serif;font-size: large\">Isaac Lozano Osorio<\/span><\/div>\n<div style=\"text-align: center\">\n<span style=\"color: #274e13;font-family: Verdana, sans-serif;font-size: large\">Daniel P\u00edriz Fern\u00e1ndez<\/span><\/div>\n<div style=\"text-align: center\">\n<span style=\"color: #274e13;font-family: Verdana, sans-serif;font-size: large\">Jorge Sim\u00f3n Escalona<\/span><\/div>\n<div style=\"text-align: center\">\n<span style=\"color: #274e13;font-family: Verdana, sans-serif;font-size: large\"><br \/><\/span><\/div>\n<div class=\"separator\" style=\"clear: both;text-align: center\">\n<a href=\"https:\/\/www.bfv.cloud\/ajedrezeuropa\/wp-content\/uploads\/2016\/11\/IMG_20151108_163350_edit.jpg\" style=\"margin-left: 1em;margin-right: 1em\"><img decoding=\"async\" border=\"0\" height=\"225\" src=\"https:\/\/blogger.googleusercontent.com\/img\/b\/R29vZ2xl\/AVvXsEg3BKVrz_A7ubv6dhfz2CdSKA5oKV5lNBF1yM3tjtElnBb4TjrgtrMbD98UfM4aVgZY8TE5LnNU7EzFwe2GELYnGQmCFfmW4Ev-SGD82Um4g7iohGYDU9eCqhXgYUs7PJVBSC9PHp5I5OI\/s400\/IMG_20151108_163350_edit.jpg\" width=\"400\" \/><\/a><\/div>\n<div class=\"separator\" style=\"clear: both;text-align: center\">\n<\/div>\n<div style=\"text-align: center\">\n<u style=\"font-family: Verdana, sans-serif;font-size: x-large\"><span style=\"color: #38761d\">NUESTRO AJEDREZ EN EUROPA &#8211; B<\/span><\/u><\/div>\n<div style=\"text-align: center\">\n<span style=\"font-family: Verdana, sans-serif;font-size: large\"><span style=\"color: #38761d\">Roberto L\u00f3pez N\u00fa\u00f1ez<\/span><\/span><\/div>\n<div style=\"text-align: center\">\n<span style=\"font-family: Verdana, sans-serif;font-size: large\"><span style=\"color: #38761d\">Jos\u00e9 \u00c1ngel Vela Horcajada<\/span><\/span><\/div>\n<div style=\"text-align: center\">\n<span style=\"font-family: Verdana, sans-serif;font-size: large\"><span style=\"color: #38761d\">Alfredo Amador And\u00fajar<\/span><\/span><\/div>\n<div style=\"text-align: center\">\n<span style=\"font-family: Verdana, sans-serif;font-size: large\"><span style=\"color: #38761d\">Jes\u00fas M\u00aa Bricio G\u00aa de la Torre<\/span><\/span><\/div>\n<div style=\"text-align: center\">\n<span style=\"font-family: Verdana, sans-serif;font-size: large\"><span style=\"color: #38761d\">Irene Sim\u00f3n Escalona<\/span><\/span><\/div>\n<div style=\"text-align: center\">\n<span style=\"font-family: Verdana, sans-serif;font-size: large\"><span style=\"color: #38761d\">Silvia Toribio Camu\u00f1as<\/span><\/span><\/div>\n<div style=\"text-align: center\">\n<span style=\"font-family: Verdana, sans-serif;font-size: large\"><span style=\"color: #38761d\">Julio M\u00e9rida Ortiz<\/span><\/span><\/div>\n<p><\/p>\n<table align=\"center\" cellpadding=\"0\" cellspacing=\"0\" class=\"tr-caption-container\" style=\"margin-left: auto;margin-right: auto;text-align: right\">\n<tbody>\n<tr>\n<td style=\"text-align: center\"><a href=\"https:\/\/www.bfv.cloud\/ajedrezeuropa\/wp-content\/uploads\/2016\/11\/SAM_2348.jpg\" style=\"clear: right;margin-bottom: 1em;margin-left: auto;margin-right: auto\"><img decoding=\"async\" border=\"0\" height=\"364\" src=\"https:\/\/blogger.googleusercontent.com\/img\/b\/R29vZ2xl\/AVvXsEhUKO8K-qvGjAKzcSNEeyiwW05tjIahjHquHsCyVCGh9yyyZD5foHQRWkmDzflvMog8XISmImDfwy8NvBN-K1JkxalDej_o-EA5ezn_VjRVmuArhqv05rWSX4pzLUO_c-96a0pw4ijphJ8\/s640\/SAM_2348.JPG\" width=\"640\" \/><\/a><\/td>\n<\/tr>\n<tr>\n<td class=\"tr-caption\" style=\"text-align: center\">Imagen de los equipos en el campeonato de 2015<\/td>\n<\/tr>\n<\/tbody>\n<\/table>\n<div style=\"text-align: center\">\n<\/div>\n<div style=\"text-align: left\">\n<span style=\"font-family: Verdana, sans-serif;font-size: large\">Nuestro Ajedrez por la Igualdad, por su parte, presenta dos \u00f3rdenes de fuerza en sus equipos con m\u00e1s novedades, motivadas por algunas ausencias voluntarias y otras obligadas. Entre las obligadas, aprovechamos para mandar un abrazo a aquell@s que ahora se encuentran en Irlanda: Arturo Mate, Julia Meza y Jos\u00e9 M\u00aa Pastrana.<\/span><\/div>\n<div style=\"text-align: left\">\n<span style=\"font-family: Verdana, sans-serif;font-size: large\"><br \/><\/span><\/div>\n<div style=\"text-align: center\">\n<span style=\"font-family: Verdana, sans-serif;font-size: large\"><span style=\"color: #0c343d\"><u>NUESTRO AJEDREZ POR LA IGUALDAD &#8211; A<\/u><\/span><\/span><\/div>\n<div style=\"text-align: center\">\n<span style=\"color: #0c343d;font-family: Verdana, sans-serif;font-size: large\">Luis Miguel Monreal Bejarano<\/span><\/div>\n<div style=\"text-align: center\">\n<span style=\"color: #0c343d;font-family: Verdana, sans-serif;font-size: large\">Antonio Albo Maroto<\/span><\/div>\n<div style=\"text-align: center\">\n<span style=\"color: #0c343d;font-family: Verdana, sans-serif;font-size: large\">Carlos Romo D\u00edaz-Alejo<\/span><\/div>\n<div style=\"text-align: center\">\n<span style=\"color: #0c343d;font-family: Verdana, sans-serif;font-size: large\">Daniel Salas Lloret<\/span><\/div>\n<div style=\"text-align: center\">\n<span style=\"color: #0c343d;font-family: Verdana, sans-serif;font-size: large\">Rub\u00e9n Escribano Alberca<\/span><\/div>\n<div style=\"text-align: center\">\n<span style=\"color: #0c343d;font-family: Verdana, sans-serif;font-size: large\">Pablo Vela Adri\u00e1n<\/span><\/div>\n<div style=\"text-align: center\">\n<\/div>\n<div style=\"text-align: center\">\n<u style=\"color: #0c343d;font-family: Verdana, sans-serif;font-size: x-large\">NUESTRO AJEDREZ POR LA IGUALDAD &#8211; B<\/u><\/div>\n<div style=\"text-align: center\">\n<span style=\"color: #0c343d;font-family: Verdana, sans-serif;font-size: large\">Alonso L\u00f3pez N\u00fa\u00f1ez<\/span><\/div>\n<div style=\"text-align: center\">\n<span style=\"color: #0c343d;font-family: Verdana, sans-serif;font-size: large\">Enrique Velasco Aragon\u00e9s<\/span><\/div>\n<div style=\"text-align: center\">\n<span style=\"color: #0c343d;font-family: Verdana, sans-serif;font-size: large\">M\u00aa Isabel Marcos-Alberca Lizcano<\/span><\/div>\n<div style=\"text-align: center\">\n<span style=\"color: #0c343d;font-family: Verdana, sans-serif;font-size: large\">Nuria Lozano Serrano<\/span><\/div>\n<div style=\"text-align: center\">\n<span style=\"color: #0c343d;font-family: Verdana, sans-serif;font-size: large\">Gabriel Amador And\u00fajar<\/span><\/div>\n<div style=\"text-align: center\">\n<span style=\"color: #0c343d;font-family: Verdana, sans-serif;font-size: large\">Mar\u00eda Oliver Ropero<\/span><\/div>\n<div style=\"text-align: center\">\n<span style=\"color: #0c343d;font-family: Verdana, sans-serif;font-size: large\">Daniel Climent Castillo<\/span><\/div>\n<div style=\"text-align: center\">\n<span style=\"color: #0c343d;font-family: Verdana, sans-serif;font-size: large\">Arsenio L\u00f3pez Ochoa<\/span><\/div>\n<div style=\"text-align: center\">\n<span style=\"color: #0c343d;font-family: Verdana, sans-serif;font-size: large\">Roberto Yeghiazaryan Petrosyan<\/span><\/div>\n<div style=\"text-align: center\">\n<span style=\"color: #0c343d;font-family: Verdana, sans-serif;font-size: large\">Clara Vela Adri\u00e1n<\/span><\/div>\n<div style=\"text-align: center\">\n<span style=\"color: #0c343d;font-family: Verdana, sans-serif;font-size: large\"><br \/><\/span><\/div>\n<div style=\"text-align: left\">\n<span style=\"font-family: Verdana, sans-serif;font-size: large\">Nuestros equipos retoman la competici\u00f3n con el reto puesto en revalidar el t\u00edtulo de campeones de las dos \u00faltimas temporadas.<\/span><\/div>\n<div style=\"text-align: left\">\n<span style=\"font-family: Verdana, sans-serif;font-size: large\">\u00a1\u00a1Buen torneo y grandes partidas!!<\/span><\/div>\n","protected":false},"excerpt":{"rendered":"<p>El pr\u00f3ximo domingo se inicia la temporada 2017 en Toledo con la primera jornada del Campeonato por Equipos de 1\u00aa Divisi\u00f3n. Como ya es habitual, el proyecto presentar\u00e1 el m\u00e1ximo de equipos posibles: 4, dos por club.&nbsp; Nuestro Ajedrez en Europa compite con los siguientes equipos:&nbsp; NUESTRO AJEDREZ EN EUROPA &#8211; A Santiago Talavera Garc\u00eda [&hellip;]<\/p>\n","protected":false},"author":1,"featured_media":694,"comment_status":"open","ping_status":"closed","sticky":false,"template":"","format":"standard","meta":{"footnotes":""},"categories":[1],"tags":[],"class_list":["post-693","post","type-post","status-publish","format-standard","has-post-thumbnail","hentry","category-noticias"],"_links":{"self":[{"href":"https:\/\/www.bfv.cloud\/ajedrezeuropa\/wp-json\/wp\/v2\/posts\/693","targetHints":{"allow":["GET"]}}],"collection":[{"href":"https:\/\/www.bfv.cloud\/ajedrezeuropa\/wp-json\/wp\/v2\/posts"}],"about":[{"href":"https:\/\/www.bfv.cloud\/ajedrezeuropa\/wp-json\/wp\/v2\/types\/post"}],"author":[{"embeddable":true,"href":"https:\/\/www.bfv.cloud\/ajedrezeuropa\/wp-json\/wp\/v2\/users\/1"}],"replies":[{"embeddable":true,"href":"https:\/\/www.bfv.cloud\/ajedrezeuropa\/wp-json\/wp\/v2\/comments?post=693"}],"version-history":[{"count":1,"href":"https:\/\/www.bfv.cloud\/ajedrezeuropa\/wp-json\/wp\/v2\/posts\/693\/revisions"}],"predecessor-version":[{"id":697,"href":"https:\/\/www.bfv.cloud\/ajedrezeuropa\/wp-json\/wp\/v2\/posts\/693\/revisions\/697"}],"wp:featuredmedia":[{"embeddable":true,"href":"https:\/\/www.bfv.cloud\/ajedrezeuropa\/wp-json\/wp\/v2\/media\/694"}],"wp:attachment":[{"href":"https:\/\/www.bfv.cloud\/ajedrezeuropa\/wp-json\/wp\/v2\/media?parent=693"}],"wp:term":[{"taxonomy":"category","embeddable":true,"href":"https:\/\/www.bfv.cloud\/ajedrezeuropa\/wp-json\/wp\/v2\/categories?post=693"},{"taxonomy":"post_tag","embeddable":true,"href":"https:\/\/www.bfv.cloud\/ajedrezeuropa\/wp-json\/wp\/v2\/tags?post=693"}],"curies":[{"name":"wp","href":"https:\/\/api.w.org\/{rel}","templated":true}]}}