{"id":707,"date":"2015-10-07T13:47:00","date_gmt":"2015-10-07T13:47:00","guid":{"rendered":"https:\/\/www.bfv.cloud\/ajedrezeuropa\/index.php\/2015\/10\/07\/rectificacion-del-calendario-para-noviembre-y-diciembre\/"},"modified":"2025-11-20T10:21:23","modified_gmt":"2025-11-20T10:21:23","slug":"rectificacion-del-calendario-para-noviembre-y-diciembre","status":"publish","type":"post","link":"https:\/\/www.bfv.cloud\/ajedrezeuropa\/rectificacion-del-calendario-para-noviembre-y-diciembre\/","title":{"rendered":"RECTIFICACI\u00d3N DEL CALENDARIO PARA NOVIEMBRE Y DICIEMBRE"},"content":{"rendered":"<div class=\"separator\" style=\"clear: both;text-align: center\">\n<a href=\"https:\/\/www.bfv.cloud\/ajedrezeuropa\/wp-content\/uploads\/2015\/10\/CALENDARIONUESTROAJEDREZENEUROPANOVIEMBRE-DICIEMBRE.jpg\" style=\"margin-left: 1em;margin-right: 1em\"><img fetchpriority=\"high\" decoding=\"async\" border=\"0\" height=\"364\" src=\"https:\/\/blogger.googleusercontent.com\/img\/b\/R29vZ2xl\/AVvXsEhg176r5IZ3LdhtPozEiTb7uc6F6vZoLoKpuHgXtp9adrHrgEEoDYIZFbAPbwpB8JZNPA8xz__SaPvrzxuO2Rw3mlW-EkWxTVFRNqzc4q4pC033ZVpRaXungZgSeZ-44LIF0_cHaCCmuc0\/s640\/CALENDARIO+NUESTRO+AJEDREZ+EN+EUROPA+NOVIEMBRE-DICIEMBRE.jpg\" width=\"640\" \/><\/a><\/div>\n<p><span style=\"font-family: Verdana, sans-serif\"><b>Aunque recientemente fue aprobado por los clubes de Toledo el calendario de las competiciones oficiales provinciales para la temporada 2016, la delegaci\u00f3n provincial de la FACLM, nos comunica un cambio en una de las fechas elegidas para disputar el Campeonato Provincial por Clubes de la categor\u00eda absoluta y el Torneo de Promoci\u00f3n Deportiva. Como pod\u00e9is comprobar la jornada del <u>22 de noviembre<\/u> resulta h\u00e1bil a efectos de estas dos competiciones, dejando el 29 de noviembre para la \u00abfiesta de los p\u00e1jaros\u00bb &#8230; de Toledo.<\/b><\/span><\/p>\n","protected":false},"excerpt":{"rendered":"<p>Aunque recientemente fue aprobado por los clubes de Toledo el calendario de las competiciones oficiales provinciales para la temporada 2016, la delegaci\u00f3n provincial de la FACLM, nos comunica un cambio en una de las fechas elegidas para disputar el Campeonato Provincial por Clubes de la categor\u00eda absoluta y el Torneo de Promoci\u00f3n Deportiva. Como pod\u00e9is [&hellip;]<\/p>\n","protected":false},"author":1,"featured_media":708,"comment_status":"open","ping_status":"closed","sticky":false,"template":"","format":"standard","meta":{"footnotes":""},"categories":[1],"tags":[],"class_list":["post-707","post","type-post","status-publish","format-standard","has-post-thumbnail","hentry","category-noticias"],"_links":{"self":[{"href":"https:\/\/www.bfv.cloud\/ajedrezeuropa\/wp-json\/wp\/v2\/posts\/707","targetHints":{"allow":["GET"]}}],"collection":[{"href":"https:\/\/www.bfv.cloud\/ajedrezeuropa\/wp-json\/wp\/v2\/posts"}],"about":[{"href":"https:\/\/www.bfv.cloud\/ajedrezeuropa\/wp-json\/wp\/v2\/types\/post"}],"author":[{"embeddable":true,"href":"https:\/\/www.bfv.cloud\/ajedrezeuropa\/wp-json\/wp\/v2\/users\/1"}],"replies":[{"embeddable":true,"href":"https:\/\/www.bfv.cloud\/ajedrezeuropa\/wp-json\/wp\/v2\/comments?post=707"}],"version-history":[{"count":1,"href":"https:\/\/www.bfv.cloud\/ajedrezeuropa\/wp-json\/wp\/v2\/posts\/707\/revisions"}],"predecessor-version":[{"id":709,"href":"https:\/\/www.bfv.cloud\/ajedrezeuropa\/wp-json\/wp\/v2\/posts\/707\/revisions\/709"}],"wp:featuredmedia":[{"embeddable":true,"href":"https:\/\/www.bfv.cloud\/ajedrezeuropa\/wp-json\/wp\/v2\/media\/708"}],"wp:attachment":[{"href":"https:\/\/www.bfv.cloud\/ajedrezeuropa\/wp-json\/wp\/v2\/media?parent=707"}],"wp:term":[{"taxonomy":"category","embeddable":true,"href":"https:\/\/www.bfv.cloud\/ajedrezeuropa\/wp-json\/wp\/v2\/categories?post=707"},{"taxonomy":"post_tag","embeddable":true,"href":"https:\/\/www.bfv.cloud\/ajedrezeuropa\/wp-json\/wp\/v2\/tags?post=707"}],"curies":[{"name":"wp","href":"https:\/\/api.w.org\/{rel}","templated":true}]}}