{"id":710,"date":"2014-10-24T13:46:00","date_gmt":"2014-10-24T13:46:00","guid":{"rendered":"https:\/\/www.bfv.cloud\/ajedrezeuropa\/index.php\/2014\/10\/24\/irene-simon-propuesta-por-nuestros-clubes-para-el-premio-de-la-gala-del-deporte-de-la-diputacion-de-toledo\/"},"modified":"2025-11-20T10:21:25","modified_gmt":"2025-11-20T10:21:25","slug":"irene-simon-propuesta-por-nuestros-clubes-para-el-premio-de-la-gala-del-deporte-de-la-diputacion-de-toledo","status":"publish","type":"post","link":"https:\/\/www.bfv.cloud\/ajedrezeuropa\/irene-simon-propuesta-por-nuestros-clubes-para-el-premio-de-la-gala-del-deporte-de-la-diputacion-de-toledo\/","title":{"rendered":"IRENE SIM\u00d3N PROPUESTA POR NUESTROS CLUBES PARA EL PREMIO DE LA GALA DEL DEPORTE DE LA DIPUTACI\u00d3N DE TOLEDO"},"content":{"rendered":"<h3>\n<u>El cambio de un sistema inadecuado<\/u><\/h3>\n<table cellpadding=\"0\" cellspacing=\"0\" class=\"tr-caption-container\" style=\"float: right;margin-left: 1em;text-align: right\">\n<tbody>\n<tr>\n<td style=\"text-align: center\"><a href=\"https:\/\/www.bfv.cloud\/ajedrezeuropa\/wp-content\/uploads\/2014\/10\/100_2986.jpg\" style=\"clear: right;margin-bottom: 1em;margin-left: auto;margin-right: auto\"><img fetchpriority=\"high\" decoding=\"async\" border=\"0\" src=\"https:\/\/www.bfv.cloud\/ajedrezeuropa\/wp-content\/uploads\/2014\/10\/100_2986.jpg\" height=\"266\" width=\"400\" \/><\/a><\/td>\n<\/tr>\n<tr>\n<td class=\"tr-caption\" style=\"text-align: center\">Irene ante el tablero<\/td>\n<\/tr>\n<\/tbody>\n<\/table>\n<div class=\"MsoNormal\" style=\"text-align: justify\">\n<span>La<br \/>\n\u00faltima reuni\u00f3n de clubes de ajedrez de Toledo decidi\u00f3 cambiar la f\u00f3rmula de<br \/>\npropuesta para los premios que cada a\u00f1o entrega la Diputaci\u00f3n de Toledo a los<br \/>\ndeportistas m\u00e1s destacados de la provincia. No es el momento de valorar las<br \/>\ndecisiones que han provocado que nunca anteriormente hayan sido premiados<br \/>\najedrecistas de nuestras escuelas o clubes. Solamente queremos destacar los<br \/>\nm\u00faltiples reconocimientos que nuestras escuelas, y el propio proyecto \u201cNUESTRO<br \/>\nAJEDREZ EN EUROPA\u201d, han recibido de las instituciones p\u00fablicas a lo largo del<br \/>\ntiempo. Autoridades de todos los colores pol\u00edticos se han interesado y han<br \/>\nvisitado personalmente nuestras aulas. Desde altos cargos de etapas precedentes<br \/>\ncomo el Presidente de Castilla-La Mancha, Jose M\u00aa Barreda, y el entonces<br \/>\nViceconsejero de Educaci\u00f3n, Pedro Pablo Novillo; a actuales personalidades como<br \/>\nel Presidente de las Cortes Regionales, Vicente Tirado, o el Presidente de la<br \/>\nDiputaci\u00f3n de Toledo, Arturo Garc\u00eda-Tiz\u00f3n. Podemos afirmar con toda certeza que<br \/>\nen Castilla-La Mancha ning\u00fan otro club, proyecto o escuela de ajedrez, ha<br \/>\nconseguido concitar tanta atenci\u00f3n de los dirigentes pol\u00edticos de esta tierra.<\/span><span style=\"font-family: Arial, sans-serif\">&nbsp;<\/span><\/div>\n<h3 style=\"text-align: justify\">\n<b><u>La propuesta de Irene Sim\u00f3n<br \/>\nEscalona<\/u><\/b><\/h3>\n<p><\/p>\n<div class=\"MsoNormal\" style=\"text-align: justify\">\n<span>La<br \/>\nnueva forma aprobada por los asistentes a aquella reuni\u00f3n para elegir al<br \/>\npremiado o premiada por el ajedrez en la Gala del Deporte de la Diputaci\u00f3n de<br \/>\nToledo, es mucho m\u00e1s participativa y totalmente democr\u00e1tica. El papel de la<br \/>\npresentaci\u00f3n de las propuestas y posterior elecci\u00f3n por votaci\u00f3n corresponde<br \/>\n\u00fanicamente a los clubes federados de la provincia. La propuesta se debe<br \/>\nfundamentar, especialmente, en los resultados deportivos obtenidos por<br \/>\njugadores y equipos en la temporada 2013\/2014. En funci\u00f3n de este criterio, los<br \/>\nclubes \u201cNUESTRO AJEDREZ EN EUROPA\u201d y \u201cNUESTRO AJEDREZ POR LA IGUALDAD\u201d,<br \/>\nproponemos a la jugadora IRENE SIM\u00d3N ESCALONA para el premio del ajedrez en la<br \/>\nGALA DEL DEPORTE DE LA DIPUTACI\u00d3N DE TOLEDO, justificando esta candidatura con<br \/>\nel siguiente curr\u00edculo y tomando en consideraci\u00f3n resultados de la temporada<br \/>\n2013\/2014, exclusivamente:&nbsp;<\/span><\/div>\n<div class=\"MsoNormal\" style=\"text-align: center\">\n<span><\/span><u><span style=\"color: #0070c0\">CAMPEONA DE CASTILLA-LA MANCHA DEL DEPORTE EN EDAD<br \/>\nESCOLAR (Categor\u00eda Infantil).<\/span><\/u><\/div>\n<div class=\"MsoNormal\" style=\"text-align: center\">\n<u><span style=\"color: #0070c0\">CAMPEONA PROVINCIAL DE TOLEDO DEL DEPORTE EN EDAD ESCOLAR<br \/>\n(Categor\u00eda Infantil)<\/span><\/u><\/div>\n<div class=\"MsoNormal\" style=\"margin-left: 36pt;text-align: center\">\n<u><span style=\"color: #0070c0\">CAMPEONA PROVINCIAL ABSOLUTA DE TOLEDO DE AJEDREZ R\u00c1PIDO<\/span><\/u><\/div>\n<div class=\"MsoNormal\" style=\"margin-left: 36pt;text-align: center\">\n<u><span style=\"color: #0070c0\">CAMPEONA PROVINCIAL DE TOLEDO (categor\u00eda sub-14)<\/span><\/u><\/div>\n<div class=\"MsoNormal\" style=\"margin-left: 36pt;text-align: center\">\n<u><span style=\"color: #0070c0\">SUBCAMPEONA REGIONAL CAMPEONATO POR EDADES (Categor\u00eda<br \/>\nsub-14)<\/span><\/u><\/div>\n<div class=\"MsoNormal\" style=\"margin-left: 36pt;text-align: center\">\n<b>En campeonatos por equipos:<\/b><\/div>\n<div class=\"MsoNormal\" style=\"margin-left: 54pt;text-align: center\">\n<b><span style=\"color: #0070c0\">9\u00ba PUESTO<br \/>\nNACIONAL como jugadora del equipo del CLUB NUESTRO AJEDREZ EN<br \/>\nEUROPA-VILLAFRANCA en la fase final del Campeonato de Espa\u00f1a por Equipos de<br \/>\nClub (CECLUB) SUB-16.<\/span><\/b><\/div>\n<div class=\"MsoNormal\" style=\"margin-left: 54pt;text-align: center\">\n<b><span style=\"color: #0070c0\">Jugadora de la<br \/>\nselecci\u00f3n regional de Castilla-La Mancha en el Campeonato de Espa\u00f1a del Deporte<br \/>\nen Edad Escolar (fase final).<\/span><\/b><\/div>\n","protected":false},"excerpt":{"rendered":"<p>El cambio de un sistema inadecuado Irene ante el tablero La \u00faltima reuni\u00f3n de clubes de ajedrez de Toledo decidi\u00f3 cambiar la f\u00f3rmula de propuesta para los premios que cada a\u00f1o entrega la Diputaci\u00f3n de Toledo a los deportistas m\u00e1s destacados de la provincia. No es el momento de valorar las decisiones que han provocado [&hellip;]<\/p>\n","protected":false},"author":1,"featured_media":711,"comment_status":"open","ping_status":"closed","sticky":false,"template":"","format":"standard","meta":{"footnotes":""},"categories":[1],"tags":[],"class_list":["post-710","post","type-post","status-publish","format-standard","has-post-thumbnail","hentry","category-noticias"],"_links":{"self":[{"href":"https:\/\/www.bfv.cloud\/ajedrezeuropa\/wp-json\/wp\/v2\/posts\/710","targetHints":{"allow":["GET"]}}],"collection":[{"href":"https:\/\/www.bfv.cloud\/ajedrezeuropa\/wp-json\/wp\/v2\/posts"}],"about":[{"href":"https:\/\/www.bfv.cloud\/ajedrezeuropa\/wp-json\/wp\/v2\/types\/post"}],"author":[{"embeddable":true,"href":"https:\/\/www.bfv.cloud\/ajedrezeuropa\/wp-json\/wp\/v2\/users\/1"}],"replies":[{"embeddable":true,"href":"https:\/\/www.bfv.cloud\/ajedrezeuropa\/wp-json\/wp\/v2\/comments?post=710"}],"version-history":[{"count":1,"href":"https:\/\/www.bfv.cloud\/ajedrezeuropa\/wp-json\/wp\/v2\/posts\/710\/revisions"}],"predecessor-version":[{"id":712,"href":"https:\/\/www.bfv.cloud\/ajedrezeuropa\/wp-json\/wp\/v2\/posts\/710\/revisions\/712"}],"wp:featuredmedia":[{"embeddable":true,"href":"https:\/\/www.bfv.cloud\/ajedrezeuropa\/wp-json\/wp\/v2\/media\/711"}],"wp:attachment":[{"href":"https:\/\/www.bfv.cloud\/ajedrezeuropa\/wp-json\/wp\/v2\/media?parent=710"}],"wp:term":[{"taxonomy":"category","embeddable":true,"href":"https:\/\/www.bfv.cloud\/ajedrezeuropa\/wp-json\/wp\/v2\/categories?post=710"},{"taxonomy":"post_tag","embeddable":true,"href":"https:\/\/www.bfv.cloud\/ajedrezeuropa\/wp-json\/wp\/v2\/tags?post=710"}],"curies":[{"name":"wp","href":"https:\/\/api.w.org\/{rel}","templated":true}]}}