{"id":715,"date":"2022-02-23T12:03:00","date_gmt":"2022-02-23T12:03:00","guid":{"rendered":"https:\/\/www.bfv.cloud\/ajedrezeuropa\/index.php\/2022\/02\/23\/i-jornadas-del-ajedrez-en-la-escuela-de-illescas\/"},"modified":"2025-11-20T10:21:26","modified_gmt":"2025-11-20T10:21:26","slug":"i-jornadas-del-ajedrez-en-la-escuela-de-illescas","status":"publish","type":"post","link":"https:\/\/www.bfv.cloud\/ajedrezeuropa\/i-jornadas-del-ajedrez-en-la-escuela-de-illescas\/","title":{"rendered":"I JORNADAS DEL AJEDREZ EN LA ESCUELA DE ILLESCAS"},"content":{"rendered":"<p>&nbsp;<a href=\"https:\/\/blogger.googleusercontent.com\/img\/a\/AVvXsEj-xFL-6OfQfvlM9QCj4MdHTav676wmcm3puHq07Czm70wxXCPvUSw0ZUx6_Gg51MRMsCMcXczybbOa_vtchNuhd1XCFTTTovte9FpCekt7_aSvFbiKeSAzQ8M9GYhsmV8WNNYaCIbSI5gX6eJ3EO_8sld9hb26Lv-OCBE5TLBKwe586meJPY9O5C1A=s4724\" style=\"margin-left: 1em;margin-right: 1em;text-align: center\"><img fetchpriority=\"high\" decoding=\"async\" border=\"0\" data-original-height=\"4724\" data-original-width=\"3339\" height=\"640\" src=\"https:\/\/blogger.googleusercontent.com\/img\/a\/AVvXsEj-xFL-6OfQfvlM9QCj4MdHTav676wmcm3puHq07Czm70wxXCPvUSw0ZUx6_Gg51MRMsCMcXczybbOa_vtchNuhd1XCFTTTovte9FpCekt7_aSvFbiKeSAzQ8M9GYhsmV8WNNYaCIbSI5gX6eJ3EO_8sld9hb26Lv-OCBE5TLBKwe586meJPY9O5C1A=w452-h640\" width=\"452\" \/><\/a><\/p>\n<div class=\"separator\" style=\"clear: both;text-align: center\"><b style=\"font-family: georgia;font-size: x-large;text-align: left\">Del 15 al 17 de marzo se celebrar\u00e1n en Illescas las \u00abI Jornadas del Ajedrez en la Escuela\u00bb, organizadas por el ayuntamiento de esta ciudad toledana en colaboraci\u00f3n con sus 7 colegios p\u00fablicos de Educaci\u00f3n Primaria y el proyecto \u00abel ajedrez en la escuela, una estrategia educativa\u00bb.&nbsp;<\/b><\/div>\n<p><span style=\"font-family: georgia;font-size: large\"><b>Las actividades que se van a desarrollar van desde 2 conferencias especializadas en ajedrez educativo impartidas por el periodista del diario \u00abEl Pa\u00eds\u00bb, Leontxo Garc\u00eda, a un ajedrez viviente, pasando por un cuentacuentos y un torneo escolar de ajedrez.<\/b><\/span><\/p>\n<p><span style=\"font-family: georgia;font-size: large\"><b>Las inscripciones a las conferencias deben hacerse a trav\u00e9s de la plataforma&nbsp;<a href=\"https:\/\/www.giglon.com\/\">www.giglon.com<\/a><\/b><\/span><\/p>\n<p><span style=\"font-family: georgia;font-size: large\">Estas Jornadas servir\u00e1n como pre\u00e1mbulo a la 2\u00aa edici\u00f3n del curso de ajedrez en el aula que el Centro Regional de Formaci\u00f3n al Profesorado (CRFP) ha lanzado para 70 docentes de la regi\u00f3n. La sesi\u00f3n presencial inaugural se celebrar\u00e1 en Illescas el jueves 24 de marzo, continuando con 6 sesiones virtuales y una sesi\u00f3n presencial de clausura que tendr\u00e1 como sede la ciudad de Toledo.<\/span><\/p>\n","protected":false},"excerpt":{"rendered":"<p>&nbsp; Del 15 al 17 de marzo se celebrar\u00e1n en Illescas las \u00abI Jornadas del Ajedrez en la Escuela\u00bb, organizadas por el ayuntamiento de esta ciudad toledana en colaboraci\u00f3n con sus 7 colegios p\u00fablicos de Educaci\u00f3n Primaria y el proyecto \u00abel ajedrez en la escuela, una estrategia educativa\u00bb.&nbsp; Las actividades que se van a desarrollar [&hellip;]<\/p>\n","protected":false},"author":1,"featured_media":0,"comment_status":"open","ping_status":"closed","sticky":false,"template":"","format":"standard","meta":{"footnotes":""},"categories":[1],"tags":[],"class_list":["post-715","post","type-post","status-publish","format-standard","hentry","category-noticias"],"_links":{"self":[{"href":"https:\/\/www.bfv.cloud\/ajedrezeuropa\/wp-json\/wp\/v2\/posts\/715","targetHints":{"allow":["GET"]}}],"collection":[{"href":"https:\/\/www.bfv.cloud\/ajedrezeuropa\/wp-json\/wp\/v2\/posts"}],"about":[{"href":"https:\/\/www.bfv.cloud\/ajedrezeuropa\/wp-json\/wp\/v2\/types\/post"}],"author":[{"embeddable":true,"href":"https:\/\/www.bfv.cloud\/ajedrezeuropa\/wp-json\/wp\/v2\/users\/1"}],"replies":[{"embeddable":true,"href":"https:\/\/www.bfv.cloud\/ajedrezeuropa\/wp-json\/wp\/v2\/comments?post=715"}],"version-history":[{"count":1,"href":"https:\/\/www.bfv.cloud\/ajedrezeuropa\/wp-json\/wp\/v2\/posts\/715\/revisions"}],"predecessor-version":[{"id":716,"href":"https:\/\/www.bfv.cloud\/ajedrezeuropa\/wp-json\/wp\/v2\/posts\/715\/revisions\/716"}],"wp:attachment":[{"href":"https:\/\/www.bfv.cloud\/ajedrezeuropa\/wp-json\/wp\/v2\/media?parent=715"}],"wp:term":[{"taxonomy":"category","embeddable":true,"href":"https:\/\/www.bfv.cloud\/ajedrezeuropa\/wp-json\/wp\/v2\/categories?post=715"},{"taxonomy":"post_tag","embeddable":true,"href":"https:\/\/www.bfv.cloud\/ajedrezeuropa\/wp-json\/wp\/v2\/tags?post=715"}],"curies":[{"name":"wp","href":"https:\/\/api.w.org\/{rel}","templated":true}]}}