{"id":717,"date":"2012-08-19T10:34:00","date_gmt":"2012-08-19T10:34:00","guid":{"rendered":"https:\/\/www.bfv.cloud\/ajedrezeuropa\/index.php\/2012\/08\/19\/chessbase-se-hace-eco-de-nuestra-colaboracion-en-la-noche-del-patrimonio\/"},"modified":"2025-11-20T10:21:27","modified_gmt":"2025-11-20T10:21:27","slug":"chessbase-se-hace-eco-de-nuestra-colaboracion-en-la-noche-del-patrimonio","status":"publish","type":"post","link":"https:\/\/www.bfv.cloud\/ajedrezeuropa\/chessbase-se-hace-eco-de-nuestra-colaboracion-en-la-noche-del-patrimonio\/","title":{"rendered":"CHESSBASE SE HACE ECO DE NUESTRA COLABORACI\u00d3N EN LA NOCHE DEL PATRIMONIO"},"content":{"rendered":"<p>\ufeff\ufeff<a href=\"http:\/\/www.chessbase.de\/\"><img decoding=\"async\" align=\"middle\" border=\"0\" height=\"85\" src=\"http:\/\/www.chessbase.com\/espanola\/cbimages\/ChessBaseLogo.jpg\" width=\"83\" \/><\/a><\/p>\n<h3 style=\"text-align: center\"><u>Hoy somos noticia en CHESSBASE:<\/u><\/h3>\n<h3 style=\"border-bottom: medium none;border-left: medium none;border-right: medium none;border-top: medium none\">&nbsp;El equipo period\u00edstico de la mayor empresa mundial relacionada con el ajedrez, la multinacional de origen alem\u00e1n CHESSBASE, ha publicado el siguiente comentario, incluyendo un enlace a nuestra p\u00e1gina, al hacerse eco de nuestra participaci\u00f3n en la \u00abNoche del Patrimonio\u00bb de Alc\u00e1zar de San Juan. Es un honor para todos que una de nuestras nuevas actividades sea destacada, entre otras muchas del mundo del ajedrez que se producen en todo el planeta. <\/h3>\n<h3 style=\"border-bottom: medium none;border-left: medium none;border-right: medium none;border-top: medium none\">Gracias en nombre de NUESTRO AJEDREZ EN EUROPA a los profesionales de CHESSBASE que trabajan en Espa\u00f1a.<\/h3>\n<h3 style=\"border-bottom: medium none;border-left: medium none;border-right: medium none;border-top: medium none\">A continuaci\u00f3n os dejamos con un enlace a la p\u00e1gina espa\u00f1ola de CHESSBASE y con&nbsp;la noticia tal y como&nbsp;se ha publicado:&nbsp;<\/h3>\n<h3 style=\"border-bottom: medium none;border-left: medium none;border-right: medium none;border-top: medium none;text-align: center\">&nbsp;<a href=\"http:\/\/www.chessbase.com\/espanola\/index.asp\">http:\/\/www.chessbase.com\/espanola\/index.asp<\/a><\/h3>\n<div style=\"border-bottom: medium none;border-left: medium none;border-right: medium none;border-top: medium none\">\n<\/div>\n<p>\ufeff <\/p>\n<table cellpadding=\"0\" cellspacing=\"0\" class=\"tr-caption-container\" style=\"clear: right;float: right;margin-bottom: 1em;text-align: right\">\n<tbody>\n<tr>\n<td style=\"text-align: center\"><img fetchpriority=\"high\" decoding=\"async\" height=\"240\" src=\"http:\/\/www.chessbase.com\/espanola\/images\/agrojedrezpatri_entrada.jpg\" style=\"margin-left: auto;margin-right: auto\" width=\"320\" \/><\/td>\n<\/tr>\n<tr>\n<td class=\"tr-caption\" style=\"text-align: center\">Fotocomposici\u00f3n publicada en CHESSBASE<br \/>\npara hacer referencia a la noticia<\/td>\n<\/tr>\n<\/tbody>\n<\/table>\n<p>\ufeff <\/p>\n<div style=\"border-bottom: medium none;border-left: medium none;border-right: medium none;border-top: medium none\"><span style=\"color: #cc0000;font-family: Verdana, sans-serif\"><strong>Castilla La Mancha (Espa\u00f1a) ha albergado dos acontecimientos en los que la dimensi\u00f3n cultural y social del ajedrez ha estado por encima de las referencias deportivas. El pasado 16 de agosto, Alc\u00e1zar de San Juan, ha vuelto a celebrar la \u201cNoche del patrimonio\u201d. En esta ocasi\u00f3n al acontecimiento cultural, divulgativo y festivo del conjunto hist\u00f3rico alcazare\u00f1o se ha a\u00f1adido un reconocimiento al noble y milenario juego del ajedrez. Pueden ver un reportaje gr\u00e1fico en la p\u00e1gina de <\/strong><\/span><a href=\"http:\/\/ajedrezvillafranca.blogspot.com.es\/\" target=\"_blank\"><em><span style=\"color: #cc0000;font-family: Verdana, sans-serif\"><strong>Nuestro ajedrez en Europa&#8230;<\/strong><\/span><\/em><\/a><span style=\"color: #cc0000;font-family: Verdana, sans-serif\"><strong> <\/strong><\/span><\/div>\n<div class=\"separator\" style=\"border-bottom: medium none;border-left: medium none;border-right: medium none;border-top: medium none;clear: both;text-align: center\"><\/div>\n","protected":false},"excerpt":{"rendered":"<p>\ufeff\ufeff Hoy somos noticia en CHESSBASE: &nbsp;El equipo period\u00edstico de la mayor empresa mundial relacionada con el ajedrez, la multinacional de origen alem\u00e1n CHESSBASE, ha publicado el siguiente comentario, incluyendo un enlace a nuestra p\u00e1gina, al hacerse eco de nuestra participaci\u00f3n en la \u00abNoche del Patrimonio\u00bb de Alc\u00e1zar de San Juan. Es un honor para [&hellip;]<\/p>\n","protected":false},"author":1,"featured_media":0,"comment_status":"open","ping_status":"closed","sticky":false,"template":"","format":"standard","meta":{"footnotes":""},"categories":[1],"tags":[],"class_list":["post-717","post","type-post","status-publish","format-standard","hentry","category-noticias"],"_links":{"self":[{"href":"https:\/\/www.bfv.cloud\/ajedrezeuropa\/wp-json\/wp\/v2\/posts\/717","targetHints":{"allow":["GET"]}}],"collection":[{"href":"https:\/\/www.bfv.cloud\/ajedrezeuropa\/wp-json\/wp\/v2\/posts"}],"about":[{"href":"https:\/\/www.bfv.cloud\/ajedrezeuropa\/wp-json\/wp\/v2\/types\/post"}],"author":[{"embeddable":true,"href":"https:\/\/www.bfv.cloud\/ajedrezeuropa\/wp-json\/wp\/v2\/users\/1"}],"replies":[{"embeddable":true,"href":"https:\/\/www.bfv.cloud\/ajedrezeuropa\/wp-json\/wp\/v2\/comments?post=717"}],"version-history":[{"count":1,"href":"https:\/\/www.bfv.cloud\/ajedrezeuropa\/wp-json\/wp\/v2\/posts\/717\/revisions"}],"predecessor-version":[{"id":718,"href":"https:\/\/www.bfv.cloud\/ajedrezeuropa\/wp-json\/wp\/v2\/posts\/717\/revisions\/718"}],"wp:attachment":[{"href":"https:\/\/www.bfv.cloud\/ajedrezeuropa\/wp-json\/wp\/v2\/media?parent=717"}],"wp:term":[{"taxonomy":"category","embeddable":true,"href":"https:\/\/www.bfv.cloud\/ajedrezeuropa\/wp-json\/wp\/v2\/categories?post=717"},{"taxonomy":"post_tag","embeddable":true,"href":"https:\/\/www.bfv.cloud\/ajedrezeuropa\/wp-json\/wp\/v2\/tags?post=717"}],"curies":[{"name":"wp","href":"https:\/\/api.w.org\/{rel}","templated":true}]}}