{"id":723,"date":"2023-03-06T20:44:00","date_gmt":"2023-03-06T20:44:00","guid":{"rendered":"https:\/\/www.bfv.cloud\/ajedrezeuropa\/index.php\/2023\/03\/06\/resultados-muy-destacados-en-las-primeras-competiciones-de-2023\/"},"modified":"2025-11-20T10:21:37","modified_gmt":"2025-11-20T10:21:37","slug":"resultados-muy-destacados-en-las-primeras-competiciones-de-2023","status":"publish","type":"post","link":"https:\/\/www.bfv.cloud\/ajedrezeuropa\/resultados-muy-destacados-en-las-primeras-competiciones-de-2023\/","title":{"rendered":"RESULTADOS MUY DESTACADOS EN LAS PRIMERAS COMPETICIONES DE 2023"},"content":{"rendered":"<table cellpadding=\"0\" cellspacing=\"0\" class=\"tr-caption-container\" style=\"float: left;font-family: Montserrat;font-size: x-large\">\n<tbody>\n<tr>\n<td style=\"text-align: center\"><a href=\"https:\/\/www.bfv.cloud\/ajedrezeuropa\/wp-content\/uploads\/2023\/03\/ANGEL20Y20JAIME20-20copia.jpg\" style=\"clear: left;margin-bottom: 1em;margin-left: auto;margin-right: auto\"><img fetchpriority=\"high\" decoding=\"async\" border=\"0\" data-original-height=\"1399\" data-original-width=\"949\" height=\"400\" src=\"https:\/\/blogger.googleusercontent.com\/img\/b\/R29vZ2xl\/AVvXsEh9uL_4TH_c_56XWxOi1loZlo4oqQFXJc7jFAkf4RZT_5SJVjs7jl-ndPg8zEs6CyaLJ9UDgzt_wJyu7tVBZxlHNfTxifvppYlWVo02xV0BKd8DFtf_mXiRdBJT60PAFmIPCIu0ALzV-mZqoDk_tCi5COIuurbNDtJgeYzFqjQu4VHfxY-T661b6Sa4\/w271-h400\/ANGEL%20Y%20JAIME%20-%20copia.jpg\" width=\"271\" \/><\/a><\/td>\n<\/tr>\n<tr>\n<td class=\"tr-caption\" style=\"text-align: center\"><span style=\"font-size: x-small\">\u00c1ngel Collado y Jaime Vila,&nbsp;<br \/>campeones de Toledo sub16 y sub12<\/span><\/td>\n<\/tr>\n<\/tbody>\n<\/table>\n<p><span style=\"font-family: Montserrat;font-size: large\">Los campeonatos provinciales disputados en los meses de enero y febrero y el primer fin de semana de marzo de 2023, han confirmado la magn\u00edfica evoluci\u00f3n de los jugadores m\u00e1s j\u00f3venes de las escuelas de ajedrez de Alc\u00e1zar de San Juan, Villafranca&nbsp;de&nbsp;los Caballeros e Illescas. Repasamos los resultados obtenidos, comenzando por la \u00faltima competici\u00f3n finalizada:<\/span><\/p>\n<p><span style=\"font-family: Montserrat;font-size: large\"><br \/><\/span><\/p>\n<p><span style=\"font-family: Montserrat;font-size: x-large\">EN EL CAMPEONATO PROVINCIAL POR EDADES DE TOLEDO, DOS CAMPEONES Y UN SUBCAMPE\u00d3N<\/span><\/p>\n<p><span style=\"font-family: Montserrat;font-size: large\"><b>\u00c1ngel Collado Alcolado<\/b> (Nuestro Ajedrez en Europa), campe\u00f3n sub16 tras sumar los 6 puntos posibles; <b>Jaime Vila Castillo<\/b> (Nuestro Ajedrez por la Igualdad), campe\u00f3n sub12 con 5,5 y <b>Alonso L\u00f3pez N\u00fa\u00f1ez<\/b> (Nuestro Ajedrez en Europa), subcampe\u00f3n sub18. El resultado del resto de participantes ha sido el siguiente:&nbsp;<\/p>\n<table cellpadding=\"0\" cellspacing=\"0\" class=\"tr-caption-container\" style=\"float: right\">\n<tbody>\n<tr>\n<td style=\"text-align: center\"><a href=\"https:\/\/www.bfv.cloud\/ajedrezeuropa\/wp-content\/uploads\/2023\/03\/120ALONSO20SUBCAMPEON20TOLEDO20S18.jpeg\" style=\"clear: right;margin-bottom: 1em;margin-left: auto;margin-right: auto\"><img decoding=\"async\" border=\"0\" data-original-height=\"2000\" data-original-width=\"1500\" height=\"400\" src=\"https:\/\/blogger.googleusercontent.com\/img\/b\/R29vZ2xl\/AVvXsEjcVTzvTYtE0rKryuH7pQUYIwHO-bE6KeZNWqhFUVIq7BGZl77llqpcM6baPKYgTheeoHzpa1XOoJp_89PcbDHQ3XYVIMZ9sWgswKfgHBC2uTcXn09WkgmPSOIm-Y9WWD3Xz38T9xb8-wvC1YaxfnWsBV1iwt9yl5ecgPlgiq_EOIZe2AffR4LtnbVH\/w300-h400\/1%20ALONSO%20SUBCAMPEON%20TOLEDO%20S18.jpeg\" width=\"300\" \/><\/a><\/td>\n<\/tr>\n<tr>\n<td class=\"tr-caption\" style=\"text-align: center\">Alonso L\u00f3pez, subcampe\u00f3n juvenil<br \/>Toledo<\/td>\n<\/tr>\n<\/tbody>\n<\/table>\n<p><\/span><\/p>\n<p><span style=\"font-family: Montserrat;font-size: large\">&#8211; (Sub16): <b>\u00d3scar Ortega<\/b> y <b>Fernando Privado <\/b>(Nuestro Ajedrez por la Igualdad), 11\u00ba y 13\u00ba clasificados; <b>Juan Antonio Retana<\/b> (Ajedrez en la Escuela-Illescas), 19\u00ba.<\/span><\/p>\n<p><span style=\"font-family: Montserrat;font-size: large\">&#8211; (Sub14): <b>Aday Berm\u00fadez<\/b> (Ajedrez en la Escuela-Illescas), 11\u00ba.<\/span><\/p>\n<p><span style=\"font-family: Montserrat;font-size: large\">&#8211; (Sub12): <b>Mojamed Ziyat<\/b> (Ajedrez en la Escuela-Illescas), 23\u00ba<\/span><\/p>\n<p><span style=\"font-family: Montserrat;font-size: large\">&#8211; (Sub10): <b>Mario Ortega<\/b> (Nuestro Ajedrez en Europa), 21\u00ba<\/span><\/p>\n<table align=\"center\" cellpadding=\"0\" cellspacing=\"0\" class=\"tr-caption-container\" style=\"margin-left: auto;margin-right: auto\">\n<tbody>\n<tr>\n<td style=\"text-align: center\"><a href=\"https:\/\/www.bfv.cloud\/ajedrezeuropa\/wp-content\/uploads\/2023\/03\/GRUPO20JUGADORES202.jpg\" style=\"margin-left: auto;margin-right: auto\"><img decoding=\"async\" border=\"0\" data-original-height=\"730\" data-original-width=\"1360\" height=\"344\" src=\"https:\/\/blogger.googleusercontent.com\/img\/b\/R29vZ2xl\/AVvXsEhOsio1VBEJSbAZlbrVrhW6PalS2AgihXemt6vDmzASW4SHN0CA50UubbfRXaYSRS6qEmC9zsk456Qmu6ne_H8Pl_otFZhXgL08cOPa-BMHERKLPHoPZk-UL-gcLVwd9eHtsrekYN8hpjXlRWZDIZu_4sMeuWOAnWtCuN8chd80E06uajAUYU6TGVVQ\/w640-h344\/GRUPO%20JUGADORES%202.jpg\" width=\"640\" \/><\/a><\/td>\n<\/tr>\n<tr>\n<td class=\"tr-caption\" style=\"text-align: center\">Algunos de los jugadores participantes en el Escolar de Toledo<\/td>\n<\/tr>\n<\/tbody>\n<\/table>\n<p><span style=\"font-family: Montserrat;font-size: x-large\"><br \/><\/span><\/p>\n<p><span style=\"font-family: Montserrat;font-size: x-large\">EN LAS FASES PROVINCIALES DEL C.R.D.E.E. DE CIUDAD REAL Y TOLEDO, UN CAMPE\u00d3N EN LA CATEGOR\u00cdA CADETE<\/span><\/p>\n<p><span style=\"font-family: Montserrat\"><\/p>\n<table cellpadding=\"0\" cellspacing=\"0\" class=\"tr-caption-container\" style=\"float: right;font-size: x-large\">\n<tbody>\n<tr>\n<td style=\"text-align: center\"><a href=\"https:\/\/www.bfv.cloud\/ajedrezeuropa\/wp-content\/uploads\/2023\/03\/ANGEL20COLLADO.jpeg\" style=\"clear: right;margin-bottom: 1em;margin-left: auto;margin-right: auto\"><img loading=\"lazy\" decoding=\"async\" border=\"0\" data-original-height=\"2048\" data-original-width=\"2048\" height=\"320\" src=\"https:\/\/blogger.googleusercontent.com\/img\/b\/R29vZ2xl\/AVvXsEgLK5jltijZ0zT8mG9zXJn1qeICcv5SH4jbMrQ48nEzq23hj6bpQMhHO6dxXl4h0vyLpynWtQU_0zD__THvNShxkttH7CWC7qHJ4Nx51CIsFnu4bO1n-1R_rsmSY9Oeelgk_xWfO3C6ER84_soArnZWSErT5IKYquBZCWF9uHNnr-lFB-4F46i0q49P\/s320\/ANGEL%20COLLADO.jpeg\" width=\"320\" \/><\/a><\/td>\n<\/tr>\n<tr>\n<td class=\"tr-caption\" style=\"text-align: center\"><span style=\"font-size: x-small\">\u00c1ngel Collado, campe\u00f3n cadete<br \/>Escolar de Ciudad Real<\/span><\/td>\n<\/tr>\n<\/tbody>\n<\/table>\n<p><span style=\"font-size: large\">Las fases provinciales del Campeonato Regional del Deporte en Edad Escolar (CRDEE) disputadas durante los meses de enero y febrero, tambi\u00e9n ofrecieron un gran nivel de juego por parte de los numerosos participantes de las escuelas de ajedrez de Alc\u00e1zar, Illescas, Consuegra y Villafranca. Los 14 participantes del Escolar de Ciudad Real son alumnos de la escuela de ajedrez de Alc\u00e1zar, destacando el oro conseguido en la categor\u00eda cadete por&nbsp;<b>\u00c1ngel Collado<\/b>, logrando de esta manera su clasificaci\u00f3n para la fase regional. En la categor\u00eda infantil fueron 13 los jugadores que participaron, con actuaciones muy destacadas: 5\u00ba clasificado, <b>Luis Arias Riveira<\/b>; 4\u00aa clasificada femenina, <b>Elvira Cicuendez Quino<\/b>; 10\u00ba <b>Santiago Linares<\/b>; 12\u00ba <b>Jaime Vila<\/b>; 16\u00ba <b>Pablo D\u00edaz-Oliver<\/b>; 20\u00ba <b>Alonso Linares<\/b>; 24\u00ba <b>Unai Ortega<\/b>; 29\u00ba <b>Jorge Arias<\/b>; 36\u00ba <b>Carlos Morales<\/b>; 48\u00ba <b>Diego Katwala<\/b>; 51\u00ba <b>Sergio Chocano<\/b>; 53\u00ba <b>Alejandro Katwala<\/b>; 67\u00ba <b>Hugo Fern\u00e1ndez-Caballero<\/b>.<\/span><\/span><\/p>\n<table align=\"center\" cellpadding=\"0\" cellspacing=\"0\" class=\"tr-caption-container\" style=\"margin-left: auto;margin-right: auto\">\n<tbody>\n<tr>\n<td style=\"text-align: center\"><a href=\"https:\/\/www.bfv.cloud\/ajedrezeuropa\/wp-content\/uploads\/2023\/03\/GRUPO20ESCOLAR20CIUDAD20REAL.jpg\" style=\"margin-left: auto;margin-right: auto\"><img loading=\"lazy\" decoding=\"async\" border=\"0\" data-original-height=\"2048\" data-original-width=\"2048\" height=\"640\" src=\"https:\/\/blogger.googleusercontent.com\/img\/b\/R29vZ2xl\/AVvXsEi5hAmlsV27eVzCsIfl9Fg4r1RZyJGf4sQdBifDazcEKJlgHOCmCIrmOjBiD4KE-4zb19lbQsmmT28xHGbAw5JzPR8qpazVu0W57CE0v5tchPoKvzkeU99dU-qP5t8y-zZXBO9gl-CaDmjhbtOB3shn1vA_ROpmOGrGv69I04rK0bd9ABS57D1lglaJ\/w640-h640\/GRUPO%20ESCOLAR%20CIUDAD%20REAL.jpg\" width=\"640\" \/><\/a><\/td>\n<\/tr>\n<tr>\n<td class=\"tr-caption\" style=\"text-align: center\">Grupo jugadores en Escolar de Ciuda Real recogen el trofeo al 3\u00ba equipo mejor clasificado&nbsp;<br \/>en la categor\u00eda infantil<\/td>\n<\/tr>\n<\/tbody>\n<\/table>\n<p><span style=\"font-family: Montserrat;font-size: large\">Por otra parte, los 14 j\u00f3venes representantes en el Escolar de Toledo perteneciente a las escuelas de ajedrez de Villafranca, Illescas y Consuegra obtuvieron las siguientes posiciones:<\/span><\/p>\n<p><span style=\"font-family: Montserrat;font-size: large\">CRDEE cadete: 10\u00ba <b>Fernando Privado<\/b> (EA Villafranca); 14\u00ba <b>\u00d3scar Ortega<\/b> (EA Villafranca); 16\u00ba <b>Juan Antonio Retana<\/b> (EA Illescas); 4\u00aa clasificada femenina, <b>Amalia Santacruz<\/b> (EA Consuegra).<\/span><\/p>\n<p><span style=\"font-family: Montserrat;font-size: large\">CRDEE infantil: 30\u00ba <b>Aday Berm\u00fadez <\/b>(EA Illescas); 45\u00ba <b>F\u00e9lix Tarilonte<\/b> (EA Villafranca); 49\u00ba <b>Omar Benammou<\/b> (EA Villafranca); 61\u00ba <b>Mojamed Ziyat<\/b> (EA Illescas); 80\u00ba <b>Alberto Valle<\/b> (EA Consuegra) de 117 participantes.<\/span><\/p>\n<p><span style=\"font-family: Montserrat;font-size: large\">La competici\u00f3n se complet\u00f3 con la categor\u00eda de promoci\u00f3n deportiva donde compitieron los m\u00e1s peque\u00f1os. Un total de 116 ni\u00f1os y ni\u00f1as menores de 9 a\u00f1os en un torneo que busca, fundamentalmente, el acercar a los alumnos y las alumnas de menor edad a conocer las normas de juego. Aqu\u00ed los participantes fueron de las escuelas de Villafranca y Consuegra, quedando en las siguientes posiciones: 6\u00ba <b>Mario Ortega<\/b> (EA Villafranca); 8\u00ba <b>V\u00edctor Mo\u00f1ino<\/b> (EA Villafranca); 10\u00ba <b>Manuel Casanova<\/b> (EA Consuegra); 4\u00aa plaza femenina, <b>Noelia Mo\u00f1ino<\/b> (EA Villafranca); 6\u00aa plaza femenina, <b>Meryem Benammou.<\/b><\/span><\/p>\n<p><span style=\"font-family: Montserrat;font-size: large\"><\/p>\n<table align=\"center\" cellpadding=\"0\" cellspacing=\"0\" class=\"tr-caption-container\" style=\"margin-left: auto;margin-right: auto\">\n<tbody>\n<tr>\n<td style=\"text-align: center\"><a href=\"https:\/\/www.bfv.cloud\/ajedrezeuropa\/wp-content\/uploads\/2023\/03\/GRUPO20JUGADORES201.jpg\" style=\"margin-left: auto;margin-right: auto\"><img loading=\"lazy\" decoding=\"async\" border=\"0\" data-original-height=\"825\" data-original-width=\"1390\" height=\"380\" src=\"https:\/\/blogger.googleusercontent.com\/img\/b\/R29vZ2xl\/AVvXsEg2qjpQRd0tatpoO3CxOVq7uBwGz7zLP4JOIlNTyezc0iE67zjsMyYTCia6r_oO22tWOlaMTdvm_I0qQez349iFkRsMw8pm9rQmCyRTDjdTItxFDjLHNPBeRpzyoMvkaQvJI9dfigi5JBBCOf_zD-T6WngL2xFfNd_Uq3I3q2dDCTIs6Q5VXTQ2TsUu\/w640-h380\/GRUPO%20JUGADORES%201.jpg\" width=\"640\" \/><\/a><\/td>\n<\/tr>\n<tr>\n<td class=\"tr-caption\" style=\"text-align: center\">M\u00e1s jugadores del Escolar de Toledo<\/td>\n<\/tr>\n<\/tbody>\n<\/table>\n<p><b><br \/><\/b><\/span><\/p>\n<p><span style=\"font-family: Montserrat;font-size: large\">CAMPEONATOS EN MARCHA Y PR\u00d3XIMAS COMPETICIONES OFICIALES<\/span><\/p>\n<p><span style=\"font-family: Montserrat;font-size: large\">El pasado fin de semana se iniciaba en Valdepe\u00f1as el Campeonato Provincial por Edades de Ciudad Real con 10 chicos y una chica integrantes de los clubes de Nuestro Ajedrez en Europa y Nuestro Ajedrez por la Igualdad entre los participantes de las distintas edades.<\/span><\/p>\n<p><span style=\"font-family: Montserrat;font-size: large\">Una cita pr\u00f3xima y muy importante en el calendario ajedrec\u00edstico regional ser\u00e1 el Campeonato de Castilla-La Mancha por Edades que se disputar\u00e1 del 31 de marzo al 3 de abril en Albacete. All\u00ed est\u00e1 prevista la participaci\u00f3n de nuestros campeones provinciales junto a otros destacados jugadores del proyecto hasta un total de 9 ajedrecistas dentro de las categor\u00edas sub10, sub12, sub14, sub16 y sub18.<\/span><\/p>\n","protected":false},"excerpt":{"rendered":"<p>\u00c1ngel Collado y Jaime Vila,&nbsp;campeones de Toledo sub16 y sub12 Los campeonatos provinciales disputados en los meses de enero y febrero y el primer fin de semana de marzo de 2023, han confirmado la magn\u00edfica evoluci\u00f3n de los jugadores m\u00e1s j\u00f3venes de las escuelas de ajedrez de Alc\u00e1zar de San Juan, Villafranca&nbsp;de&nbsp;los Caballeros e Illescas. [&hellip;]<\/p>\n","protected":false},"author":1,"featured_media":724,"comment_status":"open","ping_status":"closed","sticky":false,"template":"","format":"standard","meta":{"footnotes":""},"categories":[1],"tags":[],"class_list":["post-723","post","type-post","status-publish","format-standard","has-post-thumbnail","hentry","category-noticias"],"_links":{"self":[{"href":"https:\/\/www.bfv.cloud\/ajedrezeuropa\/wp-json\/wp\/v2\/posts\/723","targetHints":{"allow":["GET"]}}],"collection":[{"href":"https:\/\/www.bfv.cloud\/ajedrezeuropa\/wp-json\/wp\/v2\/posts"}],"about":[{"href":"https:\/\/www.bfv.cloud\/ajedrezeuropa\/wp-json\/wp\/v2\/types\/post"}],"author":[{"embeddable":true,"href":"https:\/\/www.bfv.cloud\/ajedrezeuropa\/wp-json\/wp\/v2\/users\/1"}],"replies":[{"embeddable":true,"href":"https:\/\/www.bfv.cloud\/ajedrezeuropa\/wp-json\/wp\/v2\/comments?post=723"}],"version-history":[{"count":1,"href":"https:\/\/www.bfv.cloud\/ajedrezeuropa\/wp-json\/wp\/v2\/posts\/723\/revisions"}],"predecessor-version":[{"id":730,"href":"https:\/\/www.bfv.cloud\/ajedrezeuropa\/wp-json\/wp\/v2\/posts\/723\/revisions\/730"}],"wp:featuredmedia":[{"embeddable":true,"href":"https:\/\/www.bfv.cloud\/ajedrezeuropa\/wp-json\/wp\/v2\/media\/724"}],"wp:attachment":[{"href":"https:\/\/www.bfv.cloud\/ajedrezeuropa\/wp-json\/wp\/v2\/media?parent=723"}],"wp:term":[{"taxonomy":"category","embeddable":true,"href":"https:\/\/www.bfv.cloud\/ajedrezeuropa\/wp-json\/wp\/v2\/categories?post=723"},{"taxonomy":"post_tag","embeddable":true,"href":"https:\/\/www.bfv.cloud\/ajedrezeuropa\/wp-json\/wp\/v2\/tags?post=723"}],"curies":[{"name":"wp","href":"https:\/\/api.w.org\/{rel}","templated":true}]}}