{"id":731,"date":"2015-03-10T21:47:00","date_gmt":"2015-03-10T21:47:00","guid":{"rendered":"https:\/\/www.bfv.cloud\/ajedrezeuropa\/index.php\/2015\/03\/10\/el-provincial-por-edades-de-ciudad-real-a-falta-de-una-jornada\/"},"modified":"2025-11-20T10:21:43","modified_gmt":"2025-11-20T10:21:43","slug":"el-provincial-por-edades-de-ciudad-real-a-falta-de-una-jornada","status":"publish","type":"post","link":"https:\/\/www.bfv.cloud\/ajedrezeuropa\/el-provincial-por-edades-de-ciudad-real-a-falta-de-una-jornada\/","title":{"rendered":"EL PROVINCIAL POR EDADES DE CIUDAD REAL A FALTA DE UNA JORNADA"},"content":{"rendered":"<table cellpadding=\"0\" cellspacing=\"0\" class=\"tr-caption-container\" style=\"float: right;margin-left: 1em;text-align: right\">\n<tbody>\n<tr>\n<td style=\"text-align: center\"><a href=\"https:\/\/www.bfv.cloud\/ajedrezeuropa\/wp-content\/uploads\/2015\/03\/SAM_1576.jpg\" style=\"clear: right;margin-bottom: 1em;margin-left: auto;margin-right: auto\"><img fetchpriority=\"high\" decoding=\"async\" border=\"0\" src=\"https:\/\/www.bfv.cloud\/ajedrezeuropa\/wp-content\/uploads\/2015\/03\/SAM_1576.jpg\" height=\"250\" width=\"400\" \/><\/a><\/td>\n<\/tr>\n<tr>\n<td class=\"tr-caption\" style=\"text-align: center\">Angel Carrasco ocupa la 4\u00aa posici\u00f3n con 4 puntos<\/td>\n<\/tr>\n<\/tbody>\n<\/table>\n<p><span style=\"font-family: Trebuchet MS, sans-serif\">El pasado fin de semana comenz\u00f3 en el pabell\u00f3n Esteban L\u00f3pez Vega de Valdepe\u00f1as el Campeonato Provincial por Edades de Ciudad Real. La doble jornada se disput\u00f3 el s\u00e1bado por la tarde y el domingo por la ma\u00f1ana, a raz\u00f3n de 3 partidas por sesi\u00f3n para los sub-8 y sub-10, mientras que los sub-12, sub-14, sub-16 y sub-18 jugaron 2 rondas en cada una de ellas.<\/span><\/p>\n<table align=\"center\" cellpadding=\"0\" cellspacing=\"0\" class=\"tr-caption-container\" style=\"margin-left: auto;margin-right: auto;text-align: center\">\n<tbody>\n<tr>\n<td style=\"text-align: center\"><a href=\"https:\/\/www.bfv.cloud\/ajedrezeuropa\/wp-content\/uploads\/2015\/03\/SAM_1580.jpg\" style=\"margin-left: auto;margin-right: auto\"><img decoding=\"async\" border=\"0\" src=\"https:\/\/www.bfv.cloud\/ajedrezeuropa\/wp-content\/uploads\/2015\/03\/SAM_1580.jpg\" height=\"322\" width=\"640\" \/><\/a><\/td>\n<\/tr>\n<tr>\n<td class=\"tr-caption\" style=\"text-align: center\">Los organizadores de Valdepe\u00f1as han cuidado los detalles. Cada pueblo cuenta con un lugar para<br \/>\nreproducir partidas y dejar las prendas de los jugadores.<\/td>\n<\/tr>\n<\/tbody>\n<\/table>\n<p><\/p>\n<table cellpadding=\"0\" cellspacing=\"0\" class=\"tr-caption-container\" style=\"float: left;margin-right: 1em;text-align: left\">\n<tbody>\n<tr>\n<td style=\"text-align: center\"><a href=\"https:\/\/www.bfv.cloud\/ajedrezeuropa\/wp-content\/uploads\/2015\/03\/SAM_1574.jpg\" style=\"clear: left;margin-bottom: 1em;margin-left: auto;margin-right: auto\"><img decoding=\"async\" border=\"0\" src=\"https:\/\/www.bfv.cloud\/ajedrezeuropa\/wp-content\/uploads\/2015\/03\/SAM_1574.jpg\" height=\"222\" width=\"400\" \/><\/a><\/td>\n<\/tr>\n<tr>\n<td class=\"tr-caption\" style=\"text-align: center\">Sergio Arias en su primer provincial por edades<\/td>\n<\/tr>\n<\/tbody>\n<\/table>\n<p><span style=\"font-family: Trebuchet MS, sans-serif\">En esta ocasi\u00f3n, los 17 participantes de la escuela de ajedrez de Alc\u00e1zar de San Juan se distribuyen por todas las categor\u00edas, destacando por el n\u00famero de jugadores la sub-14, con 6 chicos y chicas, y la sub-10 con 4.&nbsp;<\/span><br \/>\n<span style=\"font-family: Trebuchet MS, sans-serif\">En la categor\u00eda sub-8, el peque\u00f1o \u00c1ngel Carrasco, debut\u00f3 en competici\u00f3n sumando 4 puntos de los 6 posibles, ocupando una destacada 4\u00aa posici\u00f3n. En sub-10 la clasificaci\u00f3n provisional despu\u00e9s de 6 rondas depara la 1\u00aa plaza femenina para Nuria Lozano y la 5\u00aa para Roc\u00edo Arias, en tanto que Rafael Carrasco ocupa la 11\u00aa posici\u00f3n con 3 puntos y Segio Arias es 22\u00ba con 2 puntos. El sub-12 tambi\u00e9n mantiene en posiciones muy destacadas a nuestros 3 jugadores, a pesar de ser todos ellos principiantes en este tipo de campeonatos: Arsenio L\u00f3pez es 6\u00ba con 2,5 puntos; Daniel Climent es 12\u00ba con 2 puntos, y Clara Vela es 2\u00aa femenina tras haber sumado 1,5 puntos en las 4 primeras rondas.&nbsp;<\/span><\/p>\n<table cellpadding=\"0\" cellspacing=\"0\" class=\"tr-caption-container\" style=\"float: left;margin-right: 1em;text-align: left\">\n<tbody>\n<tr>\n<td style=\"text-align: center\"><a href=\"https:\/\/www.bfv.cloud\/ajedrezeuropa\/wp-content\/uploads\/2015\/03\/SAM_1578.jpg\" style=\"clear: left;margin-bottom: 1em;margin-left: auto;margin-right: auto\"><img loading=\"lazy\" decoding=\"async\" border=\"0\" src=\"https:\/\/www.bfv.cloud\/ajedrezeuropa\/wp-content\/uploads\/2015\/03\/SAM_1578.jpg\" height=\"240\" width=\"320\" \/><\/a><\/td>\n<\/tr>\n<tr>\n<td class=\"tr-caption\" style=\"text-align: center\">Isabel Marcos-Alberca encabeza la clasificaci\u00f3n<br \/>\nfemenina del sub-14<\/td>\n<\/tr>\n<\/tbody>\n<\/table>\n<p><span style=\"font-family: Trebuchet MS, sans-serif\">En la categor\u00eda sub-14, a falta de 2 rondas, hay grandes posibilidades de obtener un t\u00edtulo provincial gracias a las brillantes actuaciones de:<\/span><\/p>\n<div style=\"text-align: center\">\n<span style=\"font-family: Trebuchet MS, sans-serif\">Julio M\u00e9rida (4\u00ba) con 3 puntos<\/span><br \/>\n<span style=\"font-family: Trebuchet MS, sans-serif\">Isabel Marcos-Alberca (1\u00aaF) con 2,5 puntos<\/span><br \/>\n<span style=\"font-family: Trebuchet MS, sans-serif\">Arturo Mate (9\u00ba) con 2 puntos<\/span><br \/>\n<span style=\"font-family: Trebuchet MS, sans-serif\">Enrique Velasco (12\u00ba) 2 puntos<\/span><br \/>\n<span style=\"font-family: Trebuchet MS, sans-serif\">Pablo Vela (14\u00ba) 2 puntos<\/span><br \/>\n<span style=\"font-family: Trebuchet MS, sans-serif\">Rub\u00e9n Monge (20\u00ba) 0 puntos<\/span><\/p>\n<div style=\"text-align: left\">\n<span style=\"font-family: Trebuchet MS, sans-serif\">Javier Valdepe\u00f1as con 3,5 puntos encabeza el sub-16, mientras Marta Espinosa con 1 punto ocupa la 3\u00aa plaza femenina.<\/span><\/div>\n<div style=\"text-align: left\">\n<span style=\"font-family: Trebuchet MS, sans-serif\">El \u00fanico jugador alcazare\u00f1o en la categor\u00eda sub-18 es Cosimo Leonardo De Giorgi, que a falta de una sola ronda ha obtenido 1,5 puntos y se encuentra en la 3\u00aa posici\u00f3n.<\/span><\/div>\n<div style=\"text-align: left\">\n<span style=\"font-family: Trebuchet MS, sans-serif\">El pr\u00f3ximo domingo finalizar\u00e1 el provincial por edades de Ciudad Real, quedando 12 d\u00edas para el comienzo del Campeonato Regional por Edades que volver\u00e1 a Horche por segundo a\u00f1o consecutivo.&nbsp;<\/span><\/div>\n<\/div>\n","protected":false},"excerpt":{"rendered":"<p>Angel Carrasco ocupa la 4\u00aa posici\u00f3n con 4 puntos El pasado fin de semana comenz\u00f3 en el pabell\u00f3n Esteban L\u00f3pez Vega de Valdepe\u00f1as el Campeonato Provincial por Edades de Ciudad Real. La doble jornada se disput\u00f3 el s\u00e1bado por la tarde y el domingo por la ma\u00f1ana, a raz\u00f3n de 3 partidas por sesi\u00f3n para [&hellip;]<\/p>\n","protected":false},"author":1,"featured_media":732,"comment_status":"open","ping_status":"closed","sticky":false,"template":"","format":"standard","meta":{"footnotes":""},"categories":[1],"tags":[],"class_list":["post-731","post","type-post","status-publish","format-standard","has-post-thumbnail","hentry","category-noticias"],"_links":{"self":[{"href":"https:\/\/www.bfv.cloud\/ajedrezeuropa\/wp-json\/wp\/v2\/posts\/731","targetHints":{"allow":["GET"]}}],"collection":[{"href":"https:\/\/www.bfv.cloud\/ajedrezeuropa\/wp-json\/wp\/v2\/posts"}],"about":[{"href":"https:\/\/www.bfv.cloud\/ajedrezeuropa\/wp-json\/wp\/v2\/types\/post"}],"author":[{"embeddable":true,"href":"https:\/\/www.bfv.cloud\/ajedrezeuropa\/wp-json\/wp\/v2\/users\/1"}],"replies":[{"embeddable":true,"href":"https:\/\/www.bfv.cloud\/ajedrezeuropa\/wp-json\/wp\/v2\/comments?post=731"}],"version-history":[{"count":1,"href":"https:\/\/www.bfv.cloud\/ajedrezeuropa\/wp-json\/wp\/v2\/posts\/731\/revisions"}],"predecessor-version":[{"id":736,"href":"https:\/\/www.bfv.cloud\/ajedrezeuropa\/wp-json\/wp\/v2\/posts\/731\/revisions\/736"}],"wp:featuredmedia":[{"embeddable":true,"href":"https:\/\/www.bfv.cloud\/ajedrezeuropa\/wp-json\/wp\/v2\/media\/732"}],"wp:attachment":[{"href":"https:\/\/www.bfv.cloud\/ajedrezeuropa\/wp-json\/wp\/v2\/media?parent=731"}],"wp:term":[{"taxonomy":"category","embeddable":true,"href":"https:\/\/www.bfv.cloud\/ajedrezeuropa\/wp-json\/wp\/v2\/categories?post=731"},{"taxonomy":"post_tag","embeddable":true,"href":"https:\/\/www.bfv.cloud\/ajedrezeuropa\/wp-json\/wp\/v2\/tags?post=731"}],"curies":[{"name":"wp","href":"https:\/\/api.w.org\/{rel}","templated":true}]}}