{"id":737,"date":"2017-04-05T14:19:00","date_gmt":"2017-04-05T14:19:00","guid":{"rendered":"https:\/\/www.bfv.cloud\/ajedrezeuropa\/index.php\/2017\/04\/05\/toledo-y-ciudad-real-entregan-nuevos-titulos-a-nuestros-ajedrecistas\/"},"modified":"2025-11-20T10:21:48","modified_gmt":"2025-11-20T10:21:48","slug":"toledo-y-ciudad-real-entregan-nuevos-titulos-a-nuestros-ajedrecistas","status":"publish","type":"post","link":"https:\/\/www.bfv.cloud\/ajedrezeuropa\/toledo-y-ciudad-real-entregan-nuevos-titulos-a-nuestros-ajedrecistas\/","title":{"rendered":"TOLEDO Y CIUDAD REAL ENTREGAN NUEVOS T\u00cdTULOS A NUESTROS AJEDRECISTAS"},"content":{"rendered":"<div class=\"separator\" style=\"clear: both;text-align: center\">\n<\/div>\n<table cellpadding=\"0\" cellspacing=\"0\" class=\"tr-caption-container\" style=\"float: right;margin-left: 1em;text-align: right\">\n<tbody>\n<tr>\n<td style=\"text-align: center\"><a href=\"https:\/\/www.bfv.cloud\/ajedrezeuropa\/wp-content\/uploads\/2017\/04\/IMG-20170402-WA0000.jpg\" style=\"clear: right;margin-bottom: 1em;margin-left: auto;margin-right: auto\"><img fetchpriority=\"high\" decoding=\"async\" border=\"0\" height=\"238\" src=\"https:\/\/blogger.googleusercontent.com\/img\/b\/R29vZ2xl\/AVvXsEhKf0o6r2KnPPgooFtGpxlrqMyUZ6DS-ZW216tdWZ9GH6oM5Nqouk2U-7rhsJBEm1hcm7GuomsWo5Sash_1-xlVPOLX1nEiOLYEyhxVOaPXNptRbs5Sd1wOmEx4UC_kACMkSekkg1OC938\/s400\/IMG-20170402-WA0000.jpg\" width=\"400\" \/><\/a><\/td>\n<\/tr>\n<tr>\n<td class=\"tr-caption\" style=\"text-align: center\">Irene Sim\u00f3n recoge su trofeo de campeona provincial y Alonso L\u00f3pez<br \/>el trofeo que le acredita como mejor jugador clasificado<br \/>con un Elo FIDE inferior a 1.600 puntos<\/td>\n<\/tr>\n<\/tbody>\n<\/table>\n<div style=\"text-align: left\">\n<span style=\"font-family: Verdana, sans-serif;font-size: large\">Los dos \u00faltimos fines de semana han dejado nuevos t\u00edtulos provinciales en manos de nuestros ajedrecistas de la escuela de Villafranca. El pasado domingo finalizaba en Toledo el Campeonato Provincial Absoluto, Femenino y Veterano, dejando a Irene Sim\u00f3n Escalona con el t\u00edtulo de campeona tras lograr 5 puntos en 7 partidas y situarse en la 4\u00aa plaza de la clasificaci\u00f3n final absoluta. Este magn\u00edfico resultado le sirve, adem\u00e1s, para sumar 76 puntos en su valoraci\u00f3n de Elo FIDE.&nbsp;<\/span><\/div>\n<div style=\"text-align: left\">\n<span style=\"font-family: Verdana, sans-serif;font-size: large\">Gracias a los 4,5 puntos obtenidos, tambi\u00e9n quedaban entre los 9 primeros puestos del torneo los hermanos Roberto y Alonso L\u00f3pez N\u00fa\u00f1ez. Por su parte, Alfredo Amador And\u00fajar, sumaba 4 puntos y se situaba en la 12\u00aa plaza. La representaci\u00f3n de nuestros clubes se completaba con Jes\u00fas M\u00aa Bricio G\u00aa de la Torre, que se quedaba con 2,5 puntos tras no poder disputar la \u00faltima ronda.<\/span><\/div>\n<div style=\"text-align: left\">\n<span style=\"font-family: Verdana, sans-serif;font-size: large\"><br \/><\/span><\/div>\n<div style=\"text-align: left\">\n<span style=\"font-family: Verdana, sans-serif;font-size: large\"><i><u>Javier Valdepe\u00f1as y Nuria Lozano campeones por edades en Ciudad Real<\/u><\/i><\/span><\/div>\n<div style=\"text-align: left\">\n<span style=\"font-family: Verdana, sans-serif;font-size: large\"><i><u><br \/><\/u><\/i><\/span><\/div>\n<table align=\"center\" cellpadding=\"0\" cellspacing=\"0\" class=\"tr-caption-container\" style=\"margin-left: auto;margin-right: auto;text-align: center\">\n<tbody>\n<tr>\n<td style=\"text-align: center\"><a href=\"https:\/\/www.bfv.cloud\/ajedrezeuropa\/wp-content\/uploads\/2017\/04\/IMG-20170326-WA0013.jpg\" style=\"margin-left: auto;margin-right: auto\"><img decoding=\"async\" border=\"0\" height=\"338\" src=\"https:\/\/blogger.googleusercontent.com\/img\/b\/R29vZ2xl\/AVvXsEg4OJQDa3k7zCFflsLMXRGzKqE2CIFqJzbIGk6v4E1L6wti91UDdHTB1EwY4dCMmmK9xj6O1Rn979RO76IUfMTWMz4PQlbWbXbduocbyKnt-XGvk1CRfmu2S9tSS9XK7Crnkm9BGJ6hfKs\/s640\/IMG-20170326-WA0013.jpg\" width=\"640\" \/><\/a><\/td>\n<\/tr>\n<tr>\n<td class=\"tr-caption\" style=\"text-align: center\">12 de los 15 participantes en este provincial por edades de Ciudad Real, con 4 de ell@s<br \/>con sus respectivos trofeos<\/td>\n<\/tr>\n<\/tbody>\n<\/table>\n<div style=\"text-align: left\">\n<span style=\"font-family: Verdana, sans-serif;font-size: large\"><i><u><br \/><\/u><\/i><\/span><\/div>\n<div style=\"text-align: left\">\n<span style=\"font-family: Verdana, sans-serif;font-size: large\">El \u00faltimo fin de semana de marzo dejaba otros 2 t\u00edtulos provinciales para un chico y una chica de la escuela alcazare\u00f1a. En sub-18, Javier Valdepe\u00f1as Octavio, venc\u00eda con claridad con 5 puntos de los 6 posibles. <\/p>\n<table cellpadding=\"0\" cellspacing=\"0\" class=\"tr-caption-container\" style=\"float: right;margin-left: 1em;text-align: right\">\n<tbody>\n<tr>\n<td style=\"text-align: center\"><a href=\"https:\/\/www.bfv.cloud\/ajedrezeuropa\/wp-content\/uploads\/2017\/04\/IMG_20170326_141909.jpg\" style=\"clear: right;margin-bottom: 1em;margin-left: auto;margin-right: auto\"><img decoding=\"async\" border=\"0\" height=\"270\" src=\"https:\/\/blogger.googleusercontent.com\/img\/b\/R29vZ2xl\/AVvXsEgoQ2My_9HKJjnohm_AARvsZPEPGLo5YibO1l7pk8vopL_S6L29UuBxhZkNIVvgvb_rdePWxH8w7sp4TE1MHs2lfHuK_i_5wVmoJ_Kn90FgNjG9VirxvrKkXeIrB6w-PDNSl8wNz-0tSrY\/s400\/IMG_20170326_141909.jpg\" width=\"400\" \/><\/a><\/td>\n<\/tr>\n<tr>\n<td class=\"tr-caption\" style=\"text-align: center\">Nuria lozano, nuevamente campeona sub-12 de<br \/>Ciudad Real<\/td>\n<\/tr>\n<\/tbody>\n<\/table>\n<p>Mientras, en la categor\u00eda sub-12, Nuria Lozano Serrano, se proclamaba campeona provincial una vez m\u00e1s. En la categor\u00eda femenina del sub-16 y del sub-14 obten\u00edan la medalla de plata: Isabel Marcos-Alberca Lizcano y Clara Vela Adri\u00e1n, respectivamente. Los otros 11 chicos y chicas quedaban en las siguientes posiciones, en cada una de las categor\u00edas de edad:<\/span><\/div>\n<table cellpadding=\"0\" cellspacing=\"0\" class=\"tr-caption-container\" style=\"float: left;margin-right: 1em;text-align: left\">\n<tbody>\n<tr>\n<td style=\"text-align: center\"><a href=\"https:\/\/www.bfv.cloud\/ajedrezeuropa\/wp-content\/uploads\/2017\/04\/IMG_20170326_142742.jpg\" style=\"clear: left;margin-bottom: 1em;margin-left: auto;margin-right: auto\"><img loading=\"lazy\" decoding=\"async\" border=\"0\" height=\"400\" src=\"https:\/\/blogger.googleusercontent.com\/img\/b\/R29vZ2xl\/AVvXsEj85-Y-mUaOySP55bHxebzEOlzMLxmbhZM9KKB9tW1e4u9wv3I1U1MFgow89MfMaEkftrZifBH42hrcjk0D-uQ-iJsiPNlNHCM1432v8NqiBs2KCaRCeRddsNa4MmuRDRsyZeA6Upohe98\/s400\/IMG_20170326_142742.jpg\" width=\"195\" \/><\/a><\/td>\n<\/tr>\n<tr>\n<td class=\"tr-caption\" style=\"text-align: center\">Javier Valdepe\u00f1as, campe\u00f3n juvenil<\/td>\n<\/tr>\n<\/tbody>\n<\/table>\n<div style=\"text-align: left\">\n<span style=\"font-family: Verdana, sans-serif;font-size: large\"><i>Sub-16: Enrique Velasco Aragon\u00e9s (6\u00ba); Julio M\u00e9rida Ortiz (7\u00ba); Pablo Vela Adri\u00e1n (13\u00ba).<\/i><\/span><\/div>\n<div style=\"text-align: left\">\n<span style=\"font-family: Verdana, sans-serif;font-size: large\"><i>Sub-14: Daniel Climent Castillo (5\u00ba); Roberto Yeghiazaryan Petrosyan (12\u00ba); Arsenio L\u00f3pez Ochoa (13\u00ba).&nbsp;<\/i><\/span><\/div>\n<div style=\"text-align: left\">\n<span style=\"font-family: Verdana, sans-serif;font-size: large\"><i>Sub-12: Adri\u00e1n Alhambra Rubio (12\u00ba); Marta Vela Adri\u00e1n (4\u00aa femenina); Rafael Carrasco Blazquez (23\u00ba).<\/i><\/span><\/div>\n<div style=\"text-align: left\">\n<span style=\"font-family: Verdana, sans-serif;font-size: large\"><i>Sub-10: Pablo Mart\u00edn Fontecha (17\u00ba); \u00c1ngel Carrasco Blazquez (22\u00ba)<\/i><\/span><\/div>\n<div style=\"text-align: left\">\n<span style=\"font-family: Verdana, sans-serif;font-size: large\"><i><br \/><\/i><\/span><\/div>\n<div style=\"text-align: center\">\n<span style=\"color: blue;font-family: Verdana, sans-serif;font-size: large\"><u><br \/><\/u><\/span><\/div>\n<div style=\"text-align: center\">\n<span style=\"color: blue;font-family: Verdana, sans-serif;font-size: large\"><u>CAMPEONATO POR EDADES DE&nbsp;<\/u><\/span><\/div>\n<div style=\"text-align: center\">\n<span style=\"color: blue;font-family: Verdana, sans-serif;font-size: large\"><u>CASTILLA-LA MANCHA<\/u><\/span><\/div>\n<div style=\"text-align: left\">\n<span style=\"color: blue;font-family: Verdana, sans-serif;font-size: large\">Recordamos que este viernes 7 de abril comienza el Campeonato Regional por Categor\u00edas con la participaci\u00f3n de 19 chicos y chicas de nuestras escuelas de ajedrez de Alc\u00e1zar y Villafranca. De ellos, 5 son campeones de sus respectivas categor\u00edas en las provincias de Toledo y Ciudad Real y otros tantos han quedado clasificados entre las 3 primeras posiciones.<\/span><\/div>\n<div style=\"text-align: left\">\n<span style=\"color: blue;font-family: Verdana, sans-serif;font-size: large\">Hasta hoy son 188 los chic@s que figuran en los listados de participantes, con categor\u00edas como el sub-12 y el sub-14 donde se superan las 40 inscripciones.<\/span><\/div>\n<div style=\"text-align: left\">\n<span style=\"color: blue;font-family: Verdana, sans-serif;font-size: large\">Para seguir los resultados y emparejamientos pod\u00e9is enlazar con las p\u00e1ginas de info64 a trav\u00e9s de los enlaces que se incluyeron en la anterior noticia.<\/span><\/div>\n<div style=\"text-align: left\">\n<span style=\"font-family: Verdana, sans-serif;font-size: large\"><br \/><\/span><\/div>\n","protected":false},"excerpt":{"rendered":"<p>Irene Sim\u00f3n recoge su trofeo de campeona provincial y Alonso L\u00f3pezel trofeo que le acredita como mejor jugador clasificadocon un Elo FIDE inferior a 1.600 puntos Los dos \u00faltimos fines de semana han dejado nuevos t\u00edtulos provinciales en manos de nuestros ajedrecistas de la escuela de Villafranca. El pasado domingo finalizaba en Toledo el Campeonato [&hellip;]<\/p>\n","protected":false},"author":1,"featured_media":738,"comment_status":"open","ping_status":"closed","sticky":false,"template":"","format":"standard","meta":{"footnotes":""},"categories":[1],"tags":[],"class_list":["post-737","post","type-post","status-publish","format-standard","has-post-thumbnail","hentry","category-noticias"],"_links":{"self":[{"href":"https:\/\/www.bfv.cloud\/ajedrezeuropa\/wp-json\/wp\/v2\/posts\/737","targetHints":{"allow":["GET"]}}],"collection":[{"href":"https:\/\/www.bfv.cloud\/ajedrezeuropa\/wp-json\/wp\/v2\/posts"}],"about":[{"href":"https:\/\/www.bfv.cloud\/ajedrezeuropa\/wp-json\/wp\/v2\/types\/post"}],"author":[{"embeddable":true,"href":"https:\/\/www.bfv.cloud\/ajedrezeuropa\/wp-json\/wp\/v2\/users\/1"}],"replies":[{"embeddable":true,"href":"https:\/\/www.bfv.cloud\/ajedrezeuropa\/wp-json\/wp\/v2\/comments?post=737"}],"version-history":[{"count":1,"href":"https:\/\/www.bfv.cloud\/ajedrezeuropa\/wp-json\/wp\/v2\/posts\/737\/revisions"}],"predecessor-version":[{"id":742,"href":"https:\/\/www.bfv.cloud\/ajedrezeuropa\/wp-json\/wp\/v2\/posts\/737\/revisions\/742"}],"wp:featuredmedia":[{"embeddable":true,"href":"https:\/\/www.bfv.cloud\/ajedrezeuropa\/wp-json\/wp\/v2\/media\/738"}],"wp:attachment":[{"href":"https:\/\/www.bfv.cloud\/ajedrezeuropa\/wp-json\/wp\/v2\/media?parent=737"}],"wp:term":[{"taxonomy":"category","embeddable":true,"href":"https:\/\/www.bfv.cloud\/ajedrezeuropa\/wp-json\/wp\/v2\/categories?post=737"},{"taxonomy":"post_tag","embeddable":true,"href":"https:\/\/www.bfv.cloud\/ajedrezeuropa\/wp-json\/wp\/v2\/tags?post=737"}],"curies":[{"name":"wp","href":"https:\/\/api.w.org\/{rel}","templated":true}]}}