{"id":743,"date":"2011-06-07T13:48:00","date_gmt":"2011-06-07T13:48:00","guid":{"rendered":"https:\/\/www.bfv.cloud\/ajedrezeuropa\/index.php\/2011\/06\/07\/mora-celebra-sus-10-anos-del-torneo-del-aceite\/"},"modified":"2025-11-20T10:21:55","modified_gmt":"2025-11-20T10:21:55","slug":"mora-celebra-sus-10-anos-del-torneo-del-aceite","status":"publish","type":"post","link":"https:\/\/www.bfv.cloud\/ajedrezeuropa\/mora-celebra-sus-10-anos-del-torneo-del-aceite\/","title":{"rendered":"MORA CELEBRA SUS 10 A\u00d1OS DEL \u00abTORNEO DEL ACEITE\u00bb"},"content":{"rendered":"<table cellpadding=\"0\" cellspacing=\"0\" class=\"tr-caption-container\" style=\"float: left;margin-right: 1em;text-align: left\">\n<tbody>\n<tr>\n<td style=\"text-align: center\"><a href=\"https:\/\/www.bfv.cloud\/ajedrezeuropa\/wp-content\/uploads\/2011\/06\/SALONDEJUEGO.jpg\" style=\"clear: left;margin-bottom: 1em;margin-left: auto;margin-right: auto\"><img fetchpriority=\"high\" decoding=\"async\" border=\"0\" height=\"300\" src=\"https:\/\/blogger.googleusercontent.com\/img\/b\/R29vZ2xl\/AVvXsEgcF1D4T7RTnyUpOUD7WAbUsaz9VkWk1pl1Qe69_BnTH7C_VGvUVEbAXhazj_7z_ulfB0yNyLCqiMxeUryAjSy4wu_RIbtUcVjthj4hi_Z9Xhlw_OyGWPtmIWdQgl5mnqKt4g4nMwUgyLE\/s400\/SALON+DE+JUEGO.jpg\" width=\"400\" \/><\/a><\/td>\n<\/tr>\n<tr>\n<td class=\"tr-caption\" style=\"text-align: center\">Vista general de la sala de juego<\/td>\n<\/tr>\n<\/tbody>\n<\/table>\n<p><span style=\", Courier, monospace\">El s\u00e1bado pasado se celebr\u00f3 en la casa de la cultura de Mora (Toledo) la edici\u00f3n n\u00famero 10 del \u00abTorneo del Aceite\u00bb. El gran \u00e9xito de participaci\u00f3n, tanto en calidad de jugadores como en cantidad, le ha convertido en la cita m\u00e1s importante del ajedrez toledano en torneos de un d\u00eda de las \u00faltimas temporadas. Este a\u00f1o su celebraci\u00f3n supon\u00eda un reto a\u00fan mayor pues las circunstancias econ\u00f3micas provocaron la desaparici\u00f3n de su escuela de ajedrez a finales de 2010. A pesar de ello y gracias al trabajo de los antiguos monitores de la escuela, Mart\u00edn Sanz, C\u00e9sar Jim\u00e9nez y Cristina Maestro, este magn\u00edfico torneo ha salido adelante, congregando a 86 jugadores llegados de todos los puntos de nuestra regi\u00f3n y de algunas lim\u00edtrofes. Como de costumbre, algunos de&nbsp;los chicos y chicas de las escuelas de Alc\u00e1zar y Villafranca disfrutaron de una jornada de ajedrez l\u00fadica y divertida. Aqu\u00ed os ofrecemos las fotos de algunos de nuestros premiados junto&nbsp;a un enlace con la p\u00e1gina de chess-results donde pod\u00e9is comprobar todos los resultados.<\/span><br \/>\n<span style=\", Courier, monospace\"><a href=\"http:\/\/chess-results.com\/tnr50919.aspx?art=1&amp;lan=2\">Clasificaci\u00f3n final<\/a><\/span><br \/>\n\ufeff\ufeff\ufeff <\/p>\n<table cellpadding=\"0\" cellspacing=\"0\" class=\"tr-caption-container\" style=\"float: left;margin-right: 1em;text-align: left\">\n<tbody>\n<tr>\n<td style=\"text-align: center\"><a href=\"https:\/\/www.bfv.cloud\/ajedrezeuropa\/wp-content\/uploads\/2011\/06\/ISAAC.jpg\" style=\"clear: left;margin-bottom: 1em;margin-left: auto;margin-right: auto\"><img decoding=\"async\" border=\"0\" height=\"150\" src=\"https:\/\/blogger.googleusercontent.com\/img\/b\/R29vZ2xl\/AVvXsEgxoLxJTsAFrIZIEV7gDMsY9F6Tv0qCsAkp6Ewda8ED9XZuY9ExVK3hr4-pdLEOVZFfKe3NgSLUJ_undTl5q2VLzZT6DQMN1cjLh518MUbD0uCD-vdZOZN2T4-B3KG0gl7pRixf6-Ldoqo\/s200\/ISAAC.jpg\" width=\"200\" \/><\/a><\/td>\n<\/tr>\n<tr>\n<td class=\"tr-caption\" style=\"text-align: center\">Isaac Lozano 2\u00ba sub14<\/td>\n<\/tr>\n<\/tbody>\n<\/table>\n<p>\ufeff\ufeff\ufeff\ufeff\ufeff\ufeff\ufeff\ufeff\ufeff <\/p>\n<table cellpadding=\"0\" cellspacing=\"0\" class=\"tr-caption-container\" style=\"clear: right;float: right;margin-bottom: 1em;text-align: right\">\n<tbody>\n<tr>\n<td style=\"text-align: center\"><a href=\"https:\/\/www.bfv.cloud\/ajedrezeuropa\/wp-content\/uploads\/2011\/06\/IV25C32581NVALENCIA.jpg\" style=\"clear: right;margin-bottom: 1em;margin-left: auto;margin-right: auto\"><img decoding=\"async\" border=\"0\" height=\"240\" src=\"https:\/\/blogger.googleusercontent.com\/img\/b\/R29vZ2xl\/AVvXsEj3sU15zi9UACggfSoHJz2iW-1M7AnF7v3wACVDSJCTOf0CoaMjB1W8yxl_MsPY-xJmXQKlaF-Uj4ObjfMSv01gp5dv_lItc9k9JLYXejbb6VIXSqQXkZMDsx8jslA255ETkMJpaHLEKxE\/s320\/IV%25C3%2581N+VALENCIA.jpg\" width=\"320\" \/><\/a><\/td>\n<\/tr>\n<tr>\n<td class=\"tr-caption\" style=\"text-align: center\">Iv\u00e1n Valencia 2\u00ba sub-10<\/td>\n<\/tr>\n<\/tbody>\n<\/table>\n<p>\ufeff <\/p>\n<table align=\"center\" cellpadding=\"0\" cellspacing=\"0\" class=\"tr-caption-container\" style=\"margin-left: auto;margin-right: auto;text-align: right\">\n<tbody>\n<tr>\n<td style=\"text-align: center\"><a href=\"https:\/\/www.bfv.cloud\/ajedrezeuropa\/wp-content\/uploads\/2011\/06\/CLARA.jpg\" style=\"clear: right;margin-bottom: 1em;margin-left: auto;margin-right: auto\"><img loading=\"lazy\" decoding=\"async\" border=\"0\" height=\"150\" src=\"https:\/\/blogger.googleusercontent.com\/img\/b\/R29vZ2xl\/AVvXsEilVmakJaV8b2T8yv4LhP-AZWuSSdzALuaKs-tPwMtGSV7vWAdl-9VAXfMtTQ3-FHYhd2y3KN439s68ssZUVqQcF8Xwd5OPZZXK-kcbJ1CG6qXKB5d-7qjWX_vj3Ce7yYqWHlyhkSrlNis\/s200\/CLARA.jpg\" width=\"200\" \/><\/a><\/td>\n<\/tr>\n<tr>\n<td class=\"tr-caption\" style=\"text-align: center\">Clara Jim\u00e9nez, campeona local sub-14<\/td>\n<\/tr>\n<\/tbody>\n<\/table>\n<div class=\"separator\" style=\"border-bottom: medium none;border-left: medium none;border-right: medium none;border-top: medium none;clear: both;text-align: center\"><\/div>\n<table align=\"center\" cellpadding=\"0\" cellspacing=\"0\" class=\"tr-caption-container\" style=\"margin-left: 1em;margin-right: 1em;text-align: center\">\n<tbody>\n<tr>\n<td style=\"text-align: center\"><a href=\"https:\/\/www.bfv.cloud\/ajedrezeuropa\/wp-content\/uploads\/2011\/06\/SANTIAGOCONTROFEO.jpg\" style=\"margin-left: auto;margin-right: auto\"><img loading=\"lazy\" decoding=\"async\" border=\"0\" height=\"320\" src=\"https:\/\/blogger.googleusercontent.com\/img\/b\/R29vZ2xl\/AVvXsEhEW8LFNboKEED3OrqC5HFXwHvZ6lNDDJcRP3EV7ocNQT39T9d3GSABnYTVZfkHbulAs9lv_HSN_Qsayb5ubMwMuiMXfS0GEBZuq7Cm_s1ZvHya4jOWrQlSfPEVFaNFckX-llEU12fqPbI\/s320\/SANTIAGO+CON+TROFEO.jpg\" width=\"240\" \/><\/a><\/td>\n<\/tr>\n<tr>\n<td class=\"tr-caption\" style=\"text-align: center\">Santiago Talavera 3\u00ba sub-16<\/td>\n<\/tr>\n<\/tbody>\n<\/table>\n<p>\ufeff\ufeff<\/p>\n","protected":false},"excerpt":{"rendered":"<p>Vista general de la sala de juego El s\u00e1bado pasado se celebr\u00f3 en la casa de la cultura de Mora (Toledo) la edici\u00f3n n\u00famero 10 del \u00abTorneo del Aceite\u00bb. El gran \u00e9xito de participaci\u00f3n, tanto en calidad de jugadores como en cantidad, le ha convertido en la cita m\u00e1s importante del ajedrez toledano en torneos [&hellip;]<\/p>\n","protected":false},"author":1,"featured_media":744,"comment_status":"open","ping_status":"closed","sticky":false,"template":"","format":"standard","meta":{"footnotes":""},"categories":[1],"tags":[],"class_list":["post-743","post","type-post","status-publish","format-standard","has-post-thumbnail","hentry","category-noticias"],"_links":{"self":[{"href":"https:\/\/www.bfv.cloud\/ajedrezeuropa\/wp-json\/wp\/v2\/posts\/743","targetHints":{"allow":["GET"]}}],"collection":[{"href":"https:\/\/www.bfv.cloud\/ajedrezeuropa\/wp-json\/wp\/v2\/posts"}],"about":[{"href":"https:\/\/www.bfv.cloud\/ajedrezeuropa\/wp-json\/wp\/v2\/types\/post"}],"author":[{"embeddable":true,"href":"https:\/\/www.bfv.cloud\/ajedrezeuropa\/wp-json\/wp\/v2\/users\/1"}],"replies":[{"embeddable":true,"href":"https:\/\/www.bfv.cloud\/ajedrezeuropa\/wp-json\/wp\/v2\/comments?post=743"}],"version-history":[{"count":1,"href":"https:\/\/www.bfv.cloud\/ajedrezeuropa\/wp-json\/wp\/v2\/posts\/743\/revisions"}],"predecessor-version":[{"id":749,"href":"https:\/\/www.bfv.cloud\/ajedrezeuropa\/wp-json\/wp\/v2\/posts\/743\/revisions\/749"}],"wp:featuredmedia":[{"embeddable":true,"href":"https:\/\/www.bfv.cloud\/ajedrezeuropa\/wp-json\/wp\/v2\/media\/744"}],"wp:attachment":[{"href":"https:\/\/www.bfv.cloud\/ajedrezeuropa\/wp-json\/wp\/v2\/media?parent=743"}],"wp:term":[{"taxonomy":"category","embeddable":true,"href":"https:\/\/www.bfv.cloud\/ajedrezeuropa\/wp-json\/wp\/v2\/categories?post=743"},{"taxonomy":"post_tag","embeddable":true,"href":"https:\/\/www.bfv.cloud\/ajedrezeuropa\/wp-json\/wp\/v2\/tags?post=743"}],"curies":[{"name":"wp","href":"https:\/\/api.w.org\/{rel}","templated":true}]}}