{"id":750,"date":"2020-08-08T09:27:00","date_gmt":"2020-08-08T09:27:00","guid":{"rendered":"https:\/\/www.bfv.cloud\/ajedrezeuropa\/index.php\/2020\/08\/08\/hoy-finaliza-el-campus-de-ajedrez-mas-especial-de-las-trece-ediciones-celebradas\/"},"modified":"2025-11-20T10:22:02","modified_gmt":"2025-11-20T10:22:02","slug":"hoy-finaliza-el-campus-de-ajedrez-mas-especial-de-las-trece-ediciones-celebradas","status":"publish","type":"post","link":"https:\/\/www.bfv.cloud\/ajedrezeuropa\/hoy-finaliza-el-campus-de-ajedrez-mas-especial-de-las-trece-ediciones-celebradas\/","title":{"rendered":"HOY FINALIZA EL CAMPUS DE AJEDREZ M\u00c1S ESPECIAL DE LAS TRECE EDICIONES CELEBRADAS"},"content":{"rendered":"<table align=\"center\" cellpadding=\"0\" cellspacing=\"0\" class=\"tr-caption-container\" style=\"margin-left: auto;margin-right: auto\">\n<tbody>\n<tr>\n<td style=\"text-align: center\"><a href=\"https:\/\/www.bfv.cloud\/ajedrezeuropa\/wp-content\/uploads\/2020\/08\/GrupoconmonitoresenelIntur04-07-2020.jpeg\" style=\"margin-left: auto;margin-right: auto;padding: 1em 0px;text-align: center\"><img fetchpriority=\"high\" decoding=\"async\" border=\"0\" data-original-height=\"736\" data-original-width=\"1573\" height=\"297\" src=\"https:\/\/blogger.googleusercontent.com\/img\/b\/R29vZ2xl\/AVvXsEglk8FPY0tlc6eZ-eWhzWwctcFITduySgOGD0ht3mh5tNzkLh9nM2cWJk7OJ0psFlsBhlNda06gA_I_WyrRqkJ48CKXO8gA4JVG-3wA8ZE4uevQM9OixkEkbfiCO4BkccOjZL_IjFpO0jM\/w640-h297\/Grupo+con+monitores+en+el+Intur+04-07-2020.jpeg\" title=\"Maestros y monitores en la entrada el Intur\" width=\"640\" \/><\/a><\/td>\n<\/tr>\n<tr>\n<td class=\"tr-caption\" style=\"text-align: center\">Maestros y alumnos en la entrada del Intur<\/td>\n<\/tr>\n<\/tbody>\n<\/table>\n<p><span style=\"text-align: justify\"><\/span><\/p>\n<h3 style=\"text-align: center\"><span style=\"font-weight: bold\"><span style=\"line-height: 107%\"><span style=\"font-family: verdana\">Desde el 3 al 8 de de agosto se ha celebrado la<br \/>\n13\u00aa edici\u00f3n del campus de verano que organiza el CD Nuestro Ajedrez en Europa,<br \/>\njunto a los ayuntamientos de Villafranca de los Caballeros y Alc\u00e1zar de San<br \/>\nJuan. En cumplimiento de las condiciones de seguridad impuestas por la pandemia, todas las actividades del campus se han adaptado a esta situaci\u00f3n, consiguiendo los mismos objetivos formativos que en temporadas anteriores. Queremos destacar la colaboraci\u00f3n de todos los participantes: maestros, alumnos, monitores de apoyo, personal del CIJ Covadonga de Alc\u00e1zar y de la casa de la cultura de Villafranca, para hacer posible que todo haya salido bien en esta edici\u00f3n tan distinta y especial de nuestro campus de ajedrez. Tambi\u00e9n queremos agradecer el excelente trabajo de las personas que colaboran externamente en la organizaci\u00f3n del campus, bien sea desde el servicio de comidas o en el transporte de alumnos y monitores.<\/span><\/span><\/span><\/h3>\n<div style=\"text-align: center\"><span style=\"font-weight: bold\"><span style=\"line-height: 107%\"><\/p>\n<table align=\"center\" cellpadding=\"0\" cellspacing=\"0\" class=\"tr-caption-container\" style=\"margin-left: auto;margin-right: auto\">\n<tbody>\n<tr>\n<td style=\"text-align: center\"><a href=\"https:\/\/www.bfv.cloud\/ajedrezeuropa\/wp-content\/uploads\/2020\/08\/CAMPUSVILLAFRANCA8.jpeg\" style=\"margin-left: auto;margin-right: auto;padding: 1em 0px\"><img decoding=\"async\" border=\"0\" data-original-height=\"556\" data-original-width=\"1245\" src=\"https:\/\/blogger.googleusercontent.com\/img\/b\/R29vZ2xl\/AVvXsEie40DEEdBFG5ceLKJC6QB__5Qxg3YJEEhTdO7wmSgQHSnHMITQND9DWCo-ftypvIHur78Nc4XERoL5hZhZOnTUBi0b6de-xOuBic8l7I93Q8cLK43jt0yNGpu94xvuKS1Wj7h9NnyKitw\/s640\/CAMPUS+VILLAFRANCA+8.jpeg\" width=\"640\" \/><\/a><\/td>\n<\/tr>\n<tr>\n<td class=\"tr-caption\" style=\"text-align: center\">Respeto a las normas de distanciamiento y protecci\u00f3n&nbsp;<\/td>\n<\/tr>\n<\/tbody>\n<\/table>\n<p><\/span><\/span><\/div>\n<\/p>\n<p class=\"MsoNormal\" style=\"text-align: justify\">\n<p class=\"MsoNormal\" style=\"text-align: justify\"><span style=\"font-family: verdana\"><span style=\"font-size: 18.6667px\"><b><i><u>El encuentro durante una semana de campus<\/u><\/i><\/b><\/span><\/span><\/p>\n<p class=\"MsoNormal\" style=\"text-align: justify\"><span style=\"font-family: verdana\"><span style=\"font-size: 18.6667px\"><b>Estos 6 d\u00edas de colaboraci\u00f3n en clase y de convivencia fuera de ella, son muy importantes para ni\u00f1os, ni\u00f1as y j\u00f3venes. El confinamiento y sus consecuencias ser\u00e1n valorados adecuadamente en el futuro, aunque desde ya debemos emprender el camino de la \u00abnormalizaci\u00f3n\u00bb, siendo prudentes y conscientes de lo que nos jugamos.<\/b><\/span><\/span><\/p>\n<p class=\"MsoNormal\" style=\"text-align: justify\"><span style=\"font-family: verdana\"><span style=\"font-size: 18.6667px\"><\/p>\n<table align=\"center\" cellpadding=\"0\" cellspacing=\"0\" class=\"tr-caption-container\" style=\"margin-left: auto;margin-right: auto\">\n<tbody>\n<tr>\n<td style=\"text-align: center\"><a href=\"https:\/\/www.bfv.cloud\/ajedrezeuropa\/wp-content\/uploads\/2020\/08\/CAMPUSVILLAFRANCA1.jpeg\" style=\"margin-left: auto;margin-right: auto;padding: 1em 0px\"><img decoding=\"async\" border=\"0\" data-original-height=\"1061\" data-original-width=\"1357\" height=\"400\" src=\"https:\/\/blogger.googleusercontent.com\/img\/b\/R29vZ2xl\/AVvXsEi-dd0g6_4yATeGRgXMsJJVOyAx15sjQ7qIhH7D8HohnrlmiTMTM0J5LgMBJNmRKytKVM94jkj38fQ8Ab_Jwb0zWPs_hjdCacWgyTDK47PLnEuZ9-vzkT_XfVQ0OgxbjYGjUtN1U_hBYdc\/w512-h400\/CAMPUS+VILLAFRANCA+1.jpeg\" width=\"512\" \/><\/a><\/td>\n<\/tr>\n<tr>\n<td class=\"tr-caption\" style=\"text-align: center\">Los m\u00e1s peque\u00f1os en el aula<\/td>\n<\/tr>\n<\/tbody>\n<\/table>\n<p><\/span><\/span><\/p>\n<p class=\"MsoNormal\" style=\"text-align: justify\"><span style=\"font-family: verdana\"><span style=\"font-size: 18.6667px\"><b>Para Ubilava, Herminio, Ana Isabel, Antonio, Silvia, Roberto, M\u00aa Luisa y F\u00e9lix, como responsables del campus, es un privilegio sacar adelante todas y cada una de las actividades, pero en esta ocasi\u00f3n mucho m\u00e1s. Son casi una veintena de personas las que trabajan o colaboran en las distintas vertientes del proyecto \u00abNuestro Ajedrez en Europa\u00bb, y a ellas tambi\u00e9n queremos agradecerles su esfuerzo, sus ganas de mejorar y su permanente b\u00fasqueda de la creatividad.<\/b><\/span><\/span><\/p>\n<p class=\"MsoNormal\" style=\"text-align: justify\"><span style=\"font-family: verdana\"><span style=\"font-size: 18.6667px\"><\/p>\n<table cellpadding=\"0\" cellspacing=\"0\" class=\"tr-caption-container\" style=\"margin-left: auto;margin-right: auto;text-align: center\">\n<tbody>\n<tr>\n<td style=\"text-align: center\"><a href=\"https:\/\/www.bfv.cloud\/ajedrezeuropa\/wp-content\/uploads\/2020\/08\/CAMPUSVILLAFRANCA4.jpeg\" style=\"clear: right;margin-bottom: 1em;margin-left: auto;margin-right: auto;padding: 1em 0px\"><img decoding=\"async\" border=\"0\" data-original-height=\"714\" data-original-width=\"1582\" height=\"230\" src=\"https:\/\/blogger.googleusercontent.com\/img\/b\/R29vZ2xl\/AVvXsEgepD-1v6u20Vc6dr0DNL98_51aKxv7xUyN9ksRtAoy4Gmih0EXIpYvaVfs7WWbQMtACqFVpgoXe83uOaeaW66nLyGbKJZ6iFEOtkKcuIuS_oCKVNIsAdm-o5HVJR8DC4xox3cfnMwne24\/w513-h230\/CAMPUS+VILLAFRANCA+4.jpeg\" width=\"513\" \/><\/a><\/td>\n<\/tr>\n<tr>\n<td class=\"tr-caption\" style=\"text-align: center\">Trabajando la atenci\u00f3n<\/td>\n<\/tr>\n<\/tbody>\n<\/table>\n<p><\/span><\/span><\/p>\n<p class=\"MsoNormal\" style=\"text-align: justify\"><span style=\"font-family: verdana\"><span style=\"font-size: 18.6667px\"><b><i><u>Los retos de 2020<\/u><\/i><\/b><\/span><\/span><\/p>\n<p class=\"MsoNormal\" style=\"text-align: justify\"><span style=\"font-family: verdana\"><span style=\"font-size: 18.6667px\"><b>Es evidente que todos vamos a recordar este a\u00f1o 2020. Para nosotros, la preparaci\u00f3n, organizaci\u00f3n y desarrollo de este campus era un reto, como lo fue proporcionar actividades transversales del proyecto del \u00abajedrez en la escuela\u00bb a los colegios p\u00fablicos de Illescas durante el confinamiento o entregar contenidos de inter\u00e9s para continuar el entrenamiento a los alumnos de las escuelas municipales de ajedrez de Alc\u00e1zar, Villafranca, Consuegra y Herencia.<\/b><\/span><\/span><\/p>\n<p class=\"MsoNormal\" style=\"text-align: justify\"><span style=\"font-family: verdana\"><span style=\"font-size: 18.6667px\"><\/p>\n<table align=\"center\" cellpadding=\"0\" cellspacing=\"0\" class=\"tr-caption-container\" style=\"margin-left: auto;margin-right: auto\">\n<tbody>\n<tr>\n<td style=\"text-align: center\"><a href=\"https:\/\/www.bfv.cloud\/ajedrezeuropa\/wp-content\/uploads\/2020\/08\/CAMPUSVILLAFRANCA6.jpeg\" style=\"margin-left: auto;margin-right: auto;padding: 1em 0px\"><img decoding=\"async\" border=\"0\" data-original-height=\"621\" data-original-width=\"1573\" src=\"https:\/\/blogger.googleusercontent.com\/img\/b\/R29vZ2xl\/AVvXsEi4hxg87QgAMc64Jvw6W5ZONzKmyyEfIDBujwoCHpkGlQsT5zN73wPpDruS6qUAZ9BbCXhvAPyACrwxcqItPWn4gcpENLPANRE8gevWZL9AGIsTcvyCUxEkMACwUr0E_QMRef4cBTwFWRw\/s640\/CAMPUS+VILLAFRANCA+6.jpeg\" width=\"640\" \/><\/a><\/td>\n<\/tr>\n<tr>\n<td class=\"tr-caption\" style=\"text-align: center\">En el aula con el gran maestro, Herminio Herr\u00e1iz<\/td>\n<\/tr>\n<\/tbody>\n<\/table>\n<p><\/span><\/span><\/p>\n<p class=\"MsoNormal\" style=\"text-align: justify\"><span style=\"font-family: verdana\"><span style=\"font-size: 18.6667px\"><b>A partir de mediados de septiembre continuaremos trabajando para que el ajedrez siga siendo un elemento de apoyo al crecimiento personal de los j\u00f3venes aficionados que participan en las clases del proyecto desde los colegios de Ense\u00f1anza Primaria o desde las escuelas deportivas. Ya estamos preparando los distintos escenarios que se nos pueden presentar hasta encontrar una estabilizaci\u00f3n de la Covid-19.&nbsp;<\/b><\/span><\/span><\/p>\n<p class=\"MsoNormal\" style=\"text-align: justify\"><span style=\"font-family: verdana\"><span style=\"font-size: 18.6667px\"><\/p>\n<table align=\"center\" cellpadding=\"0\" cellspacing=\"0\" class=\"tr-caption-container\" style=\"margin-left: auto;margin-right: auto\">\n<tbody>\n<tr>\n<td style=\"text-align: center\"><a href=\"https:\/\/www.bfv.cloud\/ajedrezeuropa\/wp-content\/uploads\/2020\/08\/CAMPUSVILLAFRANCA2.jpeg\" style=\"margin-left: auto;margin-right: auto;padding: 1em 0px\"><img decoding=\"async\" border=\"0\" data-original-height=\"817\" data-original-width=\"1592\" src=\"https:\/\/blogger.googleusercontent.com\/img\/b\/R29vZ2xl\/AVvXsEghXzOWXfIMV0KU5GxszX3ceERZdMY7JzQvP1szAnHaytoJOl1TZQT2uuc5cS_jOuAc7Ct5tcfPlAX0_DiMNYZybZ8yYBWWoCh-7BCrgwqqj7iZTGCNiyXmB07EKkibZxaJZ5R9py9QvNs\/s640\/CAMPUS+VILLAFRANCA+2.jpeg\" width=\"640\" \/><\/a><\/td>\n<\/tr>\n<tr>\n<td class=\"tr-caption\" style=\"text-align: center\">Elizbar Ubilava, gran maestro y prestigioso entrenador, comparte sus conocimientos con los alumnos<\/td>\n<\/tr>\n<\/tbody>\n<\/table>\n<p><\/span><\/span><\/p>\n<p class=\"MsoNormal\" style=\"text-align: justify\"><\/p><\/p>\n","protected":false},"excerpt":{"rendered":"<p>Maestros y alumnos en la entrada del Intur Desde el 3 al 8 de de agosto se ha celebrado la 13\u00aa edici\u00f3n del campus de verano que organiza el CD Nuestro Ajedrez en Europa, junto a los ayuntamientos de Villafranca de los Caballeros y Alc\u00e1zar de San Juan. En cumplimiento de las condiciones de seguridad [&hellip;]<\/p>\n","protected":false},"author":1,"featured_media":751,"comment_status":"open","ping_status":"closed","sticky":false,"template":"","format":"standard","meta":{"footnotes":""},"categories":[1],"tags":[],"class_list":["post-750","post","type-post","status-publish","format-standard","has-post-thumbnail","hentry","category-noticias"],"_links":{"self":[{"href":"https:\/\/www.bfv.cloud\/ajedrezeuropa\/wp-json\/wp\/v2\/posts\/750","targetHints":{"allow":["GET"]}}],"collection":[{"href":"https:\/\/www.bfv.cloud\/ajedrezeuropa\/wp-json\/wp\/v2\/posts"}],"about":[{"href":"https:\/\/www.bfv.cloud\/ajedrezeuropa\/wp-json\/wp\/v2\/types\/post"}],"author":[{"embeddable":true,"href":"https:\/\/www.bfv.cloud\/ajedrezeuropa\/wp-json\/wp\/v2\/users\/1"}],"replies":[{"embeddable":true,"href":"https:\/\/www.bfv.cloud\/ajedrezeuropa\/wp-json\/wp\/v2\/comments?post=750"}],"version-history":[{"count":1,"href":"https:\/\/www.bfv.cloud\/ajedrezeuropa\/wp-json\/wp\/v2\/posts\/750\/revisions"}],"predecessor-version":[{"id":757,"href":"https:\/\/www.bfv.cloud\/ajedrezeuropa\/wp-json\/wp\/v2\/posts\/750\/revisions\/757"}],"wp:featuredmedia":[{"embeddable":true,"href":"https:\/\/www.bfv.cloud\/ajedrezeuropa\/wp-json\/wp\/v2\/media\/751"}],"wp:attachment":[{"href":"https:\/\/www.bfv.cloud\/ajedrezeuropa\/wp-json\/wp\/v2\/media?parent=750"}],"wp:term":[{"taxonomy":"category","embeddable":true,"href":"https:\/\/www.bfv.cloud\/ajedrezeuropa\/wp-json\/wp\/v2\/categories?post=750"},{"taxonomy":"post_tag","embeddable":true,"href":"https:\/\/www.bfv.cloud\/ajedrezeuropa\/wp-json\/wp\/v2\/tags?post=750"}],"curies":[{"name":"wp","href":"https:\/\/api.w.org\/{rel}","templated":true}]}}