{"id":758,"date":"2014-01-27T22:29:00","date_gmt":"2014-01-27T22:29:00","guid":{"rendered":"https:\/\/www.bfv.cloud\/ajedrezeuropa\/index.php\/2014\/01\/27\/2o-fin-de-semana-de-competicion-en-toledo-y-ciudad-real\/"},"modified":"2025-11-20T10:22:13","modified_gmt":"2025-11-20T10:22:13","slug":"2o-fin-de-semana-de-competicion-en-toledo-y-ciudad-real","status":"publish","type":"post","link":"https:\/\/www.bfv.cloud\/ajedrezeuropa\/2o-fin-de-semana-de-competicion-en-toledo-y-ciudad-real\/","title":{"rendered":"2\u00ba FIN DE SEMANA DE COMPETICI\u00d3N EN TOLEDO Y CIUDAD REAL"},"content":{"rendered":"<div class=\"separator\" style=\"clear: both;text-align: center\">\n<a href=\"https:\/\/www.bfv.cloud\/ajedrezeuropa\/wp-content\/uploads\/2014\/01\/escolartoledo2014001.jpg\" style=\"margin-left: 1em;margin-right: 1em\"><img fetchpriority=\"high\" decoding=\"async\" border=\"0\" src=\"https:\/\/www.bfv.cloud\/ajedrezeuropa\/wp-content\/uploads\/2014\/01\/escolartoledo2014001.jpg\" height=\"150\" width=\"640\" \/><\/a><\/div>\n<p><span style=\"font-family: Trebuchet MS, sans-serif\"><b style=\"color: #274e13\"><span style=\"font-size: 12pt\">Tras celebrarse una nueva jornada en las fases<br \/>\nprovinciales de los campeonatos escolares de Toledo y Ciudad real y<br \/>\ncompletarse, de esta forma, la mitad de las rondas previstas en estos torneos,<br \/>\nel balance de resultados que podemos realizar es muy positivo para los 23<br \/>\nchicos y chicas que se mantienen en competici\u00f3n.<\/span><\/b><b style=\"text-indent: 0cm\"><span style=\"font-size: 12pt\"><span style=\"color: #073763\">Como hemos indicado, la casa de la cultura de Mora<br \/>\nacoge esta fase del CRDEE de Toledo junto al sub-18, con la participaci\u00f3n de 12<br \/>\najedrecistas de nuestra escuela de Villafranca de un total de 105 jugadores en<br \/>\nla suma de los 3 torneos.<\/span><\/span><\/b><\/span><\/p>\n<h3>\n<u><span style=\"color: #073763;font-family: Trebuchet MS, sans-serif\">Campeonato del Deporte en Edad Escolar de Toledo<br \/>\n(infantil)<\/span><\/u><span style=\"color: #073763;font-family: 'Trebuchet MS', sans-serif\">&nbsp;<\/span><\/h3>\n<div class=\"separator\" style=\"clear: both;text-align: center\">\n<a href=\"https:\/\/www.bfv.cloud\/ajedrezeuropa\/wp-content\/uploads\/2014\/01\/100_3023dibujodeltrenm.jpg\" style=\"clear: left;float: left;margin-bottom: 1em;margin-right: 1em\"><img decoding=\"async\" border=\"0\" src=\"https:\/\/www.bfv.cloud\/ajedrezeuropa\/wp-content\/uploads\/2014\/01\/100_3023dibujodeltrenm.jpg\" height=\"300\" width=\"400\" \/><\/a><\/div>\n<div class=\"MsoBodyText2\">\n<span style=\"color: #073763;font-family: Trebuchet MS, sans-serif\">Al frente del infantil se encuentra Irene tras sumar 4<br \/>\npuntos en igual n\u00famero de rondas disputadas. En la siguiente relaci\u00f3n los<br \/>\nemparejamientos para la 5\u00aa ronda se incluyen, entre par\u00e9ntesis, los puntos<br \/>\nconseguidos por cada uno de nuestros jugadores: <\/span><\/div>\n<div align=\"center\" class=\"MsoBodyText2\" style=\"text-align: center\">\n<span style=\"color: #073763;font-family: Trebuchet MS, sans-serif\">Mesa 1: Luis F<br \/>\nRivera \u2013 <b>Irene Sim\u00f3n (4)<\/b><\/span><\/div>\n<div align=\"center\" class=\"MsoBodyText2\" style=\"text-align: center\">\n<span style=\"color: #073763;font-family: Trebuchet MS, sans-serif\">Mesa 7: <b>Iv\u00e1n<br \/>\nValencia (3)<\/b> \u2013 Isabel P\u00e9rez<\/span><\/div>\n<div class=\"separator\" style=\"clear: both;text-align: center\">\n<a href=\"https:\/\/www.bfv.cloud\/ajedrezeuropa\/wp-content\/uploads\/2014\/01\/100_3023v.jpg\" style=\"clear: left;float: left;margin-bottom: 1em;margin-right: 1em\"><img decoding=\"async\" border=\"0\" src=\"https:\/\/www.bfv.cloud\/ajedrezeuropa\/wp-content\/uploads\/2014\/01\/100_3023v.jpg\" height=\"300\" width=\"400\" \/><\/a><\/div>\n<div align=\"center\" class=\"MsoBodyText2\" style=\"text-align: center\">\n<span style=\"color: #073763;font-family: Trebuchet MS, sans-serif\">Mesa 22: Isidro Pradillo<br \/>\n\u2013 <b>Diego Carrero (2)<\/b><\/span><\/div>\n<div align=\"center\" class=\"MsoBodyText2\" style=\"text-align: center\">\n<span style=\"color: #073763;font-family: Trebuchet MS, sans-serif\">Mesa 26: Andr\u00e9s<br \/>\nS\u00e1nchez \u2013 <b>Mar\u00eda Oliver (1 \u00bd)<\/b><\/span><\/div>\n<div align=\"center\" class=\"MsoBodyText2\" style=\"text-align: center\">\n<span style=\"color: #073763;font-family: Trebuchet MS, sans-serif\">Mesa 29: <b>Juan<br \/>\nFrancisco Mar\u00edn (1 \u00bd) <\/b>\u2013 Laura M\u00e9ndez<\/span><\/div>\n<div align=\"center\" class=\"MsoBodyText2\" style=\"text-align: center\">\n<span style=\"color: #073763;font-family: Trebuchet MS, sans-serif\">Mesa 31: <b>\u00c1lvaro<br \/>\nAlberca (1)<\/b> \u2013 Sergio Naranjo<\/span><\/div>\n<div align=\"center\" class=\"MsoBodyText2\" style=\"text-align: center\">\n<span style=\"color: #073763;font-family: Trebuchet MS, sans-serif\">Mesa 32 : <b>H\u00e9ctor<br \/>\nNieves (1)<\/b> \u2013 Gabriel Amador<\/span><\/div>\n<div align=\"center\" class=\"MsoBodyText2\" style=\"text-align: center\">\n<span style=\"color: #073763;font-family: Trebuchet MS, sans-serif\">Mesa 34: <b>\u00d3scar<br \/>\nRoncero (1)<\/b> \u2013 Dar\u00edo Cort\u00e9s<\/span><\/div>\n<div class=\"MsoBodyText2\">\n<span style=\"color: #073763;font-family: Trebuchet MS, sans-serif\"><b>Este es el enlace con Chess-Results para esta categor\u00eda:<\/b><\/span><\/div>\n<div class=\"MsoBodyText2\">\n<span style=\"color: #073763;font-family: Trebuchet MS, sans-serif\"><b><a href=\"http:\/\/chess-results.com\/tnr121756.aspx?lan=2&amp;art=2&amp;rd=5&amp;wi=821\">Ronda 5 Escolar Infantil Toledo<\/a><\/b><\/span><\/div>\n<h1 style=\"text-indent: 0cm\">\n<b><span style=\"font-size: 12pt\">&nbsp;<\/span><\/b><\/h1>\n<h3>\n<span style=\"color: #073763;font-family: Trebuchet MS, sans-serif\"><b><u>Campeonato del Deporte en Edad Escolar de Toledo<br \/>\n(cadete)<\/u><\/b><\/span><b style=\"text-align: justify;text-indent: 35.4pt\"><span><span style=\"color: #073763\">&nbsp;<\/span><\/span><\/b><\/h3>\n<div class=\"separator\" style=\"clear: both;text-align: center\">\n<a href=\"https:\/\/www.bfv.cloud\/ajedrezeuropa\/wp-content\/uploads\/2014\/01\/100_3020silvia.jpg\" style=\"clear: right;float: right;margin-bottom: 1em;margin-left: 1em\"><img loading=\"lazy\" decoding=\"async\" border=\"0\" src=\"https:\/\/www.bfv.cloud\/ajedrezeuropa\/wp-content\/uploads\/2014\/01\/100_3020silvia.jpg\" height=\"320\" width=\"229\" \/><\/a><\/div>\n<div class=\"MsoBodyTextIndent\" style=\"text-indent: 0cm\">\n<span style=\"color: #073763;font-family: Trebuchet MS, sans-serif\">Con 3 rondas ya disputadas,<br \/>\nAlba y Silvia, figuran en el grupo de 2 puntos, liderando la clasificaci\u00f3n<br \/>\nfemenina junto a otras dos chicas. Finalmente, esta categor\u00eda, dispone de 20<br \/>\njugadores, al a\u00f1adirse un \u00faltimo chico en esta segunda jornada. Los<br \/>\nenfrentamientos para la 4\u00aa ronda son estos: <\/span><\/div>\n<div style=\"text-align: center\">\n<span style=\"color: #073763;font-family: Trebuchet MS, sans-serif\">Mesa 4<b>: <\/b>Emmanuel Ghiurca<b> \u2013 Silvia Toribio<\/b><\/span><\/div>\n<div align=\"center\" class=\"MsoNormal\" style=\"text-align: center\">\n<span style=\"color: #073763;font-family: Trebuchet MS, sans-serif\">Mesa 5<b>: <\/b>Andr\u00e9s Mart\u00edn<b> \u2013 Alba P\u00edriz<\/b><\/span><\/div>\n<div class=\"MsoNormal\">\n<b><span style=\"color: #073763;font-family: Trebuchet MS, sans-serif\">Para m\u00e1s<br \/>\ninformaci\u00f3n, os dejamos el enlace con la p\u00e1gina de Chess-Results:&nbsp;<\/span><\/b><\/div>\n<div class=\"MsoNormal\">\n<b><span style=\"color: #073763;font-family: Trebuchet MS, sans-serif\"><a href=\"http:\/\/chess-results.com\/tnr121757.aspx?lan=2&amp;art=2&amp;rd=4&amp;wi=821\">Ronda 4 Escolar Cadete Toledo<\/a><\/span><\/b><\/div>\n<div class=\"MsoNormal\">\n<b><span style=\"color: #073763;font-family: Trebuchet MS, sans-serif\"><br \/><\/span><\/b><\/div>\n<div class=\"MsoNormal\">\n<a href=\"https:\/\/www.bfv.cloud\/ajedrezeuropa\/wp-content\/uploads\/2014\/01\/escolartoledo2014014.jpg\" style=\"clear: left;margin-bottom: 1em;margin-right: 1em;text-align: center\"><img loading=\"lazy\" decoding=\"async\" border=\"0\" src=\"https:\/\/www.bfv.cloud\/ajedrezeuropa\/wp-content\/uploads\/2014\/01\/escolartoledo2014014.jpg\" height=\"314\" width=\"320\" \/><\/a><\/div>\n<h3>\n<u><span style=\"font-size: 16pt\"><span style=\"color: #073763\">Campeonato Provincial de Toledo Sub-18<\/span><\/span><\/u><span style=\"color: #073763\">&nbsp;<\/span><\/h3>\n<div class=\"separator\" style=\"clear: both;text-align: center\">\n<a href=\"https:\/\/www.bfv.cloud\/ajedrezeuropa\/wp-content\/uploads\/2014\/01\/escolartoledo2014003.jpg\" style=\"clear: right;float: right;margin-bottom: 1em;margin-left: 1em\"><img loading=\"lazy\" decoding=\"async\" border=\"0\" src=\"https:\/\/www.bfv.cloud\/ajedrezeuropa\/wp-content\/uploads\/2014\/01\/escolartoledo2014003.jpg\" height=\"260\" width=\"400\" \/><\/a><\/div>\n<div class=\"MsoBodyText2\">\n<span style=\"color: #073763;font-family: Trebuchet MS, sans-serif\">A falta de 2 rondas para el final del federado sub-18<br \/>\nnuestros dos jugadores, Isaac y Jes\u00fas M\u00aa, empatan a 2 puntos por la 2\u00aa plaza de<br \/>\nla clasificaci\u00f3n provisional. La 4\u00aa ronda ha quedado as\u00ed:<\/span><\/div>\n<div align=\"center\" class=\"MsoBodyText2\" style=\"text-align: center\">\n<span style=\"color: #073763;font-family: Trebuchet MS, sans-serif\">Mesa 2: Iris<br \/>\nMelgar \u2013 <b>Isaac Lozano<\/b><\/span><\/div>\n<div align=\"center\" class=\"MsoBodyText2\" style=\"text-align: center\">\n<span style=\"color: #073763;font-family: Trebuchet MS, sans-serif\">Mesa 3: <b>Jes\u00fas M\u00aa<br \/>\nBricio<\/b> \u2013 Sergio Troncoso<\/span><\/div>\n<div class=\"MsoBodyText2\">\n<span style=\"color: #073763;font-family: Trebuchet MS, sans-serif\"><b>El enlace con Chess-Results es este:<\/b><\/span><\/div>\n<div class=\"MsoBodyText2\">\n<span style=\"color: #073763;font-family: Trebuchet MS, sans-serif\"><b>&nbsp;<a href=\"http:\/\/chess-results.com\/tnr121959.aspx?lan=2&amp;art=2&amp;rd=4&amp;wi=821\">Ronda 4 Provincial Sub-18 Toledo<\/a><\/b><\/span><\/div>\n<div align=\"center\" class=\"MsoBodyText2\" style=\"text-align: center\">\n<\/div>\n<div class=\"MsoBodyText2\">\n<span style=\"color: #073763;font-family: Trebuchet MS, sans-serif\"><i>NOTA PARA LOS 3 CAMPEONATOS DE TOLEDO: El s\u00e1bado 1 de<br \/>\nfebrero, seg\u00fan lo previsto, no habr\u00e1 competici\u00f3n, reanud\u00e1ndose el 8 de febrero,<br \/>\ns\u00e1bado, con los mismos horarios de desplazamiento y de comienzo de las partidas<br \/>\ntanto para este d\u00eda como para la \u00faltima jornada del d\u00eda 15 de febrero. Para el<br \/>\ns\u00e1bado 8 se han programado dos rondas en las categor\u00edas cadete e infantil del<br \/>\nescolar y una en el sub-18.<\/i><\/span><\/div>\n<div class=\"MsoBodyText2\">\n<\/div>\n<div class=\"MsoBodyText2\">\n<span style=\"color: #660000;font-family: Trebuchet MS, sans-serif\">EL ESCOLAR DE CIUDAD REAL, mientras tanto, continuar\u00e1 el<br \/>\ndomingo 2 de febrero con la celebraci\u00f3n de una nueva jornada con doble ronda en<br \/>\nlas dos categor\u00edas.<\/span>&nbsp;<\/div>\n<div class=\"separator\" style=\"clear: both;text-align: center\">\n<a href=\"https:\/\/www.bfv.cloud\/ajedrezeuropa\/wp-content\/uploads\/2014\/01\/escolarciudadreal2014001.jpg\" style=\"margin-left: 1em;margin-right: 1em\"><img loading=\"lazy\" decoding=\"async\" border=\"0\" src=\"https:\/\/www.bfv.cloud\/ajedrezeuropa\/wp-content\/uploads\/2014\/01\/escolarciudadreal2014001.jpg\" height=\"152\" width=\"640\" \/><\/a><\/div>\n<h3>\n<u><span style=\"color: #660000\">Campeonato del Deporte en Edad Escolar de Ciudad<br \/>\nReal (infantil)<\/span><\/u><\/h3>\n<div class=\"separator\" style=\"clear: both;text-align: center\">\n<a href=\"https:\/\/www.bfv.cloud\/ajedrezeuropa\/wp-content\/uploads\/2014\/01\/escolarciudadreal2014002.jpg\" style=\"margin-left: 1em;margin-right: 1em\"><img loading=\"lazy\" decoding=\"async\" border=\"0\" src=\"https:\/\/www.bfv.cloud\/ajedrezeuropa\/wp-content\/uploads\/2014\/01\/escolarciudadreal2014002.jpg\" height=\"168\" width=\"640\" \/><\/a><\/div>\n<div class=\"MsoBodyTextIndent2\" style=\"text-indent: 0cm\">\n<span style=\"color: #660000;font-family: Trebuchet MS, sans-serif\">Son 10 los ajedrecistas de<br \/>\nla escuela alcazare\u00f1a que ya se encuentran jugando el infantil en Miguelturra.<br \/>\nEl n\u00famero de participantes es de 63, clasific\u00e1ndose 3 chicos y 3 chicas para la<br \/>\nfase regional. A diferencia del provincial toledano, en Ciudad Real no se<br \/>\npublican de antemano los emparejamientos de la siguiente ronda, quedando a<br \/>\nexpensas de los jugadores que se encuentran presentes en cada una de las<br \/>\njornadas. Por esta raz\u00f3n solamente publicamos las clasificaciones<br \/>\nprovisionales: <\/span><\/div>\n<p><\/p>\n<div style=\"text-align: center\">\n<span style=\"font-family: 'Trebuchet MS', sans-serif\"><span style=\"color: #660000\"><u>Con 4 puntos:<\/u><\/span><\/span><\/div>\n<div style=\"text-align: center\">\n<span style=\"color: #660000\"><span style=\"font-family: Trebuchet MS, sans-serif\"><b>Julio M\u00e9rida<\/b><\/span><\/span><\/div>\n<p><span style=\"color: #660000\"><span style=\"font-family: Trebuchet MS, sans-serif\"><br \/>\n<\/span><span style=\"font-weight: normal\"><\/span><\/span><\/p>\n<div style=\"text-align: center\">\n<span style=\"color: #660000\"><span style=\"font-weight: normal\"><span style=\"font-family: 'Trebuchet MS', sans-serif\">(3\u00ba de la clasif provisional empatado con<br \/>\nel 1\u00ba)<\/span><\/span><\/span><\/div>\n<p><span style=\"color: #660000\"><span style=\"font-weight: normal\"><br \/>\n<\/span><span style=\"font-family: Trebuchet MS, sans-serif\"><\/p>\n<div style=\"text-align: center\">\n<u>Con 3 puntos:<\/u><\/div>\n<p><\/span><b><\/p>\n<div style=\"text-align: center\">\n<b><span style=\"font-family: Trebuchet MS, sans-serif\">Isabel<br \/>\nMarcos-Alberca<\/span><\/b><br \/>\n<span style=\"font-family: 'Trebuchet MS', sans-serif;font-weight: normal\">(1\u00aa femenina empatada a puntos con otras 3 jugadoras)<\/span><\/div>\n<p><\/b><b><\/p>\n<div style=\"text-align: center\">\n<b><span style=\"font-family: Trebuchet MS, sans-serif\">Marta<br \/>\nEspinosa<\/span><\/b><\/div>\n<p><\/b><span style=\"font-family: Trebuchet MS, sans-serif\"><\/p>\n<div style=\"text-align: center\">\n(4\u00aa<br \/>\nfemenina empatada con las 3 primeras)<\/div>\n<div style=\"text-align: center\">\n<i style=\"color: black;font-family: 'Times New Roman'\"><u><span style=\"color: #660000;font-family: Trebuchet MS, sans-serif\">Con 2 \u00bd puntos:<\/span><\/u><\/i><\/div>\n<p><\/span><b><\/p>\n<div style=\"text-align: center\">\n<b><span style=\"font-family: Trebuchet MS, sans-serif\">Arturo<br \/>\nMate<\/span><\/b><\/div>\n<div style=\"text-align: center\">\n<span style=\"font-family: 'Trebuchet MS', sans-serif;font-weight: normal\">(17\u00ba clasificado)<\/span><\/div>\n<p><\/b><span style=\"font-family: Trebuchet MS, sans-serif\"><\/p>\n<div style=\"text-align: center\">\n<u>Con 2 puntos:<\/u><\/div>\n<p><\/span><span style=\"font-family: Trebuchet MS, sans-serif\"><\/p>\n<div style=\"text-align: center\">\n<b>Enrique<br \/>\nVelasco <\/b>(24\u00ba)<\/div>\n<p><\/span><span style=\"font-family: Trebuchet MS, sans-serif\"><\/p>\n<div style=\"text-align: center\">\n<b>Julia<br \/>\nMeza <\/b>(5\u00aa plaza femenina)<\/div>\n<p><\/span><span style=\"font-family: Trebuchet MS, sans-serif\"><\/p>\n<div style=\"text-align: center\">\n<u>Con 1 \u00bd puntos:<\/u><\/div>\n<p><\/span><span style=\"font-family: Trebuchet MS, sans-serif\"><\/p>\n<div style=\"text-align: center\">\n<b>Rub\u00e9n<br \/>\nMonge <\/b>(43\u00ba)<br \/>\n<b>Samuel Ortiz <\/b><span style=\"color: #660000;font-family: 'Trebuchet MS', sans-serif\">(37\u00ba)<\/span><\/div>\n<p><\/span><\/span><\/p>\n<div class=\"MsoNormal\" style=\"text-align: center\">\n<i><u><span style=\"font-family: Trebuchet MS, sans-serif\"><span style=\"color: #660000\">Con 1 punto:<\/span><\/span><\/u><\/i><\/div>\n<div align=\"center\" class=\"MsoNormal\" style=\"text-align: center\">\n<span style=\"color: #660000;font-family: Trebuchet MS, sans-serif\"><b>Pablo Vela <\/b>(46\u00ba)<\/span><\/div>\n<div align=\"center\" class=\"MsoNormal\" style=\"text-align: center\">\n<span style=\"color: #660000;font-family: Trebuchet MS, sans-serif\"><b>\u00c1lvaro S\u00e1nchez-Mateos <\/b>(52\u00ba)<\/span><\/div>\n<div align=\"center\" class=\"MsoNormal\" style=\"text-align: center\">\n<b><br \/><\/b><\/div>\n<div class=\"separator\" style=\"clear: both;text-align: center\">\n<a href=\"https:\/\/www.bfv.cloud\/ajedrezeuropa\/wp-content\/uploads\/2014\/01\/escolarciudadreal2014003.jpg\" style=\"margin-left: 1em;margin-right: 1em\"><img loading=\"lazy\" decoding=\"async\" border=\"0\" src=\"https:\/\/www.bfv.cloud\/ajedrezeuropa\/wp-content\/uploads\/2014\/01\/escolarciudadreal2014003.jpg\" height=\"160\" width=\"640\" \/><\/a><\/div>\n<div class=\"MsoNormal\" style=\"text-align: left\">\n<b><span style=\"color: #660000;font-family: Trebuchet MS, sans-serif\">En la clasificaci\u00f3n provisional por<br \/>\nequipos Alc\u00e1zar ocupa la 3\u00aa plaza a 1 punto de los primeros, Valdepe\u00f1as, y<br \/>\nempatado con el 2\u00ba, Tomelloso.<\/span><\/b><\/div>\n<div class=\"MsoNormal\" style=\"text-align: left\">\n<b style=\"font-family: 'Trebuchet MS', sans-serif\"><span style=\"color: #660000\">Este es el enlace con Chess-Results para esta categor\u00eda:&nbsp;<\/span><\/b><\/div>\n<div class=\"MsoNormal\" style=\"text-align: left\">\n<b style=\"font-family: 'Trebuchet MS', sans-serif\"><span style=\"color: #660000\"><a href=\"http:\/\/chess-results.com\/tnr121289.aspx?lan=2&amp;art=1&amp;rd=4&amp;wi=821\">Clasificaci\u00f3n provisional Escolar Infantil Ciudad Real<\/a><\/span><\/b><\/div>\n<h3>\n<u><span style=\"color: #660000\">Campeonato del Deporte en Edad Escolar de Ciudad<br \/>\nReal (cadete)<\/span><\/u><\/h3>\n<div class=\"MsoNormal\">\n&nbsp;<span style=\"color: #660000;font-family: 'Trebuchet MS', sans-serif;text-indent: 0cm\">Despu\u00e9s de la doble ronda<br \/>\ndel domingo, <b>Javier Valdepe\u00f1as<\/b>, se encuentra con<\/span><\/div>\n<p><\/p>\n<div class=\"MsoBodyTextIndent2\" style=\"text-indent: 0cm\">\n<span style=\"color: #660000;font-family: Trebuchet MS, sans-serif\">&nbsp;2 \u00bd puntos, compartiendo el 1er. puesto con<br \/>\nMiguel Perales de Tomelloso. Los enfrentamientos de la 4\u00aa ronda definir\u00e1n las<br \/>\nposibilidades de los 4 jugadores mejor clasificados.&nbsp;<\/span><\/div>\n<div class=\"MsoBodyTextIndent2\" style=\"text-indent: 0cm\">\n<b><span style=\"color: #660000;font-family: Trebuchet MS, sans-serif\">Para m\u00e1s informaci\u00f3n, os dejamos el enlace con la p\u00e1gina de Chess-Results:&nbsp;<a href=\"http:\/\/chess-results.com\/tnr121288.aspx?lan=2&amp;art=1&amp;rd=3&amp;wi=821\">Clasificaci\u00f3n provisional Escolar Cadete Ciudad Real<\/a><\/span><\/b><\/div>\n","protected":false},"excerpt":{"rendered":"<p>Tras celebrarse una nueva jornada en las fases provinciales de los campeonatos escolares de Toledo y Ciudad real y completarse, de esta forma, la mitad de las rondas previstas en estos torneos, el balance de resultados que podemos realizar es muy positivo para los 23 chicos y chicas que se mantienen en competici\u00f3n.Como hemos indicado, [&hellip;]<\/p>\n","protected":false},"author":1,"featured_media":759,"comment_status":"open","ping_status":"closed","sticky":false,"template":"","format":"standard","meta":{"footnotes":""},"categories":[1],"tags":[],"class_list":["post-758","post","type-post","status-publish","format-standard","has-post-thumbnail","hentry","category-noticias"],"_links":{"self":[{"href":"https:\/\/www.bfv.cloud\/ajedrezeuropa\/wp-json\/wp\/v2\/posts\/758","targetHints":{"allow":["GET"]}}],"collection":[{"href":"https:\/\/www.bfv.cloud\/ajedrezeuropa\/wp-json\/wp\/v2\/posts"}],"about":[{"href":"https:\/\/www.bfv.cloud\/ajedrezeuropa\/wp-json\/wp\/v2\/types\/post"}],"author":[{"embeddable":true,"href":"https:\/\/www.bfv.cloud\/ajedrezeuropa\/wp-json\/wp\/v2\/users\/1"}],"replies":[{"embeddable":true,"href":"https:\/\/www.bfv.cloud\/ajedrezeuropa\/wp-json\/wp\/v2\/comments?post=758"}],"version-history":[{"count":1,"href":"https:\/\/www.bfv.cloud\/ajedrezeuropa\/wp-json\/wp\/v2\/posts\/758\/revisions"}],"predecessor-version":[{"id":768,"href":"https:\/\/www.bfv.cloud\/ajedrezeuropa\/wp-json\/wp\/v2\/posts\/758\/revisions\/768"}],"wp:featuredmedia":[{"embeddable":true,"href":"https:\/\/www.bfv.cloud\/ajedrezeuropa\/wp-json\/wp\/v2\/media\/759"}],"wp:attachment":[{"href":"https:\/\/www.bfv.cloud\/ajedrezeuropa\/wp-json\/wp\/v2\/media?parent=758"}],"wp:term":[{"taxonomy":"category","embeddable":true,"href":"https:\/\/www.bfv.cloud\/ajedrezeuropa\/wp-json\/wp\/v2\/categories?post=758"},{"taxonomy":"post_tag","embeddable":true,"href":"https:\/\/www.bfv.cloud\/ajedrezeuropa\/wp-json\/wp\/v2\/tags?post=758"}],"curies":[{"name":"wp","href":"https:\/\/api.w.org\/{rel}","templated":true}]}}