{"id":769,"date":"2015-09-13T12:05:00","date_gmt":"2015-09-13T12:05:00","guid":{"rendered":"https:\/\/www.bfv.cloud\/ajedrezeuropa\/index.php\/2015\/09\/13\/la-revista-de-educacion-trata-sobre-el-ajedrez-en-la-escuela\/"},"modified":"2025-11-20T10:22:16","modified_gmt":"2025-11-20T10:22:16","slug":"la-revista-de-educacion-trata-sobre-el-ajedrez-en-la-escuela","status":"publish","type":"post","link":"https:\/\/www.bfv.cloud\/ajedrezeuropa\/la-revista-de-educacion-trata-sobre-el-ajedrez-en-la-escuela\/","title":{"rendered":"LA REVISTA DE EDUCACI\u00d3N TRATA SOBRE \u00abEL AJEDREZ EN LA ESCUELA\u00bb"},"content":{"rendered":"<div class=\"separator\" style=\"clear: both;text-align: center\">\n<a href=\"https:\/\/www.bfv.cloud\/ajedrezeuropa\/wp-content\/uploads\/2015\/09\/image-0008.jpg\" style=\"clear: left;float: left;margin-bottom: 1em;margin-right: 1em\"><img fetchpriority=\"high\" decoding=\"async\" border=\"0\" height=\"640\" src=\"https:\/\/blogger.googleusercontent.com\/img\/b\/R29vZ2xl\/AVvXsEi1iTQ19wdPJMuM46RKq3-bqz8sIH08EJfE5WztQDXIYDFbGkU6TjJ36lG2HZYgZWlpePafigyN1DeLJSv7rl20ntBq1ffxeopyDseLNeK77E0jVfcOaR4lkqQ7XZ4SJJ9b0ihvtB_8ixM\/s640\/image-0008.jpg\" width=\"452\" \/><\/a><\/div>\n<p><span style=\"color: #20124d;font-family: Verdana, sans-serif\"><b>El n\u00ba 2 de la recientemente editada REVISTA DE EDUCACI\u00d3N incluye un art\u00edculo que trata sobre el proyecto \u00abEL AJEDREZ EN LA ESCUELA\u00bb en su desarrollo en Castilla-La Mancha. Como todos sab\u00e9is es algo que nos toca muy de cerca pues es algo elaborado y puesto en marcha desde NUESTRO AJEDREZ EN EUROPA. Hemos extra\u00eddo en estas dos im\u00e1genes el contenido completo del art\u00edculo, aunque para poder leerlo tendr\u00e9is que abrir las im\u00e1genes y ampliarlas.<\/b><\/span><br \/>\n<span style=\"color: #20124d;font-family: Verdana, sans-serif\"><b>Tambi\u00e9n pod\u00e9is acceder a la REVISTA al completo a trav\u00e9s del siguiente enlace:<\/b><\/span><br \/>\n<span style=\"color: #20124d;font-family: Verdana, sans-serif\"><b><br \/><\/b><\/span><br \/>\n<span style=\"color: #20124d;font-family: Verdana, sans-serif\"><b><a href=\"http:\/\/issuu.com\/sairadesign\/docs\/revista_de_educacion_2015\">ENLACE REVISTA DE EDUCACI\u00d3N N\u00ba 2<\/a><\/b><\/span><br \/>\n<span style=\"color: #20124d;font-family: Verdana, sans-serif\"><br \/><\/span><br \/>\n<\/p>\n<div class=\"separator\" style=\"clear: both;text-align: center\">\n<a href=\"https:\/\/www.bfv.cloud\/ajedrezeuropa\/wp-content\/uploads\/2015\/09\/image-0009.jpg\" style=\"clear: right;float: right;margin-bottom: 1em;margin-left: 1em\"><img decoding=\"async\" border=\"0\" height=\"640\" src=\"https:\/\/blogger.googleusercontent.com\/img\/b\/R29vZ2xl\/AVvXsEhpLACnmECXQQAY7eEk7fy0-bz6v4xLINS81bIOCtER9xxJ9L8m4NV29wRtmThcsFPsmuYbpNJ-AtSBs5ma2ALswfLMCid4_itBTIv4wRSWRMKJNiXSpT-wTUJCP1AynPDoetxAbY86fFw\/s640\/image-0009.jpg\" width=\"452\" \/><\/a><\/div>\n<p><span style=\"color: #20124d;font-family: Verdana, sans-serif\"><b>Esperamos que os resulte interesante su contenido.<\/b><\/span><\/p>\n","protected":false},"excerpt":{"rendered":"<p>El n\u00ba 2 de la recientemente editada REVISTA DE EDUCACI\u00d3N incluye un art\u00edculo que trata sobre el proyecto \u00abEL AJEDREZ EN LA ESCUELA\u00bb en su desarrollo en Castilla-La Mancha. Como todos sab\u00e9is es algo que nos toca muy de cerca pues es algo elaborado y puesto en marcha desde NUESTRO AJEDREZ EN EUROPA. Hemos extra\u00eddo [&hellip;]<\/p>\n","protected":false},"author":1,"featured_media":770,"comment_status":"open","ping_status":"closed","sticky":false,"template":"","format":"standard","meta":{"footnotes":""},"categories":[1],"tags":[],"class_list":["post-769","post","type-post","status-publish","format-standard","has-post-thumbnail","hentry","category-noticias"],"_links":{"self":[{"href":"https:\/\/www.bfv.cloud\/ajedrezeuropa\/wp-json\/wp\/v2\/posts\/769","targetHints":{"allow":["GET"]}}],"collection":[{"href":"https:\/\/www.bfv.cloud\/ajedrezeuropa\/wp-json\/wp\/v2\/posts"}],"about":[{"href":"https:\/\/www.bfv.cloud\/ajedrezeuropa\/wp-json\/wp\/v2\/types\/post"}],"author":[{"embeddable":true,"href":"https:\/\/www.bfv.cloud\/ajedrezeuropa\/wp-json\/wp\/v2\/users\/1"}],"replies":[{"embeddable":true,"href":"https:\/\/www.bfv.cloud\/ajedrezeuropa\/wp-json\/wp\/v2\/comments?post=769"}],"version-history":[{"count":1,"href":"https:\/\/www.bfv.cloud\/ajedrezeuropa\/wp-json\/wp\/v2\/posts\/769\/revisions"}],"predecessor-version":[{"id":772,"href":"https:\/\/www.bfv.cloud\/ajedrezeuropa\/wp-json\/wp\/v2\/posts\/769\/revisions\/772"}],"wp:featuredmedia":[{"embeddable":true,"href":"https:\/\/www.bfv.cloud\/ajedrezeuropa\/wp-json\/wp\/v2\/media\/770"}],"wp:attachment":[{"href":"https:\/\/www.bfv.cloud\/ajedrezeuropa\/wp-json\/wp\/v2\/media?parent=769"}],"wp:term":[{"taxonomy":"category","embeddable":true,"href":"https:\/\/www.bfv.cloud\/ajedrezeuropa\/wp-json\/wp\/v2\/categories?post=769"},{"taxonomy":"post_tag","embeddable":true,"href":"https:\/\/www.bfv.cloud\/ajedrezeuropa\/wp-json\/wp\/v2\/tags?post=769"}],"curies":[{"name":"wp","href":"https:\/\/api.w.org\/{rel}","templated":true}]}}