{"id":773,"date":"2022-12-13T20:15:00","date_gmt":"2022-12-13T20:15:00","guid":{"rendered":"https:\/\/www.bfv.cloud\/ajedrezeuropa\/index.php\/2022\/12\/13\/la-escuela-de-ajedrez-colabora-en-una-nueva-actividad-con-la-concejalia-de-juventud-y-los-servicios-sociales-de-alcazar\/"},"modified":"2025-11-20T10:22:20","modified_gmt":"2025-11-20T10:22:20","slug":"la-escuela-de-ajedrez-colabora-en-una-nueva-actividad-con-la-concejalia-de-juventud-y-los-servicios-sociales-de-alcazar","status":"publish","type":"post","link":"https:\/\/www.bfv.cloud\/ajedrezeuropa\/la-escuela-de-ajedrez-colabora-en-una-nueva-actividad-con-la-concejalia-de-juventud-y-los-servicios-sociales-de-alcazar\/","title":{"rendered":"LA ESCUELA DE AJEDREZ COLABORA EN UNA NUEVA ACTIVIDAD CON LA CONCEJAL\u00cdA DE JUVENTUD Y LOS SERVICIOS SOCIALES DE ALC\u00c1ZAR"},"content":{"rendered":"<p>&nbsp;<\/p>\n<div class=\"separator\" style=\"clear: both;text-align: center\"><a href=\"https:\/\/www.bfv.cloud\/ajedrezeuropa\/wp-content\/uploads\/2022\/12\/ACTIVIDAD20ESPECIAL201720DICIEMBRE202022.jpeg\" style=\"clear: right;float: right;margin-bottom: 1em;margin-left: 1em\"><img fetchpriority=\"high\" decoding=\"async\" border=\"0\" data-original-height=\"1600\" data-original-width=\"1131\" height=\"640\" src=\"https:\/\/blogger.googleusercontent.com\/img\/b\/R29vZ2xl\/AVvXsEhG0vmxJ5RsN2eXKkxJ0atH27RcT79S1UtZxbUhAKjK766paWO7mCY0TEeav_a9EaH8QbXUb_mMhs14B4Jhk6WQmy_vXo-5EAHFUuMxRcBtndhDsze5Xk2vtYPcKbXQULj3g-5lX7XkcYHsRmUr1FAMJ4Joe1a1CMVUk9I7DwVjg7SvAJwtg3i-mmMW\/w452-h640\/ACTIVIDAD%20ESPECIAL%2017%20DICIEMBRE%202022.jpeg\" width=\"452\" \/><\/a><\/div>\n<p><span style=\"font-family: Montserrat;font-size: large\">Este s\u00e1bado 17 de diciembre la escuela de ajedrez de Alc\u00e1zar abre sus puertas para recibir a todo aquella persona que quiera acercarse a vivir la experiencia del ajedrez con sus alumnos, alumnas y preparadores. Con la participaci\u00f3n de la Concejal\u00eda de Juventud y del \u00e1rea de Servicios Sociales se ha preparado una matinal muy atractiva para los aficionados alcazare\u00f1os.<\/span><\/p>\n<p><span style=\"font-family: Montserrat;font-size: large\">\u00a1\u00a1Os esperamos este s\u00e1bado en el C.I.J. Covadonga!!<\/span><\/p>\n<p><span style=\"font-family: Montserrat;font-size: large\"><\/span><\/p>\n<div class=\"separator\" style=\"clear: both;text-align: center\"><span style=\"font-family: Montserrat;font-size: large\"><a href=\"https:\/\/www.bfv.cloud\/ajedrezeuropa\/wp-content\/uploads\/2022\/12\/120ACTIVIDAD20ESPECIAL201720DICIEMBRE202022.jpeg\" style=\"margin-left: 1em;margin-right: 1em\"><img decoding=\"async\" border=\"0\" data-original-height=\"1600\" data-original-width=\"1131\" height=\"640\" src=\"https:\/\/blogger.googleusercontent.com\/img\/b\/R29vZ2xl\/AVvXsEhF72RbvNGRggJt9cZ9xSssk6ZYbuyh_OnhdDdOUkBKVdtQLDUHG6Z8sDy38rr-IBjAbF_wS0LXcmGTR8EDTJ_Ua5v1rbw7RLmCteQpUm4CJkyc-HRaSCccWrvNXcRGbbv0I618c32_Cy5hihYbLvtrDf0WfMAj4vCF5330Y9uev8o6vwJrTlcQwI7v\/w452-h640\/1%20ACTIVIDAD%20ESPECIAL%2017%20DICIEMBRE%202022.jpeg\" width=\"452\" \/><\/a><\/span><\/div>\n<p><span style=\"font-family: Montserrat;font-size: large\"><br \/>&nbsp;<\/span><\/p>\n","protected":false},"excerpt":{"rendered":"<p>&nbsp; Este s\u00e1bado 17 de diciembre la escuela de ajedrez de Alc\u00e1zar abre sus puertas para recibir a todo aquella persona que quiera acercarse a vivir la experiencia del ajedrez con sus alumnos, alumnas y preparadores. Con la participaci\u00f3n de la Concejal\u00eda de Juventud y del \u00e1rea de Servicios Sociales se ha preparado una matinal [&hellip;]<\/p>\n","protected":false},"author":1,"featured_media":774,"comment_status":"open","ping_status":"closed","sticky":false,"template":"","format":"standard","meta":{"footnotes":""},"categories":[1],"tags":[],"class_list":["post-773","post","type-post","status-publish","format-standard","has-post-thumbnail","hentry","category-noticias"],"_links":{"self":[{"href":"https:\/\/www.bfv.cloud\/ajedrezeuropa\/wp-json\/wp\/v2\/posts\/773","targetHints":{"allow":["GET"]}}],"collection":[{"href":"https:\/\/www.bfv.cloud\/ajedrezeuropa\/wp-json\/wp\/v2\/posts"}],"about":[{"href":"https:\/\/www.bfv.cloud\/ajedrezeuropa\/wp-json\/wp\/v2\/types\/post"}],"author":[{"embeddable":true,"href":"https:\/\/www.bfv.cloud\/ajedrezeuropa\/wp-json\/wp\/v2\/users\/1"}],"replies":[{"embeddable":true,"href":"https:\/\/www.bfv.cloud\/ajedrezeuropa\/wp-json\/wp\/v2\/comments?post=773"}],"version-history":[{"count":1,"href":"https:\/\/www.bfv.cloud\/ajedrezeuropa\/wp-json\/wp\/v2\/posts\/773\/revisions"}],"predecessor-version":[{"id":776,"href":"https:\/\/www.bfv.cloud\/ajedrezeuropa\/wp-json\/wp\/v2\/posts\/773\/revisions\/776"}],"wp:featuredmedia":[{"embeddable":true,"href":"https:\/\/www.bfv.cloud\/ajedrezeuropa\/wp-json\/wp\/v2\/media\/774"}],"wp:attachment":[{"href":"https:\/\/www.bfv.cloud\/ajedrezeuropa\/wp-json\/wp\/v2\/media?parent=773"}],"wp:term":[{"taxonomy":"category","embeddable":true,"href":"https:\/\/www.bfv.cloud\/ajedrezeuropa\/wp-json\/wp\/v2\/categories?post=773"},{"taxonomy":"post_tag","embeddable":true,"href":"https:\/\/www.bfv.cloud\/ajedrezeuropa\/wp-json\/wp\/v2\/tags?post=773"}],"curies":[{"name":"wp","href":"https:\/\/api.w.org\/{rel}","templated":true}]}}