{"id":777,"date":"2019-01-22T18:12:00","date_gmt":"2019-01-22T18:12:00","guid":{"rendered":"https:\/\/www.bfv.cloud\/ajedrezeuropa\/index.php\/2019\/01\/22\/graciasmil-a-heroes-anonimos-y-cmm\/"},"modified":"2025-11-20T10:22:22","modified_gmt":"2025-11-20T10:22:22","slug":"graciasmil-a-heroes-anonimos-y-cmm","status":"publish","type":"post","link":"https:\/\/www.bfv.cloud\/ajedrezeuropa\/graciasmil-a-heroes-anonimos-y-cmm\/","title":{"rendered":"#GRACIASMIL A H\u00c9ROES AN\u00d3NIMOS Y CMM"},"content":{"rendered":"<table cellpadding=\"0\" cellspacing=\"0\" class=\"tr-caption-container\" style=\"float: left;margin-right: 1em;text-align: left\">\n<tbody>\n<tr>\n<td style=\"text-align: center\"><a href=\"https:\/\/www.bfv.cloud\/ajedrezeuropa\/wp-content\/uploads\/2019\/01\/HEROESANONIMOSMILGRACIAS.jpg\" style=\"clear: left;margin-bottom: 1em;margin-left: auto;margin-right: auto\"><img fetchpriority=\"high\" decoding=\"async\" border=\"0\" data-original-height=\"1600\" data-original-width=\"970\" height=\"400\" src=\"https:\/\/blogger.googleusercontent.com\/img\/b\/R29vZ2xl\/AVvXsEg1hOfvJmdbU3x7SHWRrPb-0dXgPRImeJgfbwZ2DvzZrnpyhlz2AD0cJIHNNicgyLOKZUoGEci00LCtVD4b7jqAE9ABrkzhmO3hr_EOdlo1lYyy1i07ayVLbMo0JvQNFJLKmiIOfXvBDJc\/s400\/HEROES+ANONIMOS+MIL+GRACIAS.JPG\" width=\"242\" \/><\/a><\/td>\n<\/tr>\n<tr>\n<td class=\"tr-caption\" style=\"text-align: center\">Juli\u00e1n Cano y F\u00e9lix Toribio<\/td>\n<\/tr>\n<\/tbody>\n<\/table>\n<p><span style=\", sans-serif;font-size: large\">Castilla-La Mancha Media (CMM) y el programa \u00abH\u00e9roes An\u00f3nimos\u00bb, dirigido por Juli\u00e1n Cano, han rendido homenaje a los m\u00e1s de 80 colectivos que han merecido su atenci\u00f3n a lo largo de las 6 temporadas de emisi\u00f3n. En un acto celebrado en el auditorio de CMM en Toledo, y en presencia de personalidades del \u00e1mbito educativo, cient\u00edfico, social, empresarial y pol\u00edtico, distintas personas ofrecieron su testimonio m\u00e1s sincero, sentido y feliz, a pesar de las distintas adversidades de la vida. La gran emoci\u00f3n transmitida por palabras como las de Sergio o Iker llenaron el peque\u00f1o y abarrotado auditorio toledano<\/span><span style=\"font-family: verdana, sans-serif;font-size: large\">.&nbsp;<\/span><br \/>\n<span style=\"font-family: verdana, sans-serif;font-size: large\">Para nosotros ha sido un placer compartir con el gran profesional que es Juli\u00e1n Cano y con personas como Juan Ram\u00f3n Amores un acto tan c\u00e1lido y humano como el de ayer.&nbsp;<\/span><br \/>\n<span style=\", sans-serif;font-size: large\">#GraciasMIL a todos los participantes y, en especial, para aquellos que trabajan d\u00eda a d\u00eda por hacer una sociedad donde valores como la integraci\u00f3n, la igualdad, la solidaridad o la cooperaci\u00f3n, sean una realidad.<\/span><\/p>\n","protected":false},"excerpt":{"rendered":"<p>Juli\u00e1n Cano y F\u00e9lix Toribio Castilla-La Mancha Media (CMM) y el programa \u00abH\u00e9roes An\u00f3nimos\u00bb, dirigido por Juli\u00e1n Cano, han rendido homenaje a los m\u00e1s de 80 colectivos que han merecido su atenci\u00f3n a lo largo de las 6 temporadas de emisi\u00f3n. En un acto celebrado en el auditorio de CMM en Toledo, y en presencia [&hellip;]<\/p>\n","protected":false},"author":1,"featured_media":778,"comment_status":"open","ping_status":"closed","sticky":false,"template":"","format":"standard","meta":{"footnotes":""},"categories":[1],"tags":[],"class_list":["post-777","post","type-post","status-publish","format-standard","has-post-thumbnail","hentry","category-noticias"],"_links":{"self":[{"href":"https:\/\/www.bfv.cloud\/ajedrezeuropa\/wp-json\/wp\/v2\/posts\/777","targetHints":{"allow":["GET"]}}],"collection":[{"href":"https:\/\/www.bfv.cloud\/ajedrezeuropa\/wp-json\/wp\/v2\/posts"}],"about":[{"href":"https:\/\/www.bfv.cloud\/ajedrezeuropa\/wp-json\/wp\/v2\/types\/post"}],"author":[{"embeddable":true,"href":"https:\/\/www.bfv.cloud\/ajedrezeuropa\/wp-json\/wp\/v2\/users\/1"}],"replies":[{"embeddable":true,"href":"https:\/\/www.bfv.cloud\/ajedrezeuropa\/wp-json\/wp\/v2\/comments?post=777"}],"version-history":[{"count":1,"href":"https:\/\/www.bfv.cloud\/ajedrezeuropa\/wp-json\/wp\/v2\/posts\/777\/revisions"}],"predecessor-version":[{"id":779,"href":"https:\/\/www.bfv.cloud\/ajedrezeuropa\/wp-json\/wp\/v2\/posts\/777\/revisions\/779"}],"wp:featuredmedia":[{"embeddable":true,"href":"https:\/\/www.bfv.cloud\/ajedrezeuropa\/wp-json\/wp\/v2\/media\/778"}],"wp:attachment":[{"href":"https:\/\/www.bfv.cloud\/ajedrezeuropa\/wp-json\/wp\/v2\/media?parent=777"}],"wp:term":[{"taxonomy":"category","embeddable":true,"href":"https:\/\/www.bfv.cloud\/ajedrezeuropa\/wp-json\/wp\/v2\/categories?post=777"},{"taxonomy":"post_tag","embeddable":true,"href":"https:\/\/www.bfv.cloud\/ajedrezeuropa\/wp-json\/wp\/v2\/tags?post=777"}],"curies":[{"name":"wp","href":"https:\/\/api.w.org\/{rel}","templated":true}]}}