{"id":780,"date":"2014-07-05T16:32:00","date_gmt":"2014-07-05T16:32:00","guid":{"rendered":"https:\/\/www.bfv.cloud\/ajedrezeuropa\/index.php\/2014\/07\/05\/torneo-internacional-y-de-promocion-de-almansa\/"},"modified":"2025-11-20T10:22:23","modified_gmt":"2025-11-20T10:22:23","slug":"torneo-internacional-y-de-promocion-de-almansa","status":"publish","type":"post","link":"https:\/\/www.bfv.cloud\/ajedrezeuropa\/torneo-internacional-y-de-promocion-de-almansa\/","title":{"rendered":"TORNEO INTERNACIONAL Y DE PROMOCI\u00d3N DE ALMANSA"},"content":{"rendered":"<div class=\"separator\" style=\"clear: both;text-align: center\">\n<a href=\"https:\/\/www.bfv.cloud\/ajedrezeuropa\/wp-content\/uploads\/2014\/07\/CartelAjedrezAlmansa2014.jpeg\" style=\"clear: right;float: right;margin-bottom: 1em;margin-left: 1em\"><img fetchpriority=\"high\" decoding=\"async\" border=\"0\" src=\"https:\/\/www.bfv.cloud\/ajedrezeuropa\/wp-content\/uploads\/2014\/07\/CartelAjedrezAlmansa2014.jpeg\" height=\"400\" width=\"276\" \/><\/a><\/div>\n<p><span style=\"font-family: Arial, Helvetica, sans-serif\">Coincidiendo con el 25\u00ba aniversario del club de ajedrez Almansa, y del 5 al 10 de agosto, se celebrar\u00e1 una nueva edici\u00f3n de su torneo internacional y del dedicado a la promoci\u00f3n entre los jugadores m\u00e1s j\u00f3venes y de menor elo. Hace unos d\u00edas el responsable de su organizaci\u00f3n, Juan Fco. Gil, nos envi\u00f3 la informaci\u00f3n completa y nos pidi\u00f3 que le di\u00e9semos publicidad.&nbsp;<\/span><\/p>\n","protected":false},"excerpt":{"rendered":"<p>Coincidiendo con el 25\u00ba aniversario del club de ajedrez Almansa, y del 5 al 10 de agosto, se celebrar\u00e1 una nueva edici\u00f3n de su torneo internacional y del dedicado a la promoci\u00f3n entre los jugadores m\u00e1s j\u00f3venes y de menor elo. Hace unos d\u00edas el responsable de su organizaci\u00f3n, Juan Fco. Gil, nos envi\u00f3 la [&hellip;]<\/p>\n","protected":false},"author":1,"featured_media":781,"comment_status":"open","ping_status":"closed","sticky":false,"template":"","format":"standard","meta":{"footnotes":""},"categories":[1],"tags":[],"class_list":["post-780","post","type-post","status-publish","format-standard","has-post-thumbnail","hentry","category-noticias"],"_links":{"self":[{"href":"https:\/\/www.bfv.cloud\/ajedrezeuropa\/wp-json\/wp\/v2\/posts\/780","targetHints":{"allow":["GET"]}}],"collection":[{"href":"https:\/\/www.bfv.cloud\/ajedrezeuropa\/wp-json\/wp\/v2\/posts"}],"about":[{"href":"https:\/\/www.bfv.cloud\/ajedrezeuropa\/wp-json\/wp\/v2\/types\/post"}],"author":[{"embeddable":true,"href":"https:\/\/www.bfv.cloud\/ajedrezeuropa\/wp-json\/wp\/v2\/users\/1"}],"replies":[{"embeddable":true,"href":"https:\/\/www.bfv.cloud\/ajedrezeuropa\/wp-json\/wp\/v2\/comments?post=780"}],"version-history":[{"count":1,"href":"https:\/\/www.bfv.cloud\/ajedrezeuropa\/wp-json\/wp\/v2\/posts\/780\/revisions"}],"predecessor-version":[{"id":782,"href":"https:\/\/www.bfv.cloud\/ajedrezeuropa\/wp-json\/wp\/v2\/posts\/780\/revisions\/782"}],"wp:featuredmedia":[{"embeddable":true,"href":"https:\/\/www.bfv.cloud\/ajedrezeuropa\/wp-json\/wp\/v2\/media\/781"}],"wp:attachment":[{"href":"https:\/\/www.bfv.cloud\/ajedrezeuropa\/wp-json\/wp\/v2\/media?parent=780"}],"wp:term":[{"taxonomy":"category","embeddable":true,"href":"https:\/\/www.bfv.cloud\/ajedrezeuropa\/wp-json\/wp\/v2\/categories?post=780"},{"taxonomy":"post_tag","embeddable":true,"href":"https:\/\/www.bfv.cloud\/ajedrezeuropa\/wp-json\/wp\/v2\/tags?post=780"}],"curies":[{"name":"wp","href":"https:\/\/api.w.org\/{rel}","templated":true}]}}