{"id":783,"date":"2016-04-16T07:22:00","date_gmt":"2016-04-16T07:22:00","guid":{"rendered":"https:\/\/www.bfv.cloud\/ajedrezeuropa\/index.php\/2016\/04\/16\/isabel-marcos-alberca-lizcano-premiada-en-la-xxi-gala-del-deporte-de-la-diputacion-de-ciudad-real\/"},"modified":"2025-11-20T10:22:27","modified_gmt":"2025-11-20T10:22:27","slug":"isabel-marcos-alberca-lizcano-premiada-en-la-xxi-gala-del-deporte-de-la-diputacion-de-ciudad-real","status":"publish","type":"post","link":"https:\/\/www.bfv.cloud\/ajedrezeuropa\/isabel-marcos-alberca-lizcano-premiada-en-la-xxi-gala-del-deporte-de-la-diputacion-de-ciudad-real\/","title":{"rendered":"ISABEL MARCOS-ALBERCA LIZCANO PREMIADA EN LA XXI GALA DEL DEPORTE DE LA DIPUTACI\u00d3N DE CIUDAD REAL"},"content":{"rendered":"<table cellpadding=\"0\" cellspacing=\"0\" class=\"tr-caption-container\" style=\"float: left;margin-right: 1em;text-align: left\">\n<tbody>\n<tr>\n<td style=\"text-align: center\"><a href=\"https:\/\/www.bfv.cloud\/ajedrezeuropa\/wp-content\/uploads\/2016\/04\/IMG_20160414_215356.jpg\" style=\"clear: left;margin-bottom: 1em;margin-left: auto;margin-right: auto\"><img fetchpriority=\"high\" decoding=\"async\" border=\"0\" height=\"400\" src=\"https:\/\/blogger.googleusercontent.com\/img\/b\/R29vZ2xl\/AVvXsEjWfXv2OvgeEyNKhah9XD9n-SOvL6R27p1h9mKxiHN8eaCEfxrN-tU0xtMz70V6R9rf5l1V2QvEE9aLBLkW8gCAxLttoKN2SBtqX3wGcie9wdnKAesyaxGrDMvNho7QFJMB15ixG_vE324\/s400\/IMG_20160414_215356.jpg\" width=\"300\" \/><\/a><\/td>\n<\/tr>\n<tr>\n<td class=\"tr-caption\" style=\"text-align: center\">Isabel Marcos-Alberca Lizcano<br \/>junto al cartel de la Gala&nbsp;<\/td>\n<\/tr>\n<\/tbody>\n<\/table>\n<div style=\"margin-bottom: .0001pt;margin: 0cm;text-align: justify\">\n<span style=\"color: blue;font-size: 14.0pt\">ISABEL MARCOS-ALBERCA LIZCANO, <\/span><span style=\"font-size: 14.0pt\">de Campo de<br \/>\nCriptana y con 14 a\u00f1os de edad, ha sido la premiada dentro de la categor\u00eda<br \/>\njuvenil femenina de ajedrez en la XXI Gala del Deporte de la Diputaci\u00f3n de<br \/>\nCiudad Real celebrada el jueves 14 de abril en la poblaci\u00f3n de Herencia<span style=\"color: blue\">. Isabel <\/span>es desde hace 8 a\u00f1os alumna de la Escuela<br \/>\nMunicipal de Alc\u00e1zar y, actualmente, es componente del equipo sub-16 del CD<br \/>\nNUESTRO AJEDREZ POR LA IGUALDAD. En su trayectoria deportiva se cuentan varios<br \/>\nt\u00edtulos regionales y provinciales, m\u00faltiples participaciones en los campeonatos<br \/>\nde Espa\u00f1a individuales y por equipos de club, junto a alguna clasificaci\u00f3n para<br \/>\nla final del Campeonato de Espa\u00f1a del Deporte en Edad Escolar representando a<br \/>\nCastilla-La Mancha.<\/span><\/div>\n<div style=\"margin-bottom: .0001pt;margin: 0cm;text-align: justify\">\n<span style=\"font-size: 14.0pt\">La<br \/>\nprogresi\u00f3n de su juego y la evoluci\u00f3n en su afici\u00f3n por el ajedrez la han<br \/>\nconvertido en una jugadora fundamental para su equipo. <span style=\"color: blue\">Isabel<br \/>\nMarcos-Alberca <\/span>es una jugadora tenaz y luchadora que cuenta con una gran<br \/>\nformaci\u00f3n ajedrec\u00edstica y muchas horas de experiencia en competici\u00f3n. En los<br \/>\n\u00faltimos a\u00f1os sus ganas de jugar han seguido creciendo, siendo habitual su<br \/>\npresencia en torneos internacionales y en los campeonatos nacionales por edades<br \/>\nde Salobre\u00f1a (Granada). En 2013, 2014 y 2015 tambi\u00e9n ha participado en la fase<br \/>\nfinal del Campeonato de Espa\u00f1a por Equipos de Club sub-16 con Nuestro Ajedrez<br \/>\npor la Igualdad.<\/span><\/div>\n<table cellpadding=\"0\" cellspacing=\"0\" class=\"tr-caption-container\" style=\"float: right;margin-left: 1em;text-align: right\">\n<tbody>\n<tr>\n<td style=\"text-align: center\"><a href=\"https:\/\/www.bfv.cloud\/ajedrezeuropa\/wp-content\/uploads\/2016\/04\/IMG_20160414_213957.jpg\" style=\"clear: right;margin-bottom: 1em;margin-left: auto;margin-right: auto\"><img decoding=\"async\" border=\"0\" height=\"300\" src=\"https:\/\/blogger.googleusercontent.com\/img\/b\/R29vZ2xl\/AVvXsEjKiuX_lm3r1OwpQ294w5OYSngso4Pi5L5ptP9ko6VoYpc1NUuXJiRhVdHMPNJxasQMsktEQ-DiCdlyHdmwWGh2kk5hq6mKrE3kGJhK1IGU6cgcSDHhZVjTM4LGqNfk7bQC12v1Kb8ww0E\/s400\/IMG_20160414_213957.jpg\" width=\"400\" \/><\/a><\/td>\n<\/tr>\n<tr>\n<td class=\"tr-caption\" style=\"text-align: center\">Isabel acompa\u00f1ada de Miguel y de Esther en el auditorio de Herencia<\/td>\n<\/tr>\n<\/tbody>\n<\/table>\n<div style=\"margin-bottom: .0001pt;margin: 0cm;text-align: justify\">\n<span style=\"font-size: 14.0pt\">En<br \/>\nla Gala tambi\u00e9n fueron premiados dos j\u00f3venes ajedrecistas de la provincia de<br \/>\nCiudad Real: Miguel Perales Pat\u00f3n de Tomelloso y Esther Ruiz de Le\u00f3n de<br \/>\nValdepe\u00f1as.<\/span><\/div>\n<div style=\"margin-bottom: .0001pt;margin: 0cm;text-align: justify\">\n<span style=\"font-size: 14.0pt\">Recordemos<br \/>\nque en 2016 tambi\u00e9n se ha premiado al Club Nuestro Ajedrez en Europa en la Gala<br \/>\nla Diputaci\u00f3n de Toledo, y que es la primera vez en la que hemos recibido una<br \/>\ndoble distinci\u00f3n. <\/span><\/div>\n<div style=\"margin-bottom: .0001pt;margin: 0cm;text-align: justify\">\n<span style=\"font-size: 14.0pt\">En<br \/>\nnombre de las&nbsp; m\u00e1s de 100 personas que<br \/>\nest\u00e1n vinculadas con el proyecto:<\/span><\/div>\n<p><\/p>\n<div align=\"center\" style=\"margin-bottom: .0001pt;margin: 0cm;text-align: center\">\n<span style=\"color: blue;font-size: 14.0pt\">\u00a1\u00a1ENHORABUENA, ISABEL!!<\/span><span style=\"color: blue;font-size: 13.5pt\"><\/span><\/div>\n","protected":false},"excerpt":{"rendered":"<p>Isabel Marcos-Alberca Lizcanojunto al cartel de la Gala&nbsp; ISABEL MARCOS-ALBERCA LIZCANO, de Campo de Criptana y con 14 a\u00f1os de edad, ha sido la premiada dentro de la categor\u00eda juvenil femenina de ajedrez en la XXI Gala del Deporte de la Diputaci\u00f3n de Ciudad Real celebrada el jueves 14 de abril en la poblaci\u00f3n de [&hellip;]<\/p>\n","protected":false},"author":1,"featured_media":784,"comment_status":"open","ping_status":"closed","sticky":false,"template":"","format":"standard","meta":{"footnotes":""},"categories":[1],"tags":[],"class_list":["post-783","post","type-post","status-publish","format-standard","has-post-thumbnail","hentry","category-noticias"],"_links":{"self":[{"href":"https:\/\/www.bfv.cloud\/ajedrezeuropa\/wp-json\/wp\/v2\/posts\/783","targetHints":{"allow":["GET"]}}],"collection":[{"href":"https:\/\/www.bfv.cloud\/ajedrezeuropa\/wp-json\/wp\/v2\/posts"}],"about":[{"href":"https:\/\/www.bfv.cloud\/ajedrezeuropa\/wp-json\/wp\/v2\/types\/post"}],"author":[{"embeddable":true,"href":"https:\/\/www.bfv.cloud\/ajedrezeuropa\/wp-json\/wp\/v2\/users\/1"}],"replies":[{"embeddable":true,"href":"https:\/\/www.bfv.cloud\/ajedrezeuropa\/wp-json\/wp\/v2\/comments?post=783"}],"version-history":[{"count":1,"href":"https:\/\/www.bfv.cloud\/ajedrezeuropa\/wp-json\/wp\/v2\/posts\/783\/revisions"}],"predecessor-version":[{"id":786,"href":"https:\/\/www.bfv.cloud\/ajedrezeuropa\/wp-json\/wp\/v2\/posts\/783\/revisions\/786"}],"wp:featuredmedia":[{"embeddable":true,"href":"https:\/\/www.bfv.cloud\/ajedrezeuropa\/wp-json\/wp\/v2\/media\/784"}],"wp:attachment":[{"href":"https:\/\/www.bfv.cloud\/ajedrezeuropa\/wp-json\/wp\/v2\/media?parent=783"}],"wp:term":[{"taxonomy":"category","embeddable":true,"href":"https:\/\/www.bfv.cloud\/ajedrezeuropa\/wp-json\/wp\/v2\/categories?post=783"},{"taxonomy":"post_tag","embeddable":true,"href":"https:\/\/www.bfv.cloud\/ajedrezeuropa\/wp-json\/wp\/v2\/tags?post=783"}],"curies":[{"name":"wp","href":"https:\/\/api.w.org\/{rel}","templated":true}]}}