{"id":787,"date":"2013-06-10T22:12:00","date_gmt":"2013-06-10T22:12:00","guid":{"rendered":"https:\/\/www.bfv.cloud\/ajedrezeuropa\/index.php\/2013\/06\/10\/el-torneo-del-aceite-de-mora-continua-con-su-gran-participacion\/"},"modified":"2025-11-20T10:22:33","modified_gmt":"2025-11-20T10:22:33","slug":"el-torneo-del-aceite-de-mora-continua-con-su-gran-participacion","status":"publish","type":"post","link":"https:\/\/www.bfv.cloud\/ajedrezeuropa\/el-torneo-del-aceite-de-mora-continua-con-su-gran-participacion\/","title":{"rendered":"EL TORNEO DEL ACEITE DE MORA CONTIN\u00daA CON SU GRAN PARTICIPACI\u00d3N"},"content":{"rendered":"<table cellpadding=\"0\" cellspacing=\"0\" class=\"tr-caption-container\" style=\"float: left;margin-right: 1em;text-align: left\">\n<tbody>\n<tr>\n<td style=\"text-align: center\"><a href=\"https:\/\/www.bfv.cloud\/ajedrezeuropa\/wp-content\/uploads\/2013\/06\/FOTOSXIITORNEOMORA2013001.jpg\" style=\"clear: left;margin-bottom: 1em;margin-left: auto;margin-right: auto\"><img fetchpriority=\"high\" decoding=\"async\" border=\"0\" height=\"210\" src=\"https:\/\/blogger.googleusercontent.com\/img\/b\/R29vZ2xl\/AVvXsEg4D5FlMytX1Ekob-nB-ERl8ATBc2BJ1aTL6_1DCovtZTWMfPsQee32Dyp1cguWlOIp13kOllvmZw6e6S_0zMcVXTh2v8fayMlbDypRj68V5ktc5Ay-aAXh32Gr3tGuCHp_lYANG9ec90I\/s400\/FOTOS+XII+TORNEO+MORA+2013+001.jpg\" width=\"400\" \/><\/a><\/td>\n<\/tr>\n<tr>\n<td class=\"tr-caption\" style=\"text-align: center\">El sal\u00f3n de actos de la casa de la cultura de Mora<br \/>\nes la tradicional sala de juego del \u00abTorneo del Aceite\u00bb<\/td>\n<\/tr>\n<\/tbody>\n<\/table>\n<p>&nbsp;<span style=\"font-family: Georgia, Times New Roman, serif\">Tras 12 a\u00f1os de presencia en el calendario ajedrec\u00edstico de la provincia de Toledo, el \u00abTorneo del Aceite\u00bb de Mora ha vuelto a reunir a m\u00e1s de 70 jugadores llegados de distintos puntos de Castilla-La Mancha y de la Comunidad de Madrid, con una notable participaci\u00f3n de chicos y chicas menores de 16 a\u00f1os.<\/span><br \/>\n<span style=\"font-family: Georgia, Times New Roman, serif\">La continuidad de la escuela municipal de ajedrez de Mora ha permitido que este torneo se c<\/span><span style=\"font-family: Georgia, 'Times New Roman', serif\">onvierta en uno de los 5 con<\/span><\/p>\n<table cellpadding=\"0\" cellspacing=\"0\" class=\"tr-caption-container\" style=\"float: right;margin-left: 1em;text-align: right\">\n<tbody>\n<tr>\n<td style=\"text-align: center\"><a href=\"https:\/\/www.bfv.cloud\/ajedrezeuropa\/wp-content\/uploads\/2013\/06\/FOTOSXIITORNEOMORA2013007.jpg\" style=\"clear: right;margin-bottom: 1em;margin-left: auto;margin-right: auto\"><img decoding=\"async\" border=\"0\" height=\"300\" src=\"https:\/\/blogger.googleusercontent.com\/img\/b\/R29vZ2xl\/AVvXsEii9U9e2T5F9OBY605VLpVyaulEsT8yEAHHIXaeZl5VltgV3E33Ims1KfZr7XLGaqMtCpmpOupaVXsoiQqNd49cbBYKd8t7xT9tzMlaC7sOM77zm_cPuVck21ysMRgQXjINWRmRwilcguo\/s400\/FOTOS+XII+TORNEO+MORA+2013+007.jpg\" width=\"400\" \/><\/a><\/td>\n<\/tr>\n<tr>\n<td class=\"tr-caption\" style=\"text-align: center\">Isabel, Irene y Luz Mar\u00eda frente al tablero<\/td>\n<\/tr>\n<\/tbody>\n<\/table>\n<p><span style=\"font-family: 'Helvetica Neue', Arial, Helvetica, sans-serif\">mayor participaci\u00f3n de toda la regi\u00f3n en cuanto a ritmo semirr\u00e1pido en un \u00fanico d\u00eda se refiere. El resultado, despu\u00e9s de las 6 rondas, convirti\u00f3 al jugador de Nambroca Luis Miguel M\u00e9ndez en el nuevo campe\u00f3n y a Clara Jim\u00e9nez en la campeona local absoluta. Por nuestra parte, 11 fueron los chicos y chicas que disfrutaron de esta jornada de ajedrez, con el aliciente de unos resultados muy buenos para muchos de ellos. En este aspecto destacamos el t\u00edtulo de campeona sub-16 logrado por Irene Sim\u00f3n y los 3 puntos sumados por Isabel Marcos-Alberca, Alba P\u00edriz, Julia Meza,<\/span><\/p>\n<table cellpadding=\"0\" cellspacing=\"0\" class=\"tr-caption-container\" style=\"float: left;margin-right: 1em;text-align: left\">\n<tbody>\n<tr>\n<td style=\"text-align: center\"><a href=\"https:\/\/www.bfv.cloud\/ajedrezeuropa\/wp-content\/uploads\/2013\/06\/FOTOSXIITORNEOMORA2013012.jpg\" style=\"clear: left;margin-bottom: 1em;margin-left: auto;margin-right: auto\"><img decoding=\"async\" border=\"0\" height=\"300\" src=\"https:\/\/blogger.googleusercontent.com\/img\/b\/R29vZ2xl\/AVvXsEgyzZi0jZN4gcgrKsyMDqyAVZdC95CUJht_34_deXsIzT3tnUyYHSVUzfW2UHQ8Ib3ykZJ3ghAOSFdWOL1Be6PnlJR4saSQW4-Exns_2fJEMFvGDReO1VUcGE6oxQG-xNE37PWzGZwpgg0\/s400\/FOTOS+XII+TORNEO+MORA+2013+012.jpg\" width=\"400\" \/><\/a><\/td>\n<\/tr>\n<tr>\n<td class=\"tr-caption\" style=\"text-align: center\">Clara Jim\u00e9nez se proclam\u00f3 vencedora en la categor\u00eda local<br \/>\nabsoluta con 4 puntos<\/td>\n<\/tr>\n<\/tbody>\n<\/table>\n<p><span style=\"font-family: Helvetica Neue, Arial, Helvetica, sans-serif\">Enrique Velasco y Mar\u00eda Oliver. Hasta el grupo de los m\u00e1s peque\u00f1os obtuvieron 2 valiosos puntos. Tanto Nuria Lozano, &nbsp;como Luz Mar\u00eda Lozano y Juan Francisco Mar\u00edn, los consiguieron en su primera participaci\u00f3n dentro de un torneo con bastante dificultad para ellos, ya que la mezcla de edades y el ritmo de 25 minutos impone un esfuerzo suplementario, especialmente para los ni\u00f1os y ni\u00f1as de menor edad.<\/span><\/p>\n<table align=\"center\" cellpadding=\"0\" cellspacing=\"0\" class=\"tr-caption-container\" style=\"margin-left: auto;margin-right: auto;text-align: center\">\n<tbody>\n<tr>\n<td style=\"text-align: center\"><a href=\"https:\/\/www.bfv.cloud\/ajedrezeuropa\/wp-content\/uploads\/2013\/06\/FOTOSXIITORNEOMORA2013016.jpg\" style=\"margin-left: auto;margin-right: auto\"><img loading=\"lazy\" decoding=\"async\" border=\"0\" height=\"258\" src=\"https:\/\/blogger.googleusercontent.com\/img\/b\/R29vZ2xl\/AVvXsEgbWAwcy55arWrhNCaVDnmEvXy2uys_vEepz3drosQ0TJUPNFNkW1qSABOEnBTztn76I6_Dd9n2VBEYFi-9l_9pOT1e4PWCmPFmtYgUpESYL8-rwxSTNAELutbbYAumHTgswjl7l3umF10\/s640\/FOTOS+XII+TORNEO+MORA+2013+016.jpg\" width=\"640\" \/><\/a><\/td>\n<\/tr>\n<tr>\n<td class=\"tr-caption\" style=\"text-align: center\">Los enfrentamientos de las primeras mesas decidieron la clasificaci\u00f3n final ante la mirada atenta de<br \/>\nmuchos aficionados<\/td>\n<\/tr>\n<\/tbody>\n<\/table>\n<div style=\"text-align: center\">\n<span style=\"font-family: Trebuchet MS, sans-serif\"><b><u><br \/><\/u><\/b><\/span><br \/>\n<span style=\"color: #660000;font-family: Trebuchet MS, sans-serif\"><b><u>CAMPEONATO DE CASTILLA-LA MANCHA POR EQUIPOS<\/u><\/b><\/span><\/div>\n<div style=\"text-align: center\">\n<span style=\"color: #660000;font-family: Trebuchet MS, sans-serif\"><b><u>CATEGOR\u00cdA ABSOLUTA<\/u><\/b><\/span><\/div>\n<div style=\"text-align: center\">\n<span style=\"color: #660000;font-family: Trebuchet MS, sans-serif\"><b>El domingo pasado finaliz\u00f3 en Albacete el regional por equipos con la victoria del Club de Ajedrez Talavera. Creemos que lo m\u00e1s importante a destacar es precisamente este t\u00edtulo, as\u00ed es que !!ENHORABUENA\u00a1\u00a1 para jugadores, directivos y aficionados del club talaverano.<\/b><\/span><\/div>\n","protected":false},"excerpt":{"rendered":"<p>El sal\u00f3n de actos de la casa de la cultura de Mora es la tradicional sala de juego del \u00abTorneo del Aceite\u00bb &nbsp;Tras 12 a\u00f1os de presencia en el calendario ajedrec\u00edstico de la provincia de Toledo, el \u00abTorneo del Aceite\u00bb de Mora ha vuelto a reunir a m\u00e1s de 70 jugadores llegados de distintos puntos [&hellip;]<\/p>\n","protected":false},"author":1,"featured_media":788,"comment_status":"open","ping_status":"closed","sticky":false,"template":"","format":"standard","meta":{"footnotes":""},"categories":[1],"tags":[],"class_list":["post-787","post","type-post","status-publish","format-standard","has-post-thumbnail","hentry","category-noticias"],"_links":{"self":[{"href":"https:\/\/www.bfv.cloud\/ajedrezeuropa\/wp-json\/wp\/v2\/posts\/787","targetHints":{"allow":["GET"]}}],"collection":[{"href":"https:\/\/www.bfv.cloud\/ajedrezeuropa\/wp-json\/wp\/v2\/posts"}],"about":[{"href":"https:\/\/www.bfv.cloud\/ajedrezeuropa\/wp-json\/wp\/v2\/types\/post"}],"author":[{"embeddable":true,"href":"https:\/\/www.bfv.cloud\/ajedrezeuropa\/wp-json\/wp\/v2\/users\/1"}],"replies":[{"embeddable":true,"href":"https:\/\/www.bfv.cloud\/ajedrezeuropa\/wp-json\/wp\/v2\/comments?post=787"}],"version-history":[{"count":1,"href":"https:\/\/www.bfv.cloud\/ajedrezeuropa\/wp-json\/wp\/v2\/posts\/787\/revisions"}],"predecessor-version":[{"id":792,"href":"https:\/\/www.bfv.cloud\/ajedrezeuropa\/wp-json\/wp\/v2\/posts\/787\/revisions\/792"}],"wp:featuredmedia":[{"embeddable":true,"href":"https:\/\/www.bfv.cloud\/ajedrezeuropa\/wp-json\/wp\/v2\/media\/788"}],"wp:attachment":[{"href":"https:\/\/www.bfv.cloud\/ajedrezeuropa\/wp-json\/wp\/v2\/media?parent=787"}],"wp:term":[{"taxonomy":"category","embeddable":true,"href":"https:\/\/www.bfv.cloud\/ajedrezeuropa\/wp-json\/wp\/v2\/categories?post=787"},{"taxonomy":"post_tag","embeddable":true,"href":"https:\/\/www.bfv.cloud\/ajedrezeuropa\/wp-json\/wp\/v2\/tags?post=787"}],"curies":[{"name":"wp","href":"https:\/\/api.w.org\/{rel}","templated":true}]}}