{"id":793,"date":"2010-01-17T20:36:00","date_gmt":"2010-01-17T20:36:00","guid":{"rendered":"https:\/\/www.bfv.cloud\/ajedrezeuropa\/index.php\/2010\/01\/17\/comienzo-de-la-temporada-2010-con-los-campeonatos-del-deporte-en-edad-escolar-en-toledo-y-ciudad-real\/"},"modified":"2025-11-20T10:22:34","modified_gmt":"2025-11-20T10:22:34","slug":"comienzo-de-la-temporada-2010-con-los-campeonatos-del-deporte-en-edad-escolar-en-toledo-y-ciudad-real","status":"publish","type":"post","link":"https:\/\/www.bfv.cloud\/ajedrezeuropa\/comienzo-de-la-temporada-2010-con-los-campeonatos-del-deporte-en-edad-escolar-en-toledo-y-ciudad-real\/","title":{"rendered":"COMIENZO DE LA TEMPORADA 2010 CON LOS CAMPEONATOS DEL DEPORTE EN EDAD ESCOLAR EN TOLEDO Y CIUDAD REAL"},"content":{"rendered":"<p><strong>El s\u00e1bado, 16 de enero, se iniciaba en el CEI de Toledo la temporada ajedrec\u00edstica de este a\u00f1o con el Campeonato Escolar. La Escuela Deportiva Municipal de Ajedrez de Villafranca est\u00e1 representada por 18 jugadores, incorporando dos ni\u00f1os y una ni\u00f1a<\/strong><a href=\"https:\/\/blogger.googleusercontent.com\/img\/b\/R29vZ2xl\/AVvXsEhp4vyzia0N3NtAVNLTkHEFUSMBebtFPu_lN0ncGMUoBMM8ZE_8SFMDW4zwLsUzfsUKBfnd7i0b0Jf4Bs2-yCuKKEvXg4MQe_BNdpKz-SgVBPhsAP0rteHuQEjLK9zW4r0m9YMQcssu54U\/s1600-h\/OSCAR+DEP+EDAD+ESCOLAR+TOLEDO+2010.jpg\"><img decoding=\"async\" id=\"BLOGGER_PHOTO_ID_5427810889946685282\" border=\"0\" alt=\"\" src=\"https:\/\/blogger.googleusercontent.com\/img\/b\/R29vZ2xl\/AVvXsEhp4vyzia0N3NtAVNLTkHEFUSMBebtFPu_lN0ncGMUoBMM8ZE_8SFMDW4zwLsUzfsUKBfnd7i0b0Jf4Bs2-yCuKKEvXg4MQe_BNdpKz-SgVBPhsAP0rteHuQEjLK9zW4r0m9YMQcssu54U\/s400\/OSCAR+DEP+EDAD+ESCOLAR+TOLEDO+2010.jpg\" \/><\/a> <strong>menores de 10 a\u00f1os: <\/strong><em>Mar\u00eda Oliver, de 6 a\u00f1os, \u00d3scar Roncero, de 6 a\u00f1os y Jes\u00fas G\u00f3mez de 9.  En la foto, \u00d3scar, antes de comenzar su primera partida en una competici\u00f3n oficial. <\/em><br \/><em>Un total de 28 chicos y chicas representar\u00e1n a nuestro proyecto en estos provinciales, sumando Alc\u00e1zar y Villafranca.<\/em><br \/><em>\u00a1\u00a1 Suerte y serenidad para todos !!<\/em><\/p>\n","protected":false},"excerpt":{"rendered":"<p>El s\u00e1bado, 16 de enero, se iniciaba en el CEI de Toledo la temporada ajedrec\u00edstica de este a\u00f1o con el Campeonato Escolar. La Escuela Deportiva Municipal de Ajedrez de Villafranca est\u00e1 representada por 18 jugadores, incorporando dos ni\u00f1os y una ni\u00f1a menores de 10 a\u00f1os: Mar\u00eda Oliver, de 6 a\u00f1os, \u00d3scar Roncero, de 6 a\u00f1os [&hellip;]<\/p>\n","protected":false},"author":1,"featured_media":0,"comment_status":"open","ping_status":"closed","sticky":false,"template":"","format":"standard","meta":{"footnotes":""},"categories":[1],"tags":[],"class_list":["post-793","post","type-post","status-publish","format-standard","hentry","category-noticias"],"_links":{"self":[{"href":"https:\/\/www.bfv.cloud\/ajedrezeuropa\/wp-json\/wp\/v2\/posts\/793","targetHints":{"allow":["GET"]}}],"collection":[{"href":"https:\/\/www.bfv.cloud\/ajedrezeuropa\/wp-json\/wp\/v2\/posts"}],"about":[{"href":"https:\/\/www.bfv.cloud\/ajedrezeuropa\/wp-json\/wp\/v2\/types\/post"}],"author":[{"embeddable":true,"href":"https:\/\/www.bfv.cloud\/ajedrezeuropa\/wp-json\/wp\/v2\/users\/1"}],"replies":[{"embeddable":true,"href":"https:\/\/www.bfv.cloud\/ajedrezeuropa\/wp-json\/wp\/v2\/comments?post=793"}],"version-history":[{"count":1,"href":"https:\/\/www.bfv.cloud\/ajedrezeuropa\/wp-json\/wp\/v2\/posts\/793\/revisions"}],"predecessor-version":[{"id":794,"href":"https:\/\/www.bfv.cloud\/ajedrezeuropa\/wp-json\/wp\/v2\/posts\/793\/revisions\/794"}],"wp:attachment":[{"href":"https:\/\/www.bfv.cloud\/ajedrezeuropa\/wp-json\/wp\/v2\/media?parent=793"}],"wp:term":[{"taxonomy":"category","embeddable":true,"href":"https:\/\/www.bfv.cloud\/ajedrezeuropa\/wp-json\/wp\/v2\/categories?post=793"},{"taxonomy":"post_tag","embeddable":true,"href":"https:\/\/www.bfv.cloud\/ajedrezeuropa\/wp-json\/wp\/v2\/tags?post=793"}],"curies":[{"name":"wp","href":"https:\/\/api.w.org\/{rel}","templated":true}]}}