{"id":795,"date":"2011-12-16T00:10:00","date_gmt":"2011-12-16T00:10:00","guid":{"rendered":"https:\/\/www.bfv.cloud\/ajedrezeuropa\/index.php\/2011\/12\/16\/agradecimientos-e-informaciones\/"},"modified":"2025-11-20T10:22:35","modified_gmt":"2025-11-20T10:22:35","slug":"agradecimientos-e-informaciones","status":"publish","type":"post","link":"https:\/\/www.bfv.cloud\/ajedrezeuropa\/agradecimientos-e-informaciones\/","title":{"rendered":"AGRADECIMIENTOS E INFORMACIONES"},"content":{"rendered":"<div class=\"separator\" style=\"clear: both;text-align: center\"><a href=\"https:\/\/www.bfv.cloud\/ajedrezeuropa\/wp-content\/uploads\/2011\/12\/CARTELBALIBRONCE2.jpg\" style=\"margin-left: 1em;margin-right: 1em\"><img fetchpriority=\"high\" decoding=\"async\" border=\"0\" height=\"282\" src=\"https:\/\/blogger.googleusercontent.com\/img\/b\/R29vZ2xl\/AVvXsEgq4NzxnLNyB1X4HnTGD3u6-PmUwUHa8OSYuCE8-4YuoeaNpgzriwzx9LS9MtYbtN-ZRnLmJKQldhr2oNB4NRz97Fhe50kXCNifs1CsstQs2gLntwxAc6wJU1NbC8B74p4ivrfk3fzuclc\/s400\/CARTEL+BALI+BRONCE+2.JPG\" width=\"400\" \/><\/a><\/div>\n<div align=\"center\"><strong><span style=\", sans-serif\">Queremos agradecer todas las felicitaciones y muestras de cari\u00f1o recibidas tras haber logrado el 3er. puesto en el IV CECLUB Sub-16.<\/span><\/strong><\/div>\n<div align=\"center\"><strong><span style=\"font-family: Trebuchet MS\">Como es imposible responder una por una a todas ellas,<\/span><\/strong><\/div>\n<div align=\"center\"><strong><span style=\"font-family: Trebuchet MS\">&nbsp;tan s\u00f3lo deseamos reiterar <\/span><\/strong><strong><span style=\"font-family: Trebuchet MS\">nuestra gratitud para todos.<\/span><\/strong><\/div>\n<div align=\"center\"><strong><span style=\"font-family: Trebuchet MS\">Dentro de los reconocimientos&nbsp;especiales,<\/span><\/strong><\/div>\n<div align=\"center\"><strong><span style=\"font-family: Trebuchet MS\">debemos enviar uno&nbsp;a Juan Antonio Montero, presidente del Linex-Magic,<\/span><\/strong><\/div>\n<div align=\"center\"><strong><span style=\"font-family: Trebuchet MS\">un club hermano y amigo ejemplo de trabajo en proyectos que rompen las arcaicas fronteras del mundo del ajedrez.<\/span><\/strong><\/div>\n<div align=\"center\"><strong><span style=\"font-family: Trebuchet MS\">Tambi\u00e9n para Ricardo Recuero, del&nbsp;apreciado club de San Fernando de Henares,<\/span><\/strong><\/div>\n<div align=\"center\"><strong><span style=\"font-family: Trebuchet MS\">y, por supuesto,&nbsp;al resto de representantes <\/span><\/strong><\/div>\n<div align=\"center\"><strong><span style=\"font-family: Trebuchet MS\">de clubes de toda Espa\u00f1a que nos hab\u00e9is felicitado<\/span><\/strong><\/div>\n<div align=\"center\"><strong><span style=\"font-family: Trebuchet MS\">con&nbsp;el coraz\u00f3n y con absoluta sinceridad.<\/span><\/strong><\/div>\n<div align=\"center\">\n<\/div>\n<div align=\"center\"><strong><em><u><span style=\"color: blue;font-family: Trebuchet MS\">INFORMACI\u00d3N<\/span><\/u><\/em><\/strong><\/div>\n<div align=\"center\"><strong><em><span style=\"color: blue;font-family: Trebuchet MS\">&#8211; El pr\u00f3ximo viernes 23 de diciembre a partir de las 21 horas y&nbsp;dentro del programa \u00abPista a Pista\u00bb de Manchacentro TV, se emitir\u00e1 un reportaje especial sobre la<\/span><\/em><\/strong><\/div>\n<div align=\"center\"><strong><em><span style=\"color: blue;font-family: Trebuchet MS\">escuela de ajedrez de Alc\u00e1zar,&nbsp;nuestro proyecto y el<\/span><\/em><\/strong><\/div>\n<div align=\"center\"><strong><em><span style=\"color: blue;font-family: Trebuchet MS\">reciente Campeonato de Espa\u00f1a.<\/span><\/em><\/strong><\/div>\n<div align=\"center\"><strong><em><span style=\"color: blue;font-family: Trebuchet MS\">&#8211; IV CONCENTRACI\u00d3N DE NAVIDAD&nbsp;\u00abNUESTRO AJEDREZ EN EUROPA\u00bb:<\/span><\/em><\/strong><\/div>\n<div align=\"center\"><strong><em><span style=\"color: blue;font-family: Trebuchet MS\">26, 27 y 28 de diciembre en la Casa de la Cultura de Villafranca.<\/span><\/em><\/strong><\/div>\n<div align=\"center\"><strong><em><span style=\"color: blue;font-family: Trebuchet MS\">(M\u00e1s datos a partir del domingo)<\/span><\/em><\/strong><\/div>\n<div align=\"center\"><strong><em><span style=\"color: blue;font-family: Trebuchet MS\">&#8211; 29 de diciembre a las 13,30 horas en el ayuntamiento de Alc\u00e1zar de San Juan, recepci\u00f3n&nbsp;de los&nbsp;alcaldes de Alc\u00e1zar de San Juan, Diego Ortega,<\/span><\/em><\/strong><\/div>\n<div align=\"center\"><strong><em><span style=\"color: blue;font-family: Trebuchet MS\">y de Villafranca de los Caballeros, Andr\u00e9s Beldad, al equipo sub-16 del <\/span><\/em><\/strong><\/div>\n<div align=\"center\"><strong><em><span style=\"color: blue;font-family: Trebuchet MS\">Club Nuestro Ajedrez en Europa.<\/span><\/em><\/strong><\/div>\n<div align=\"center\"><strong><em><span style=\"color: blue;font-family: Trebuchet MS\">&#8211; 30 de diciembre a partir de las 18 horas en el Auditorio de Villafranca,<\/span><\/em><\/strong><\/div>\n<div align=\"center\"><strong><em><span style=\"color: blue;font-family: Trebuchet MS\">V Gala del Deporte.<\/span><\/em><\/strong><\/div>\n","protected":false},"excerpt":{"rendered":"<p>Queremos agradecer todas las felicitaciones y muestras de cari\u00f1o recibidas tras haber logrado el 3er. puesto en el IV CECLUB Sub-16. Como es imposible responder una por una a todas ellas, &nbsp;tan s\u00f3lo deseamos reiterar nuestra gratitud para todos. Dentro de los reconocimientos&nbsp;especiales, debemos enviar uno&nbsp;a Juan Antonio Montero, presidente del Linex-Magic, un club hermano [&hellip;]<\/p>\n","protected":false},"author":1,"featured_media":796,"comment_status":"open","ping_status":"closed","sticky":false,"template":"","format":"standard","meta":{"footnotes":""},"categories":[1],"tags":[],"class_list":["post-795","post","type-post","status-publish","format-standard","has-post-thumbnail","hentry","category-noticias"],"_links":{"self":[{"href":"https:\/\/www.bfv.cloud\/ajedrezeuropa\/wp-json\/wp\/v2\/posts\/795","targetHints":{"allow":["GET"]}}],"collection":[{"href":"https:\/\/www.bfv.cloud\/ajedrezeuropa\/wp-json\/wp\/v2\/posts"}],"about":[{"href":"https:\/\/www.bfv.cloud\/ajedrezeuropa\/wp-json\/wp\/v2\/types\/post"}],"author":[{"embeddable":true,"href":"https:\/\/www.bfv.cloud\/ajedrezeuropa\/wp-json\/wp\/v2\/users\/1"}],"replies":[{"embeddable":true,"href":"https:\/\/www.bfv.cloud\/ajedrezeuropa\/wp-json\/wp\/v2\/comments?post=795"}],"version-history":[{"count":1,"href":"https:\/\/www.bfv.cloud\/ajedrezeuropa\/wp-json\/wp\/v2\/posts\/795\/revisions"}],"predecessor-version":[{"id":797,"href":"https:\/\/www.bfv.cloud\/ajedrezeuropa\/wp-json\/wp\/v2\/posts\/795\/revisions\/797"}],"wp:featuredmedia":[{"embeddable":true,"href":"https:\/\/www.bfv.cloud\/ajedrezeuropa\/wp-json\/wp\/v2\/media\/796"}],"wp:attachment":[{"href":"https:\/\/www.bfv.cloud\/ajedrezeuropa\/wp-json\/wp\/v2\/media?parent=795"}],"wp:term":[{"taxonomy":"category","embeddable":true,"href":"https:\/\/www.bfv.cloud\/ajedrezeuropa\/wp-json\/wp\/v2\/categories?post=795"},{"taxonomy":"post_tag","embeddable":true,"href":"https:\/\/www.bfv.cloud\/ajedrezeuropa\/wp-json\/wp\/v2\/tags?post=795"}],"curies":[{"name":"wp","href":"https:\/\/api.w.org\/{rel}","templated":true}]}}