{"id":798,"date":"2017-02-03T21:49:00","date_gmt":"2017-02-03T21:49:00","guid":{"rendered":"https:\/\/www.bfv.cloud\/ajedrezeuropa\/index.php\/2017\/02\/03\/avanzan-los-escolares-de-ciudad-real-y-toledo\/"},"modified":"2025-11-20T10:22:43","modified_gmt":"2025-11-20T10:22:43","slug":"avanzan-los-escolares-de-ciudad-real-y-toledo","status":"publish","type":"post","link":"https:\/\/www.bfv.cloud\/ajedrezeuropa\/avanzan-los-escolares-de-ciudad-real-y-toledo\/","title":{"rendered":"AVANZAN LOS ESCOLARES DE CIUDAD REAL Y TOLEDO"},"content":{"rendered":"<table cellpadding=\"0\" cellspacing=\"0\" class=\"tr-caption-container\" style=\"float: right;margin-left: 1em;text-align: right\">\n<tbody>\n<tr>\n<td style=\"text-align: center\"><a href=\"https:\/\/www.bfv.cloud\/ajedrezeuropa\/wp-content\/uploads\/2017\/02\/IMG-20170130-WA0007.jpg\" style=\"clear: right;margin-bottom: 1em;margin-left: auto;margin-right: auto\"><img fetchpriority=\"high\" decoding=\"async\" border=\"0\" height=\"400\" src=\"https:\/\/blogger.googleusercontent.com\/img\/b\/R29vZ2xl\/AVvXsEjHEjQXmIk5zsqqo5B737QqPVzR9h_H4NIlj0u_sQMGLTJ27GF4AC9JZGfrz_azRHG1kElvByOTDANqxyv3WjMlCYvCK3FzabTyT_UPyRsZfWOB2BDDKsWNorKWZLGEXo-76FvT_9HDCrM\/s400\/IMG-20170130-WA0007.jpg\" width=\"337\" \/><\/a><\/td>\n<\/tr>\n<tr>\n<td class=\"tr-caption\" style=\"text-align: center\">Nuria Lozano, con 5 puntos, encabeza la categor\u00eda<br \/>\ninfantil femenina<\/td>\n<\/tr>\n<\/tbody>\n<\/table>\n<p><span style=\", monospace;font-size: large\"><b>La competici\u00f3n escolar de las provincias de Toledo y Ciudad Real continu\u00f3 el pasado fin de semana con la participaci\u00f3n de 29 ajedrecistas de nuestras escuelas de Alc\u00e1zar y Villafranca.<\/b><\/span><\/p>\n<table cellpadding=\"0\" cellspacing=\"0\" class=\"tr-caption-container\" style=\"float: left;text-align: left\">\n<tbody>\n<tr>\n<td style=\"text-align: center\"><a href=\"https:\/\/www.bfv.cloud\/ajedrezeuropa\/wp-content\/uploads\/2017\/02\/IMG-20170130-WA0010.jpg\" style=\"clear: left;margin-bottom: 1em;margin-left: auto;margin-right: auto\"><img decoding=\"async\" border=\"0\" height=\"376\" src=\"https:\/\/blogger.googleusercontent.com\/img\/b\/R29vZ2xl\/AVvXsEgUcM7kdiENzFPseb7HPxg5ANfHV3SsDAtmCuUg9CPWBL8vX8vVNlMnDD9fBgL-xp84BGNnswe8n4wt1nE7VR1BKVyLlBnQi6JCoLTCM1_IRdNQBvC9CjApU4CEnR89gaCVooLsN1_ME2A\/s400\/IMG-20170130-WA0010.jpg\" width=\"400\" \/><\/a><\/td>\n<\/tr>\n<tr>\n<td class=\"tr-caption\" style=\"text-align: center\">Roberto Yeghiazaryan compite por segundo a\u00f1o en Ciudad Real<\/td>\n<\/tr>\n<\/tbody>\n<\/table>\n<p><span style=\", monospace;font-size: large\"><b>En la categor\u00eda infantil del CRDEE de Ciudad Real, Nuria Lozano, lidera la clasificaci\u00f3n femenina gracias a los 5 que la mantienen entre los primeros en el conjunto del torneo. Con 4 puntos, en 3\u00aa posici\u00f3n femenina, se encuentra Clara Vela. Clara est\u00e1 muy cerca de alcanzar su objetivo de pasar a disputar la fase regional.La tercera chica que participa en esta fase es Marta Vela que hasta el pasado domingo sumaba 2 puntos en las 6 rondas celebradas.<\/b><\/span><\/p>\n<table cellpadding=\"0\" cellspacing=\"0\" class=\"tr-caption-container\" style=\"float: right;margin-left: 1em;text-align: right\">\n<tbody>\n<tr>\n<td style=\"text-align: center\"><a href=\"https:\/\/www.bfv.cloud\/ajedrezeuropa\/wp-content\/uploads\/2017\/02\/IMG-20170130-WA0001.jpg\" style=\"clear: right;margin-bottom: 1em;margin-left: auto;margin-right: auto\"><img decoding=\"async\" border=\"0\" height=\"357\" src=\"https:\/\/blogger.googleusercontent.com\/img\/b\/R29vZ2xl\/AVvXsEiJaCZ4l0td088gQhP0hK5nLNic9nlISVagnpwnZqsjzaBdIJPniv8fZvqlgIR1p_nPNLn2iFHcvaqoxv5cjuQPOylzAqZsP6gj_5kRUlzu3T7NTUq0DgaKNcx0brWc9nS6qGUQfXFNNA8\/s400\/IMG-20170130-WA0001.jpg\" width=\"400\" \/><\/a><\/td>\n<\/tr>\n<tr>\n<td class=\"tr-caption\" style=\"text-align: center\">Julio M\u00e9rida tiene en la \u00faltima ronda su reto para clasificarse<\/td>\n<\/tr>\n<\/tbody>\n<\/table>\n<p><\/p>\n<table cellpadding=\"0\" cellspacing=\"0\" class=\"tr-caption-container\" style=\"float: left;margin-right: 1em;text-align: left\">\n<tbody>\n<tr>\n<td style=\"text-align: center\"><a href=\"https:\/\/www.bfv.cloud\/ajedrezeuropa\/wp-content\/uploads\/2017\/02\/IMG-20170130-WA0012.jpg\" style=\"clear: left;margin-bottom: 1em;margin-left: auto;margin-right: auto\"><img loading=\"lazy\" decoding=\"async\" border=\"0\" height=\"206\" src=\"https:\/\/blogger.googleusercontent.com\/img\/b\/R29vZ2xl\/AVvXsEg9iYaMK9a00zSeIjZBJttwE4fG-jqs_QX5uDkCYh5CabQZ7D6tC4_J8Y4NFzC3pY6fd60Y7iqOqM-YJ7oWTHwch5W_WEWmrVx9CtKgKcdws65br5IF8bcYJ8lvXJQY4EtelZoITFqlGac\/s320\/IMG-20170130-WA0012.jpg\" width=\"320\" \/><\/a><\/td>\n<\/tr>\n<tr>\n<td class=\"tr-caption\" style=\"text-align: center\">Isabel disputar\u00e1 el regional escolar en la categor\u00eda cadete<\/td>\n<\/tr>\n<\/tbody>\n<\/table>\n<p><span style=\", monospace;font-size: large\"><b>Por lo que respecta a los chicos, el infantil est\u00e1 as\u00ed: 16\u00ba Roberto Yeghiazaryan; 24\u00ba Daniel Climent, ambos con 4 puntos. En el grupo de jugadores que han obtenido 3 puntos est\u00e1n: Arsenio L\u00f3pez, Rafael Carrasco y Adri\u00e1n Alhambra. Con 2 puntos, \u00c1ngel Carrasco, y por \u00faltimo, Daniel \u00dabeda.<\/b><\/span><br \/>\n<span style=\", monospace;font-size: large\"><b>La categor\u00eda cadete sigue abierta a la posibilidad de clasificaci\u00f3n entre los 3 primeros de Julio M\u00e9rida, 5\u00ba, y Enrique Velasco, 6\u00ba. Isabel Marcos-Alberca se sit\u00faa 2\u00aa femenina y Pablo Vela 14\u00ba.<\/b><\/span><\/p>\n<table cellpadding=\"0\" cellspacing=\"0\" class=\"tr-caption-container\" style=\"float: right;margin-left: 1em;text-align: right\">\n<tbody>\n<tr>\n<td style=\"text-align: center\"><a href=\"https:\/\/www.bfv.cloud\/ajedrezeuropa\/wp-content\/uploads\/2017\/02\/IMG_20170128_153617.jpg\" style=\"clear: right;margin-bottom: 1em;margin-left: auto;margin-right: auto\"><img loading=\"lazy\" decoding=\"async\" border=\"0\" height=\"250\" src=\"https:\/\/blogger.googleusercontent.com\/img\/b\/R29vZ2xl\/AVvXsEgHmpVHuoO1LhAM6jkBDmZyzDTQmiX9_je9qLf-wbJZrSUzxqnzjghWrs6cA06tbw92TbZvz57U2Xly8iif9mDogshDjIqu8VoDmmqd-JRhI7BbrGJ4HQVcLn_o_tGwD-G9y8mJkrIbW0g\/s400\/IMG_20170128_153617.jpg\" width=\"400\" \/><\/a><\/td>\n<\/tr>\n<tr>\n<td class=\"tr-caption\" style=\"text-align: center\">Alonso L\u00f3pez y Alfredo Amador a punto de empezar<\/td>\n<\/tr>\n<\/tbody>\n<\/table>\n<p>&nbsp;<\/p>\n<p><\/p>\n<table cellpadding=\"0\" cellspacing=\"0\" class=\"tr-caption-container\" style=\"float: left;margin-right: 1em;text-align: left\">\n<tbody>\n<tr>\n<td style=\"text-align: center\"><a href=\"https:\/\/www.bfv.cloud\/ajedrezeuropa\/wp-content\/uploads\/2017\/02\/IMG_20170128_153946.jpg\" style=\"clear: left;margin-bottom: 1em;margin-left: auto;margin-right: auto\"><img loading=\"lazy\" decoding=\"async\" border=\"0\" height=\"320\" src=\"https:\/\/blogger.googleusercontent.com\/img\/b\/R29vZ2xl\/AVvXsEifRs5GiOJUVGNOc8j6S_DiGyMiERct_jzB39ckbE_2DMjJL1HlAbiywMQEZGvAYQEaikKJuRIUY_nOpqP-wpcOUW78dbtsM4jopTjmcOwws3CwAZ9gTcHEkDYT-gEHZ9rNvLPnQVQRqlI\/s320\/IMG_20170128_153946.jpg\" width=\"261\" \/><\/a><\/td>\n<\/tr>\n<tr>\n<td class=\"tr-caption\" style=\"text-align: center\">Roberto Fdez-Marambroz debuta en este provincial<\/td>\n<\/tr>\n<\/tbody>\n<\/table>\n<p><span style=\"color: #073763;, monospace;font-size: large\"><b><u>En el Campeonato del Deporte en Edad Escolar de Toledo<\/u>, Roberto L\u00f3pez encabeza el cadete con la totalidad de los puntos disputados, 3. El infantil ha celebrado 4 rondas y tiene a Alonso L\u00f3pez entre el grupo de l\u00edderes despu\u00e9s de conseguir el 100% de victorias. En el grupo de 3 puntos se encuentran: Alfredo y Gabriel Amador, junto con Mar\u00eda Oliver que se queda en la 2\u00aa plaza de la clasificaci\u00f3n femenina. Con 2 puntos: \u00c1ngel Javier Pozos, Julio Oliver y Aurora Corrales. Con 1,5 puntos: \u00c1lvaro Alberca, Nicol\u00e1s Corrales e Ignacio Roncero. Con 1 punto: M\u00f3nica Monreal y Crist\u00f3bal Corrales. Por \u00faltimo, sin puntuar, Manuel Alberca y Roberto Fern\u00e1ndez-Mazarambroz.<\/b><\/span><br \/>\n<span style=\"color: #073763;, monospace;font-size: large\"><b>Entretanto las pr\u00f3ximas jornadas resultar\u00e1n decisivas para situar a Irene Sim\u00f3n en la cabeza de la categor\u00eda juvenil (sub-18).<\/b><\/span><br \/>\n<span style=\"color: #073763;, monospace;font-size: large\"><b><\/b><\/span><br \/><span style=\"color: #073763;, monospace;font-size: large\"><b><\/b><\/span><\/p>\n<table cellpadding=\"0\" cellspacing=\"0\" class=\"tr-caption-container\" style=\"float: right;text-align: center\">\n<tbody>\n<tr>\n<td style=\"text-align: center\"><a href=\"https:\/\/www.bfv.cloud\/ajedrezeuropa\/wp-content\/uploads\/2017\/02\/IMG_20170128_154204.jpg\" style=\"margin-left: auto;margin-right: auto\"><img loading=\"lazy\" decoding=\"async\" border=\"0\" height=\"336\" src=\"https:\/\/blogger.googleusercontent.com\/img\/b\/R29vZ2xl\/AVvXsEgnLsWnK0X7ORjZzrXqExlPi-Y84M8SSgxWqfOe-1StI5Y-GI8FdSC6dQbsZAqKl92V9e8JZkWFufIWkQ_hzVZzfOhxBtyv4fDuGNQdoT_08N2jppv0632TPUEGFY4SZTTwQYGV5a7CbKw\/s640\/IMG_20170128_154204.jpg\" width=\"640\" \/><\/a><\/td>\n<\/tr>\n<tr>\n<td class=\"tr-caption\" style=\"text-align: center\">Aurora y Nicol\u00e1s Corrales con Ignacio Roncero<\/td>\n<\/tr>\n<\/tbody>\n<\/table>\n<p><span style=\"color: #660000;, monospace;font-size: large\"><b><br \/><\/b><\/span><br \/>\n<span style=\"color: #660000;, monospace;font-size: large\"><b><br \/><\/b><\/span><br \/>\n<span style=\"color: #660000;, monospace;font-size: large\"><b><br \/><\/b><\/span><br \/>\n<span style=\"color: #660000;, monospace;font-size: large\"><b><br \/><\/b><\/span><br \/>\n<span style=\"color: #660000;, monospace;font-size: large\"><b><br \/><\/b><\/span><br \/>\n<span style=\"color: #660000;, monospace;font-size: large\"><b><br \/><\/b><\/span><br \/>\n<span style=\"color: #660000;, monospace;font-size: large\"><b><br \/><\/b><\/span><br \/>\n<span style=\"color: #660000;, monospace;font-size: large\"><b><br \/><\/b><\/span><br \/>\n<span style=\"color: #660000;, monospace;font-size: large\"><b><br \/><\/b><\/span><br \/>\n<span style=\"color: #660000;, monospace;font-size: large\"><b><br \/><\/b><\/span><br \/>\n<span style=\"color: #660000;, monospace;font-size: large\"><b><br \/><\/b><\/span><br \/>\n<span style=\"color: #660000;, monospace;font-size: large\"><b><br \/><\/b><\/span><br \/>\n<span style=\"color: #660000;, monospace;font-size: large\"><b><br \/><\/b><\/span><br \/>\n<span style=\"color: #660000;, monospace;font-size: large\"><b><br \/><\/b><\/span><br \/>\n<b style=\"color: #660000;, courier, monospace;font-size: x-large\">Este domingo, d\u00eda 5 de febrero, finalizar\u00e1 el Deporte en Edad Escolar de Ciudad Real, mientras que en Toledo se deja jornada de descanso para celebrar las dos \u00faltimas los s\u00e1bados 11 y 18 febrero.<\/b><\/p>\n","protected":false},"excerpt":{"rendered":"<p>Nuria Lozano, con 5 puntos, encabeza la categor\u00eda infantil femenina La competici\u00f3n escolar de las provincias de Toledo y Ciudad Real continu\u00f3 el pasado fin de semana con la participaci\u00f3n de 29 ajedrecistas de nuestras escuelas de Alc\u00e1zar y Villafranca. Roberto Yeghiazaryan compite por segundo a\u00f1o en Ciudad Real En la categor\u00eda infantil del CRDEE [&hellip;]<\/p>\n","protected":false},"author":1,"featured_media":799,"comment_status":"open","ping_status":"closed","sticky":false,"template":"","format":"standard","meta":{"footnotes":""},"categories":[1],"tags":[],"class_list":["post-798","post","type-post","status-publish","format-standard","has-post-thumbnail","hentry","category-noticias"],"_links":{"self":[{"href":"https:\/\/www.bfv.cloud\/ajedrezeuropa\/wp-json\/wp\/v2\/posts\/798","targetHints":{"allow":["GET"]}}],"collection":[{"href":"https:\/\/www.bfv.cloud\/ajedrezeuropa\/wp-json\/wp\/v2\/posts"}],"about":[{"href":"https:\/\/www.bfv.cloud\/ajedrezeuropa\/wp-json\/wp\/v2\/types\/post"}],"author":[{"embeddable":true,"href":"https:\/\/www.bfv.cloud\/ajedrezeuropa\/wp-json\/wp\/v2\/users\/1"}],"replies":[{"embeddable":true,"href":"https:\/\/www.bfv.cloud\/ajedrezeuropa\/wp-json\/wp\/v2\/comments?post=798"}],"version-history":[{"count":1,"href":"https:\/\/www.bfv.cloud\/ajedrezeuropa\/wp-json\/wp\/v2\/posts\/798\/revisions"}],"predecessor-version":[{"id":806,"href":"https:\/\/www.bfv.cloud\/ajedrezeuropa\/wp-json\/wp\/v2\/posts\/798\/revisions\/806"}],"wp:featuredmedia":[{"embeddable":true,"href":"https:\/\/www.bfv.cloud\/ajedrezeuropa\/wp-json\/wp\/v2\/media\/799"}],"wp:attachment":[{"href":"https:\/\/www.bfv.cloud\/ajedrezeuropa\/wp-json\/wp\/v2\/media?parent=798"}],"wp:term":[{"taxonomy":"category","embeddable":true,"href":"https:\/\/www.bfv.cloud\/ajedrezeuropa\/wp-json\/wp\/v2\/categories?post=798"},{"taxonomy":"post_tag","embeddable":true,"href":"https:\/\/www.bfv.cloud\/ajedrezeuropa\/wp-json\/wp\/v2\/tags?post=798"}],"curies":[{"name":"wp","href":"https:\/\/api.w.org\/{rel}","templated":true}]}}