{"id":807,"date":"2023-12-12T16:44:00","date_gmt":"2023-12-12T16:44:00","guid":{"rendered":"https:\/\/www.bfv.cloud\/ajedrezeuropa\/index.php\/2023\/12\/12\/nuestro-ajedrez-en-europa-15o-en-la-copa-de-espana-juvenil\/"},"modified":"2025-11-20T10:22:48","modified_gmt":"2025-11-20T10:22:48","slug":"nuestro-ajedrez-en-europa-15o-en-la-copa-de-espana-juvenil","status":"publish","type":"post","link":"https:\/\/www.bfv.cloud\/ajedrezeuropa\/nuestro-ajedrez-en-europa-15o-en-la-copa-de-espana-juvenil\/","title":{"rendered":"NUESTRO AJEDREZ EN EUROPA, 15\u00ba EN LA COPA DE ESPA\u00d1A JUVENIL"},"content":{"rendered":"<p><span style=\"font-family: helvetica;font-size: large\"><\/span><\/p>\n<table align=\"center\" cellpadding=\"0\" cellspacing=\"0\" class=\"tr-caption-container\" style=\"margin-left: auto;margin-right: auto\">\n<tbody>\n<tr>\n<td style=\"text-align: center\"><a href=\"https:\/\/www.bfv.cloud\/ajedrezeuropa\/wp-content\/uploads\/2023\/12\/120JUGADORES20Y20ENTRENADORES.jpg\" style=\"margin-left: auto;margin-right: auto\"><img fetchpriority=\"high\" decoding=\"async\" border=\"0\" data-original-height=\"933\" data-original-width=\"1600\" height=\"374\" src=\"https:\/\/blogger.googleusercontent.com\/img\/b\/R29vZ2xl\/AVvXsEj2cugnO1C9hvGkLF4HtkfVRJhFp-mxSJkRLD1Rf9p38D4Fs-69aWeTrCg98SxAWrdhb2i3PtuqwMWaJUZ0TIaPB2oPaiW-TZE0S3z5v2u0Go1AeADvhP23bPGELOEn0hxMCXAfMS3f8L_NxxO5YW0l1PvWjmIhUhauLZDHZiQY62KDwW5ZcrdjqMyhjgc\/w640-h374\/1%20JUGADORES%20Y%20ENTRENADORES.jpg\" width=\"640\" \/><\/a><\/td>\n<\/tr>\n<tr>\n<td class=\"tr-caption\" style=\"text-align: center\">El equipo juvenil de Nuestro Ajedrez en Europa y el sub14 de Nuestro Ajedrez por la<br \/>Igualdad con sus entrenadores: Herminio Herr\u00e1iz y Silvia Toribio<\/td>\n<\/tr>\n<\/tbody>\n<\/table>\n<p><span style=\"font-family: helvetica;font-size: large\"><br \/>El equipo juvenil de <b><i>Nuestro Ajedrez en Europa<\/i> <\/b>ha logrado la 15\u00aa plaza en la <b>Copa de Espa\u00f1a<\/b> por equipos finalizada ayer en Benidorm, tras luchar en la \u00faltima ronda por la 5\u00aa posici\u00f3n con el club valenciano de Eva Manises (2\u00ba en el ranking inicial y ganador en varias ocasiones de este torneo). En esta \u00faltima partida, los ajedrecistas de Nuestro Ajedrez en Europa, cayeron derrotados por la m\u00ednima diferencia: 2,5 a 1,5 despu\u00e9s de alcanzar el 4\u00ba tablero y optar, con ello, a disputar su entrada en los 5 primeros puestos de la clasificaci\u00f3n final. La actuaci\u00f3n de los manchegos se cerr\u00f3 con 3 victorias, 1 empate y 2 derrotas, dentro de una categor\u00eda muy igualada que cont\u00f3 con la participaci\u00f3n de 46 equipos que representaron a todas las comunidades aut\u00f3nomas, excepto Canarias.&nbsp;<\/span><\/p>\n<p><span style=\"font-family: helvetica;font-size: large\"><b><i><u>\u00danico representante de Castilla-La Mancha en la Copa de Espa\u00f1a Juvenil<\/u><\/i><\/b><\/span><\/p>\n<p><span style=\"font-family: helvetica;font-size: large\"><b><i><\/i><\/b><\/span><\/p>\n<table align=\"center\" cellpadding=\"0\" cellspacing=\"0\" class=\"tr-caption-container\" style=\"margin-left: auto;margin-right: auto\">\n<tbody>\n<tr>\n<td style=\"text-align: center\"><a href=\"https:\/\/www.bfv.cloud\/ajedrezeuropa\/wp-content\/uploads\/2023\/12\/2-220EUROPA20-20SANTURTZI.jpg\" style=\"margin-left: auto;margin-right: auto\"><img decoding=\"async\" border=\"0\" data-original-height=\"689\" data-original-width=\"1393\" height=\"316\" src=\"https:\/\/blogger.googleusercontent.com\/img\/b\/R29vZ2xl\/AVvXsEiHACHGcS1GEp5HcDp5xcOBVm49YHELCXh09GiSclQ4i6Q-H_XOxOefX46PBLtJrt1513IkXe06l8mGCbvY_IP3PSVNDPygQADgmukHE1be-wZJmbvvMvMRkVrXdtuCXfLKSzxPCodc1MFMC71Ntqjs-Gr0sGyKNrwLPkv0HIavVTODvC8bY-NnHCB8ti4\/w640-h316\/2-2%20EUROPA%20-%20SANTURTZI.jpg\" width=\"640\" \/><\/a><\/td>\n<\/tr>\n<tr>\n<td class=\"tr-caption\" style=\"text-align: center\">Europa en su enfrentamiento con los vascos de Santurtzi<\/td>\n<\/tr>\n<\/tbody>\n<\/table>\n<p><span style=\"font-family: helvetica;font-size: x-large\"><br \/><\/span><\/p>\n<p><span style=\"font-size: large\"><span style=\"font-family: helvetica\">La categor\u00eda de mayor nivel y con m\u00e1s participaci\u00f3n de clubes de las 3 disputadas en Benidorm, tuvo en Nuestro Ajedrez en Europa al \u00fanico representante de la regi\u00f3n castellano-manchega. Este dato no deja de ser relevante, pues en el pasado mes de septiembre fueron un total de 14 los clubes que se enfrentaron en el Campeonato Regional Sub-18 celebrado en Albacete y en el que el club de Alc\u00e1zar y Villafranca revalid\u00f3 su tercera plata consecutiva. Tambi\u00e9n es destacable que la composici\u00f3n de la formaci\u00f3n con: <\/span><b style=\"font-family: helvetica\">David Crespo D\u00edaz, Alonso L\u00f3pez N\u00fa\u00f1ez, \u00c1ngel Collado Alcolado<\/b><span style=\"font-family: helvetica\"> y <\/span><b style=\"font-family: helvetica\">Javier Jim\u00e9nez Carrazoni<\/b><span style=\"font-family: helvetica\">, es la misma que ha disputado las \u00faltimas 2 ediciones del campeonato auton\u00f3mico y de la propia copa, sin contar con \u00abfichajes\u00bb coyunturales para jugar en Benidorm.<\/span><\/span><\/p>\n<\/p>\n<table align=\"center\" cellpadding=\"0\" cellspacing=\"0\" class=\"tr-caption-container\" style=\"margin-left: auto;margin-right: auto\">\n<tbody>\n<tr>\n<td style=\"text-align: center\"><a href=\"https:\/\/www.bfv.cloud\/ajedrezeuropa\/wp-content\/uploads\/2023\/12\/2-320IGUALDAD20S14.jpg\" style=\"margin-left: auto;margin-right: auto\"><img decoding=\"async\" border=\"0\" data-original-height=\"1040\" data-original-width=\"1332\" height=\"500\" src=\"https:\/\/blogger.googleusercontent.com\/img\/b\/R29vZ2xl\/AVvXsEibfkcsvUyZuQQjeetcup0bazVoHK-Zff58Bc5eoO9GSI-zaVy1Ep8MRIw3XmG0S2fRqDuoa1jnwWi5HgD5AQRVFcL1irLyPvbS7wfj29YF5zm_vPtV81bKtw6Dn_6jbtENaBKUTlHPWrPd_o7EuPBcF87B7D_XKc6W5EhMx5A7rk8iwmBEoeyPH0RDXxw\/w640-h500\/2-3%20IGUALDAD%20S14.jpg\" width=\"640\" \/><\/a><\/td>\n<\/tr>\n<tr>\n<td class=\"tr-caption\" style=\"text-align: center\">El equipo sub14 de Nuestro Ajedrez por la Igualdad al comienzo de una de las rondas<\/td>\n<\/tr>\n<\/tbody>\n<\/table>\n<p><span style=\"font-family: helvetica;font-size: x-large\"><br \/><\/span><\/p>\n<p><span style=\"font-family: helvetica;font-size: large\"><b><i><u>El equipo sub14 de Nuestro Ajedrez por la Igualdad finaliza 11\u00ba<\/u><\/i><\/b><\/span><\/p>\n<p><span style=\"font-family: helvetica;font-size: large\">El segundo equipo participante del proyecto ha sido el sub-14 de <i><b>Nuestro Ajedrez por la Igualdad<\/b><\/i>, que ha presentado el siguiente orden de fuerza: <b>Marta Elena Jim\u00e9nez Carrazoni, Jaime Vila Castillo, Luis Arias Riveira, Santiago Linares N\u00fa\u00f1ez <\/b>y<b> Carlos Edmundo Morales Rodr\u00edguez. <\/b>La 11\u00aa plaza conseguida mejora en 2 puestos el ranking inicial y mantiene al club dentro de los 12 mejores de Espa\u00f1a al igual que el a\u00f1o pasado cuando terminaron octavos del sub12. La trayectoria del equipo en el torneo ha resultado muy notable imponi\u00e9ndose en 1\u00aa ronda al Coimbra-Jumilla, subcampe\u00f3n de Espa\u00f1a en la clasificaci\u00f3n final, por un claro 3-1, y empatando contra los c\u00e1ntabros de Pi\u00e9lagos, 5\u00ba en el global del torneo.&nbsp;<\/span><\/p>\n<p><span style=\"font-family: helvetica;font-size: large\"><b><i><u>Pr\u00f3ximas actividades<\/u><\/i><\/b><\/span><\/p>\n<\/p>\n<div class=\"separator\" style=\"clear: both;text-align: center\"><a href=\"https:\/\/www.bfv.cloud\/ajedrezeuropa\/wp-content\/uploads\/2023\/12\/CARTEL20CONCENTRACIC393N202023_001.jpg\" style=\"clear: left;float: left;margin-bottom: 1em;margin-right: 1em\"><img loading=\"lazy\" decoding=\"async\" border=\"0\" data-original-height=\"842\" data-original-width=\"595\" height=\"400\" src=\"https:\/\/blogger.googleusercontent.com\/img\/b\/R29vZ2xl\/AVvXsEg3j2L727WacdQHwUS6yIHMQIIoNht9bLRyBIA_8Q_zR-oLt9shsinXghyphenhyphen8xIqrxFSxL1xiVBOiWiw3MkxvziBMyhEZ9ctq3-O4HJF5YKpCRKw1_F_YSoGT_DYQOQCHUfvI1SfEoaPQsiLXL6bD-gXUNHg7CufNj5OMu4-34I9FdgUHQz4yPRwPBn0xQmA\/w283-h400\/CARTEL%20CONCENTRACI%C3%93N%202023_001.jpg\" width=\"283\" \/><\/a><\/div>\n<p><span style=\"font-family: helvetica;font-size: large\">Durante el periodo navide\u00f1o los j\u00f3venes ajedrecistas de las escuelas de Alc\u00e1zar y Villafranca tienen la oportunidad de participar en dos actividades. Por un lado, una nueva acci\u00f3n formativa con la XV edici\u00f3n de la Concentraci\u00f3n de Navidad del 26 al 28 de diciembre. Y, por otra parte, el 17\u00ba Torneo de Ajedrez por la Igualdad que se disputar\u00e1 el domingo 7 de enero de 2024 en el sal\u00f3n de actos de la casa de la cultura de Villafranca de los Caballeros.<\/span><\/p>\n<\/p>\n<div class=\"separator\" style=\"clear: both;text-align: center\"><a href=\"https:\/\/www.bfv.cloud\/ajedrezeuropa\/wp-content\/uploads\/2023\/12\/TORNEO20IGUALDAD202024_001.jpg\" style=\"margin-left: 1em;margin-right: 1em\"><img loading=\"lazy\" decoding=\"async\" border=\"0\" data-original-height=\"842\" data-original-width=\"595\" height=\"640\" src=\"https:\/\/blogger.googleusercontent.com\/img\/b\/R29vZ2xl\/AVvXsEgBjE3bP1JxVyIWbicwUeTSC3I1qXIL1U5hxrmM_GVWJ5Z5S_poe2dZ4fSw0E4fcS8LTdJqXC_VjV-HjRmR6MYH8JWKkvdvbHKSPJa_U2h6LFGiqvxt2juH8Z0yxv2amze6DzKqAvWxs2aUTPIBV322wrjJpL9XNMHWyDYCs3HSw9aa-GbOv-RN67e_Q1Q\/w452-h640\/TORNEO%20IGUALDAD%202024_001.jpg\" width=\"452\" \/><\/a><\/div>\n<\/p>\n<div class=\"separator\" style=\"clear: both;text-align: center\"><a href=\"https:\/\/blogger.googleusercontent.com\/img\/b\/R29vZ2xl\/AVvXsEjIVdu3xpFa_f21IMlrzrmJ9lkDhPnWdaiOjyGCkvoHs6RrzyzC5Fw12diAGpmqf_TN7KuRKC8MseeR24SdT6qC-bBwRNPuGsPZc4t-htAudEM7iZSTE03nXGyy4A4fehgKAWg1AKeaGpTqpoLaBBCttOeDgi-fjwVEaXf2EWv4RqRPYNv56kJKJwI202A\/s842\/TORNEO%20IGUALDAD%202024_001.jpg\" style=\"clear: right;float: right;margin-bottom: 1em;margin-left: 1em\"><br \/><\/a><\/div><\/p>\n","protected":false},"excerpt":{"rendered":"<p>El equipo juvenil de Nuestro Ajedrez en Europa y el sub14 de Nuestro Ajedrez por laIgualdad con sus entrenadores: Herminio Herr\u00e1iz y Silvia Toribio El equipo juvenil de Nuestro Ajedrez en Europa ha logrado la 15\u00aa plaza en la Copa de Espa\u00f1a por equipos finalizada ayer en Benidorm, tras luchar en la \u00faltima ronda por [&hellip;]<\/p>\n","protected":false},"author":1,"featured_media":808,"comment_status":"open","ping_status":"closed","sticky":false,"template":"","format":"standard","meta":{"footnotes":""},"categories":[1],"tags":[],"class_list":["post-807","post","type-post","status-publish","format-standard","has-post-thumbnail","hentry","category-noticias"],"_links":{"self":[{"href":"https:\/\/www.bfv.cloud\/ajedrezeuropa\/wp-json\/wp\/v2\/posts\/807","targetHints":{"allow":["GET"]}}],"collection":[{"href":"https:\/\/www.bfv.cloud\/ajedrezeuropa\/wp-json\/wp\/v2\/posts"}],"about":[{"href":"https:\/\/www.bfv.cloud\/ajedrezeuropa\/wp-json\/wp\/v2\/types\/post"}],"author":[{"embeddable":true,"href":"https:\/\/www.bfv.cloud\/ajedrezeuropa\/wp-json\/wp\/v2\/users\/1"}],"replies":[{"embeddable":true,"href":"https:\/\/www.bfv.cloud\/ajedrezeuropa\/wp-json\/wp\/v2\/comments?post=807"}],"version-history":[{"count":1,"href":"https:\/\/www.bfv.cloud\/ajedrezeuropa\/wp-json\/wp\/v2\/posts\/807\/revisions"}],"predecessor-version":[{"id":813,"href":"https:\/\/www.bfv.cloud\/ajedrezeuropa\/wp-json\/wp\/v2\/posts\/807\/revisions\/813"}],"wp:featuredmedia":[{"embeddable":true,"href":"https:\/\/www.bfv.cloud\/ajedrezeuropa\/wp-json\/wp\/v2\/media\/808"}],"wp:attachment":[{"href":"https:\/\/www.bfv.cloud\/ajedrezeuropa\/wp-json\/wp\/v2\/media?parent=807"}],"wp:term":[{"taxonomy":"category","embeddable":true,"href":"https:\/\/www.bfv.cloud\/ajedrezeuropa\/wp-json\/wp\/v2\/categories?post=807"},{"taxonomy":"post_tag","embeddable":true,"href":"https:\/\/www.bfv.cloud\/ajedrezeuropa\/wp-json\/wp\/v2\/tags?post=807"}],"curies":[{"name":"wp","href":"https:\/\/api.w.org\/{rel}","templated":true}]}}