{"id":814,"date":"2013-03-06T07:57:00","date_gmt":"2013-03-06T07:57:00","guid":{"rendered":"https:\/\/www.bfv.cloud\/ajedrezeuropa\/index.php\/2013\/03\/06\/nuevo-torneo-de-ajedrez-en-illescas\/"},"modified":"2025-11-20T10:22:49","modified_gmt":"2025-11-20T10:22:49","slug":"nuevo-torneo-de-ajedrez-en-illescas","status":"publish","type":"post","link":"https:\/\/www.bfv.cloud\/ajedrezeuropa\/nuevo-torneo-de-ajedrez-en-illescas\/","title":{"rendered":"NUEVO TORNEO DE AJEDREZ EN ILLESCAS"},"content":{"rendered":"<div class=\"separator\" style=\"clear: both;text-align: center\">\n<a href=\"https:\/\/www.bfv.cloud\/ajedrezeuropa\/wp-content\/uploads\/2013\/03\/torneodeillescas.jpg\" style=\"clear: left;float: left;margin-bottom: 1em;margin-right: 1em\"><br \/><\/a><\/div>\n<div class=\"separator\" style=\"clear: both;text-align: center\">\n<a href=\"https:\/\/blogger.googleusercontent.com\/img\/b\/R29vZ2xl\/AVvXsEiPKiEdwISUN-T9Jh352A7eOllGfqgTQOsLf64gdVIqBFQrmkZVFs8xBkxjh3s8udx913b5y21YJsx10htTZ2Vy7KrPua4XhdQehWbaQugkTzFkY7BWwRfG1VbFEYPahND_vw2cEyws0B0\/s1600\/torneo+de+illescas.JPG\" style=\"clear: left;float: left;margin-bottom: 1em;margin-right: 1em\"><img fetchpriority=\"high\" decoding=\"async\" border=\"0\" height=\"400\" src=\"https:\/\/blogger.googleusercontent.com\/img\/b\/R29vZ2xl\/AVvXsEiPKiEdwISUN-T9Jh352A7eOllGfqgTQOsLf64gdVIqBFQrmkZVFs8xBkxjh3s8udx913b5y21YJsx10htTZ2Vy7KrPua4XhdQehWbaQugkTzFkY7BWwRfG1VbFEYPahND_vw2cEyws0B0\/s400\/torneo+de+illescas.JPG\" width=\"282\" \/><\/a><\/div>\n<p><span style=\"font-family: Georgia, Times New Roman, serif\"><b>El s\u00e1bado 16 de marzo por la tarde, la localidad toledana de Illescas retoma sus competiciones ajedrec\u00edsticas perdidas hace algunos a\u00f1os. Gracias a la nueva etapa de su escuela de ajedrez de la mano de nuestro jugador Daniel P\u00edriz Fern\u00e1ndez, se ha hecho realidad la recuperaci\u00f3n de su torneo de partidas semirr\u00e1pidas.&nbsp;<\/b><\/span><br \/>\n<span style=\"font-family: Georgia, Times New Roman, serif\"><b>En el cartel que publicamos se encuentra toda la informaci\u00f3n.<\/b><\/span><\/p>\n","protected":false},"excerpt":{"rendered":"<p>El s\u00e1bado 16 de marzo por la tarde, la localidad toledana de Illescas retoma sus competiciones ajedrec\u00edsticas perdidas hace algunos a\u00f1os. Gracias a la nueva etapa de su escuela de ajedrez de la mano de nuestro jugador Daniel P\u00edriz Fern\u00e1ndez, se ha hecho realidad la recuperaci\u00f3n de su torneo de partidas semirr\u00e1pidas.&nbsp; En el cartel [&hellip;]<\/p>\n","protected":false},"author":1,"featured_media":815,"comment_status":"open","ping_status":"closed","sticky":false,"template":"","format":"standard","meta":{"footnotes":""},"categories":[1],"tags":[],"class_list":["post-814","post","type-post","status-publish","format-standard","has-post-thumbnail","hentry","category-noticias"],"_links":{"self":[{"href":"https:\/\/www.bfv.cloud\/ajedrezeuropa\/wp-json\/wp\/v2\/posts\/814","targetHints":{"allow":["GET"]}}],"collection":[{"href":"https:\/\/www.bfv.cloud\/ajedrezeuropa\/wp-json\/wp\/v2\/posts"}],"about":[{"href":"https:\/\/www.bfv.cloud\/ajedrezeuropa\/wp-json\/wp\/v2\/types\/post"}],"author":[{"embeddable":true,"href":"https:\/\/www.bfv.cloud\/ajedrezeuropa\/wp-json\/wp\/v2\/users\/1"}],"replies":[{"embeddable":true,"href":"https:\/\/www.bfv.cloud\/ajedrezeuropa\/wp-json\/wp\/v2\/comments?post=814"}],"version-history":[{"count":1,"href":"https:\/\/www.bfv.cloud\/ajedrezeuropa\/wp-json\/wp\/v2\/posts\/814\/revisions"}],"predecessor-version":[{"id":816,"href":"https:\/\/www.bfv.cloud\/ajedrezeuropa\/wp-json\/wp\/v2\/posts\/814\/revisions\/816"}],"wp:featuredmedia":[{"embeddable":true,"href":"https:\/\/www.bfv.cloud\/ajedrezeuropa\/wp-json\/wp\/v2\/media\/815"}],"wp:attachment":[{"href":"https:\/\/www.bfv.cloud\/ajedrezeuropa\/wp-json\/wp\/v2\/media?parent=814"}],"wp:term":[{"taxonomy":"category","embeddable":true,"href":"https:\/\/www.bfv.cloud\/ajedrezeuropa\/wp-json\/wp\/v2\/categories?post=814"},{"taxonomy":"post_tag","embeddable":true,"href":"https:\/\/www.bfv.cloud\/ajedrezeuropa\/wp-json\/wp\/v2\/tags?post=814"}],"curies":[{"name":"wp","href":"https:\/\/api.w.org\/{rel}","templated":true}]}}