{"id":822,"date":"2015-09-14T20:48:00","date_gmt":"2015-09-14T20:48:00","guid":{"rendered":"https:\/\/www.bfv.cloud\/ajedrezeuropa\/index.php\/2015\/09\/14\/comienzo-de-las-escuelas-de-ajedrez-de-alcazar-y-villafranca\/"},"modified":"2025-11-20T10:22:55","modified_gmt":"2025-11-20T10:22:55","slug":"comienzo-de-las-escuelas-de-ajedrez-de-alcazar-y-villafranca","status":"publish","type":"post","link":"https:\/\/www.bfv.cloud\/ajedrezeuropa\/comienzo-de-las-escuelas-de-ajedrez-de-alcazar-y-villafranca\/","title":{"rendered":"COMIENZO DE LAS ESCUELAS DE AJEDREZ DE ALC\u00c1ZAR Y VILLAFRANCA"},"content":{"rendered":"<div class=\"separator\" style=\"clear: both;text-align: center\">\n<a href=\"https:\/\/www.bfv.cloud\/ajedrezeuropa\/wp-content\/uploads\/2015\/09\/COMIENZOCLASES2015-2016jpg.jpg\" style=\"clear: right;float: right;margin-bottom: 1em;margin-left: 1em\"><img fetchpriority=\"high\" decoding=\"async\" border=\"0\" height=\"640\" src=\"https:\/\/blogger.googleusercontent.com\/img\/b\/R29vZ2xl\/AVvXsEgLOvy1i-tl1B7d2XP38tY10Wtp6hPVYaXEV4nWb5r7Uzbfa8f6ZQINn6MgZi6FZ4veE51C7IjUu0mC269frFq7Zy-YFO76-hjb-YmyEeJUlQb1L5tzEzCY8qFjC0d7-fZzyel7-DIF048\/s640\/COMIENZO+CLASES+2015+-2016+jpg.jpg\" width=\"448\" \/><\/a><\/div>\n<p><span style=\"color: #274e13;font-family: Verdana, sans-serif\"><b>Para el s\u00e1bado 19 de septiembre se han convocado las reuniones informativas de la nueva temporada en las ESCUELAS MUNICIPALES DE AJEDREZ DE ALC\u00c1ZAR Y VILLAFRANCA. Los padres y madres de los alumnos de la ESCUELA DE ALC\u00c1ZAR tendr\u00e1n oportunidad de conocer con detalle la planificaci\u00f3n de las clases, asistencia a campeonatos y actividades adicionales del proyecto NUESTRO AJEDREZ EN EUROPA, a partir de las 12 de la ma\u00f1ana del pr\u00f3ximo d\u00eda 19 en la sede del ajedrez alcazare\u00f1a. Por su parte, la reuni\u00f3n de la ESCUELA DE VILLAFRANCA est\u00e1 prevista para el mismo s\u00e1bado, pero a partir de las 8 de la tarde en el aula principal de ajedrez de la Casa de la Cultura.&nbsp;<\/b><\/span><br \/>\n<span style=\"color: #274e13;font-family: Verdana, sans-serif\"><b>\u00a1\u00a1ESPERAMOS LA ASISTENCIA DE TODOS LOS INTERESADOS!!<\/b><\/span><\/p>\n","protected":false},"excerpt":{"rendered":"<p>Para el s\u00e1bado 19 de septiembre se han convocado las reuniones informativas de la nueva temporada en las ESCUELAS MUNICIPALES DE AJEDREZ DE ALC\u00c1ZAR Y VILLAFRANCA. Los padres y madres de los alumnos de la ESCUELA DE ALC\u00c1ZAR tendr\u00e1n oportunidad de conocer con detalle la planificaci\u00f3n de las clases, asistencia a campeonatos y actividades adicionales [&hellip;]<\/p>\n","protected":false},"author":1,"featured_media":823,"comment_status":"open","ping_status":"closed","sticky":false,"template":"","format":"standard","meta":{"footnotes":""},"categories":[1],"tags":[],"class_list":["post-822","post","type-post","status-publish","format-standard","has-post-thumbnail","hentry","category-noticias"],"_links":{"self":[{"href":"https:\/\/www.bfv.cloud\/ajedrezeuropa\/wp-json\/wp\/v2\/posts\/822","targetHints":{"allow":["GET"]}}],"collection":[{"href":"https:\/\/www.bfv.cloud\/ajedrezeuropa\/wp-json\/wp\/v2\/posts"}],"about":[{"href":"https:\/\/www.bfv.cloud\/ajedrezeuropa\/wp-json\/wp\/v2\/types\/post"}],"author":[{"embeddable":true,"href":"https:\/\/www.bfv.cloud\/ajedrezeuropa\/wp-json\/wp\/v2\/users\/1"}],"replies":[{"embeddable":true,"href":"https:\/\/www.bfv.cloud\/ajedrezeuropa\/wp-json\/wp\/v2\/comments?post=822"}],"version-history":[{"count":1,"href":"https:\/\/www.bfv.cloud\/ajedrezeuropa\/wp-json\/wp\/v2\/posts\/822\/revisions"}],"predecessor-version":[{"id":824,"href":"https:\/\/www.bfv.cloud\/ajedrezeuropa\/wp-json\/wp\/v2\/posts\/822\/revisions\/824"}],"wp:featuredmedia":[{"embeddable":true,"href":"https:\/\/www.bfv.cloud\/ajedrezeuropa\/wp-json\/wp\/v2\/media\/823"}],"wp:attachment":[{"href":"https:\/\/www.bfv.cloud\/ajedrezeuropa\/wp-json\/wp\/v2\/media?parent=822"}],"wp:term":[{"taxonomy":"category","embeddable":true,"href":"https:\/\/www.bfv.cloud\/ajedrezeuropa\/wp-json\/wp\/v2\/categories?post=822"},{"taxonomy":"post_tag","embeddable":true,"href":"https:\/\/www.bfv.cloud\/ajedrezeuropa\/wp-json\/wp\/v2\/tags?post=822"}],"curies":[{"name":"wp","href":"https:\/\/api.w.org\/{rel}","templated":true}]}}