{"id":825,"date":"2011-08-09T00:03:00","date_gmt":"2011-08-09T00:03:00","guid":{"rendered":"https:\/\/www.bfv.cloud\/ajedrezeuropa\/index.php\/2011\/08\/09\/la-clausura-de-nuestro-campus-se-convierte-en-un-encuentro-social-y-mediatico\/"},"modified":"2025-11-20T10:23:00","modified_gmt":"2025-11-20T10:23:00","slug":"la-clausura-de-nuestro-campus-se-convierte-en-un-encuentro-social-y-mediatico","status":"publish","type":"post","link":"https:\/\/www.bfv.cloud\/ajedrezeuropa\/la-clausura-de-nuestro-campus-se-convierte-en-un-encuentro-social-y-mediatico\/","title":{"rendered":"LA CLAUSURA DE NUESTRO CAMPUS SE CONVIERTE EN UN ENCUENTRO SOCIAL Y MEDI\u00c1TICO"},"content":{"rendered":"<p>\ufeff\ufeff\ufeff\ufeff\ufeff <br \/>\n\ufeff <\/p>\n<table cellpadding=\"0\" cellspacing=\"0\" class=\"tr-caption-container\" style=\"float: right;margin-left: 1em;text-align: right\">\n<tbody>\n<tr>\n<td style=\"text-align: center\"><a href=\"https:\/\/www.bfv.cloud\/ajedrezeuropa\/wp-content\/uploads\/2011\/08\/Acto.jpg\" style=\"clear: right;margin-bottom: 1em;margin-left: auto;margin-right: auto\"><img fetchpriority=\"high\" decoding=\"async\" border=\"0\" height=\"239\" src=\"https:\/\/blogger.googleusercontent.com\/img\/b\/R29vZ2xl\/AVvXsEi4kIoIFy7Kpk0EoPKEHHkz-VvGtGkitVeap1Jnv6KOYGrtUiDU12PH-0_0I0YapeU0AyLsuSYQbnqvJi0lCPUmNoNAwqQxHDlvAy7zdC0BXbsCuf3NKbbzU9POW0fYAqtcoXepbkUptEE\/s320\/Acto.jpg\" width=\"320\" \/><\/a><\/td>\n<\/tr>\n<tr>\n<td class=\"tr-caption\" style=\"text-align: center\">Una vista del sal\u00f3n de conferencias donde se<br \/>\ncelebr\u00f3 la clausura<\/td>\n<\/tr>\n<\/tbody>\n<\/table>\n<p>\ufeff \ufeff\ufeff\ufeff\ufeff\ufeff <em><span style=\"font-family: Arial, Helvetica, sans-serif\">El pasado s\u00e1bado se clausuraba en Villafranca el IV CAMPUS del proyecto NUESTRO AJEDREZ EN EUROPA que hab\u00eda reunido a cerca de 40 chicos y chicas pertenecientes a las escuelas de ajedrez de Alc\u00e1zar y la propia Villafranca. La notable presencia del Pte. de las Cortes Regionales, Vicente Tirado, junto a una amplia representaci\u00f3n municipal de los dos ayuntamientos encabezada por&nbsp;parte de&nbsp;Villafranca por su alcalde, Andr\u00e9s Beldad, la concejala Laura Manrique y los concejales Juan Jos\u00e9 Marchante y Luis Manuel Gallego, y por parte de Alc\u00e1zar por&nbsp;el teniente de alcalde y concejal de deportes&nbsp;Manuel de la Gu\u00eda y completada por la delegada de bienestar social M\u00aa Jos\u00e9 Hern\u00e1ndez, favoreci\u00f3 una atenci\u00f3n especial de algunos medios de comunicaci\u00f3n de nuestra regi\u00f3n.<\/span><\/em>\ufeff <\/p>\n<table cellpadding=\"0\" cellspacing=\"0\" class=\"tr-caption-container\" style=\"float: left;margin-right: 1em;text-align: left\">\n<tbody>\n<tr>\n<td style=\"text-align: center\"><a href=\"https:\/\/www.bfv.cloud\/ajedrezeuropa\/wp-content\/uploads\/2011\/08\/FelixToribio.jpg\" style=\"clear: left;margin-bottom: 1em;margin-left: auto;margin-right: auto\"><img decoding=\"async\" border=\"0\" height=\"239\" src=\"https:\/\/blogger.googleusercontent.com\/img\/b\/R29vZ2xl\/AVvXsEjlYSxjy3e2UjgrKamCFK8WB9cPBibhz_RwBP8QPY_lqOuw08wDOTi4nMqvB0hfS3mlfjYzlfD2Pjo3MEzWl-hg0u7qRW-UcEqPbjGniV0JU0HbgiSGUteMtEbfAr2FMTkS5IyfSSIX7aQ\/s320\/Felix+Toribio.JPG\" width=\"320\" \/><\/a><\/td>\n<\/tr>\n<tr>\n<td class=\"tr-caption\" style=\"text-align: center\">De izqda. a dcha., Manuel de la Gu\u00eda, Tte. de<br \/>\nalcalde y concejal de deportes del Ayto de <br \/>\nAlc\u00e1zar, F\u00e9lix Toribio y el gm <br \/>\nHerminio Herr\u00e1iz<\/td>\n<\/tr>\n<\/tbody>\n<\/table>\n<p>\ufeff<\/p>\n<p><span style=\"font-family: Arial, Helvetica, sans-serif\"><em>Por el lado del proyecto ajedrec\u00edstico&nbsp;la representaci\u00f3n estuvo encabezada por su director, F\u00e9lix Toribio, y por&nbsp;los entrenadores de los grupos de tecnificaci\u00f3n, Herminio Herr\u00e1iz y Ana Isabel Gonz\u00e1lez. Junto a los alumnos y alumnas del campus se encontraban dos de los monitores de iniciaci\u00f3n, Antonio Albo y Sergio Y\u00e9benes, y, aunque&nbsp;no pudieron estar all\u00ed, tanto el gm Elizbar Ubilava como Luismi Monreal&nbsp;fueron parte integrante de la ceremonia. <\/em><\/span><br \/>\n<em><span style=\"font-family: Arial\">Desde aqu\u00ed queremos agradecer a todos su colaboraci\u00f3n y apoyo, es muy evidente que en pocas ocasiones el ajedrez se convierte en noticia de las televisiones, por lo que es necesario, y hasta imprescindible, que las instituciones hagan ese esfuerzo a\u00f1adido en los actos p\u00fablicos donde el ajedrez puede transmitir a la sociedad un mensaje en beneficio de la formaci\u00f3n, el esfuerzo y los principios y valores de un deporte que se conjuga a la perfecci\u00f3n con la ciencia y con el arte.<\/span><\/em><\/p>\n<table align=\"center\" cellpadding=\"0\" cellspacing=\"0\" class=\"tr-caption-container\" style=\"margin-left: auto;margin-right: auto;text-align: center\">\n<tbody>\n<tr>\n<td style=\"text-align: center\"><a href=\"https:\/\/www.bfv.cloud\/ajedrezeuropa\/wp-content\/uploads\/2011\/08\/Asistentesacto.jpg\" style=\"margin-left: auto;margin-right: auto\"><img decoding=\"async\" border=\"0\" height=\"239\" src=\"https:\/\/blogger.googleusercontent.com\/img\/b\/R29vZ2xl\/AVvXsEhuJsuF1-Rxo83jzWLlT-PL7qUdgJgpdII596zrNao_XL9hUW0fvTCe3gNYmVt5aeOIYcFHeeMWuJ7ESbdPCc1r7_mm2CELSfxTTwb3Kv6tQ9_YNeQS5ESMb4dFZ1gbXVEjjgMqwmDtLxk\/s320\/Asistentes+acto.jpg\" width=\"320\" \/><\/a><\/td>\n<\/tr>\n<tr>\n<td class=\"tr-caption\" style=\"text-align: center\">Las chicas y chicos durante la clausura<br \/>\njunto a sus familiares<\/td>\n<\/tr>\n<\/tbody>\n<\/table>\n<p><em><span style=\"font-family: Arial\">Las dos escuelas de ajedrez, nacidas en diferentes \u00e9pocas y con distintos gobiernos municipales, han servido de germen del proyecto \u00abNuestro Ajedrez en Europa\u00bb que se puso en marcha en 2008 y que ahora m\u00e1s all\u00e1 de ideolog\u00edas, como bien dijo Vicente Tirado, queremos consolidar, mejorar y engrandecer a\u00f1adi\u00e9ndole otros proyectos muy interesantes y ambiciosos.<\/span><\/em><\/p>\n","protected":false},"excerpt":{"rendered":"<p>\ufeff\ufeff\ufeff\ufeff\ufeff \ufeff Una vista del sal\u00f3n de conferencias donde se celebr\u00f3 la clausura \ufeff \ufeff\ufeff\ufeff\ufeff\ufeff El pasado s\u00e1bado se clausuraba en Villafranca el IV CAMPUS del proyecto NUESTRO AJEDREZ EN EUROPA que hab\u00eda reunido a cerca de 40 chicos y chicas pertenecientes a las escuelas de ajedrez de Alc\u00e1zar y la propia Villafranca. La notable [&hellip;]<\/p>\n","protected":false},"author":1,"featured_media":826,"comment_status":"open","ping_status":"closed","sticky":false,"template":"","format":"standard","meta":{"footnotes":""},"categories":[1],"tags":[],"class_list":["post-825","post","type-post","status-publish","format-standard","has-post-thumbnail","hentry","category-noticias"],"_links":{"self":[{"href":"https:\/\/www.bfv.cloud\/ajedrezeuropa\/wp-json\/wp\/v2\/posts\/825","targetHints":{"allow":["GET"]}}],"collection":[{"href":"https:\/\/www.bfv.cloud\/ajedrezeuropa\/wp-json\/wp\/v2\/posts"}],"about":[{"href":"https:\/\/www.bfv.cloud\/ajedrezeuropa\/wp-json\/wp\/v2\/types\/post"}],"author":[{"embeddable":true,"href":"https:\/\/www.bfv.cloud\/ajedrezeuropa\/wp-json\/wp\/v2\/users\/1"}],"replies":[{"embeddable":true,"href":"https:\/\/www.bfv.cloud\/ajedrezeuropa\/wp-json\/wp\/v2\/comments?post=825"}],"version-history":[{"count":1,"href":"https:\/\/www.bfv.cloud\/ajedrezeuropa\/wp-json\/wp\/v2\/posts\/825\/revisions"}],"predecessor-version":[{"id":829,"href":"https:\/\/www.bfv.cloud\/ajedrezeuropa\/wp-json\/wp\/v2\/posts\/825\/revisions\/829"}],"wp:featuredmedia":[{"embeddable":true,"href":"https:\/\/www.bfv.cloud\/ajedrezeuropa\/wp-json\/wp\/v2\/media\/826"}],"wp:attachment":[{"href":"https:\/\/www.bfv.cloud\/ajedrezeuropa\/wp-json\/wp\/v2\/media?parent=825"}],"wp:term":[{"taxonomy":"category","embeddable":true,"href":"https:\/\/www.bfv.cloud\/ajedrezeuropa\/wp-json\/wp\/v2\/categories?post=825"},{"taxonomy":"post_tag","embeddable":true,"href":"https:\/\/www.bfv.cloud\/ajedrezeuropa\/wp-json\/wp\/v2\/tags?post=825"}],"curies":[{"name":"wp","href":"https:\/\/api.w.org\/{rel}","templated":true}]}}