{"id":830,"date":"2012-10-17T22:18:00","date_gmt":"2012-10-17T22:18:00","guid":{"rendered":"https:\/\/www.bfv.cloud\/ajedrezeuropa\/index.php\/2012\/10\/17\/3-equipos-de-nuestros-clubes-jugaran-el-provincial-absoluto-de-toledo-2013\/"},"modified":"2025-11-20T10:23:02","modified_gmt":"2025-11-20T10:23:02","slug":"3-equipos-de-nuestros-clubes-jugaran-el-provincial-absoluto-de-toledo-2013","status":"publish","type":"post","link":"https:\/\/www.bfv.cloud\/ajedrezeuropa\/3-equipos-de-nuestros-clubes-jugaran-el-provincial-absoluto-de-toledo-2013\/","title":{"rendered":"3 EQUIPOS DE NUESTROS CLUBES JUGAR\u00c1N EL PROVINCIAL ABSOLUTO DE TOLEDO 2013"},"content":{"rendered":"<p>\ufeff <\/p>\n<table cellpadding=\"0\" cellspacing=\"0\" class=\"tr-caption-container\" style=\"float: right;text-align: right\">\n<tbody>\n<tr>\n<td style=\"text-align: center\"><a href=\"https:\/\/www.bfv.cloud\/ajedrezeuropa\/wp-content\/uploads\/2012\/10\/FOTOSEQUIPOSTOLEDO2012014.jpg\" style=\"clear: right;margin-bottom: 1em;margin-left: auto;margin-right: auto\"><img fetchpriority=\"high\" decoding=\"async\" border=\"0\" height=\"240\" src=\"https:\/\/blogger.googleusercontent.com\/img\/b\/R29vZ2xl\/AVvXsEh6A2x_q3hlJjbzUh2Om_RQMg6DcSdWqTRPvzrAe4bvwkcG8v7bBnYD0UtXmJ7Y-oQQ-F5liKwQIUhplFg3yrkXcWUFk-rlXm-h5ljqtIS8CkL0i62qDGlwEbAc-rzcF2NqI3Z_RXQh9h4\/s320\/FOTOS+EQUIPOS+TOLEDO+2012+014.jpg\" width=\"320\" \/><\/a><\/td>\n<\/tr>\n<tr>\n<td class=\"tr-caption\" style=\"text-align: center\">Foto de una comida durante el Provincial por <br \/>\nEquipos de hace un a\u00f1o<\/td>\n<\/tr>\n<\/tbody>\n<\/table>\n<h4>\n\ufeff El 11 de noviembre comenzar\u00e1 el Campeonato Provincial por Equipos de Toledo correspondiente a la temporada del a\u00f1o 2013. En esta ocasi\u00f3n ser\u00e1n 3 los equipos que nos representar\u00e1n, en concreto 2 pertenecientes al club Nuestro Ajedrez en Europa y 1 al club Nuestro Ajedrez por la Igualdad. La prioridad sigue siendo la de dar juego y experiencia a nuestros chicos y chicas, manteniendo en la competici\u00f3n a varios antiguos alumnos de los comienzos de las escuelas de Alc\u00e1zar y Villafranca. El paso de nuestros j\u00f3venes equipos por los campeonatos de la categor\u00eda absoluta, ya sean provinciales o regionales, ha sido enormemente meritorio a lo largo del tiempo: varios subcampeonatos provinciales, junto a otros terceros y cuartos puestos, adem\u00e1s de una 5\u00aa plaza en el regional de 2011 acreditan su nivel de juego. Aunque ya est\u00e1n perfiladas las formaciones que presentaremos esta temporada, esperaremos a las pr\u00f3ximas semanas para darlas a conocer.<\/h4>\n","protected":false},"excerpt":{"rendered":"<p>\ufeff Foto de una comida durante el Provincial por Equipos de hace un a\u00f1o \ufeff El 11 de noviembre comenzar\u00e1 el Campeonato Provincial por Equipos de Toledo correspondiente a la temporada del a\u00f1o 2013. En esta ocasi\u00f3n ser\u00e1n 3 los equipos que nos representar\u00e1n, en concreto 2 pertenecientes al club Nuestro Ajedrez en Europa y [&hellip;]<\/p>\n","protected":false},"author":1,"featured_media":831,"comment_status":"open","ping_status":"closed","sticky":false,"template":"","format":"standard","meta":{"footnotes":""},"categories":[1],"tags":[],"class_list":["post-830","post","type-post","status-publish","format-standard","has-post-thumbnail","hentry","category-noticias"],"_links":{"self":[{"href":"https:\/\/www.bfv.cloud\/ajedrezeuropa\/wp-json\/wp\/v2\/posts\/830","targetHints":{"allow":["GET"]}}],"collection":[{"href":"https:\/\/www.bfv.cloud\/ajedrezeuropa\/wp-json\/wp\/v2\/posts"}],"about":[{"href":"https:\/\/www.bfv.cloud\/ajedrezeuropa\/wp-json\/wp\/v2\/types\/post"}],"author":[{"embeddable":true,"href":"https:\/\/www.bfv.cloud\/ajedrezeuropa\/wp-json\/wp\/v2\/users\/1"}],"replies":[{"embeddable":true,"href":"https:\/\/www.bfv.cloud\/ajedrezeuropa\/wp-json\/wp\/v2\/comments?post=830"}],"version-history":[{"count":1,"href":"https:\/\/www.bfv.cloud\/ajedrezeuropa\/wp-json\/wp\/v2\/posts\/830\/revisions"}],"predecessor-version":[{"id":832,"href":"https:\/\/www.bfv.cloud\/ajedrezeuropa\/wp-json\/wp\/v2\/posts\/830\/revisions\/832"}],"wp:featuredmedia":[{"embeddable":true,"href":"https:\/\/www.bfv.cloud\/ajedrezeuropa\/wp-json\/wp\/v2\/media\/831"}],"wp:attachment":[{"href":"https:\/\/www.bfv.cloud\/ajedrezeuropa\/wp-json\/wp\/v2\/media?parent=830"}],"wp:term":[{"taxonomy":"category","embeddable":true,"href":"https:\/\/www.bfv.cloud\/ajedrezeuropa\/wp-json\/wp\/v2\/categories?post=830"},{"taxonomy":"post_tag","embeddable":true,"href":"https:\/\/www.bfv.cloud\/ajedrezeuropa\/wp-json\/wp\/v2\/tags?post=830"}],"curies":[{"name":"wp","href":"https:\/\/api.w.org\/{rel}","templated":true}]}}