{"id":833,"date":"2014-09-03T21:44:00","date_gmt":"2014-09-03T21:44:00","guid":{"rendered":"https:\/\/www.bfv.cloud\/ajedrezeuropa\/index.php\/2014\/09\/03\/el-abierto-de-villafranca-cumple-18-anos-junto-a-la-escuela-de-ajedrez\/"},"modified":"2025-11-20T10:23:03","modified_gmt":"2025-11-20T10:23:03","slug":"el-abierto-de-villafranca-cumple-18-anos-junto-a-la-escuela-de-ajedrez","status":"publish","type":"post","link":"https:\/\/www.bfv.cloud\/ajedrezeuropa\/el-abierto-de-villafranca-cumple-18-anos-junto-a-la-escuela-de-ajedrez\/","title":{"rendered":"EL \u00abABIERTO DE VILLAFRANCA\u00bb CUMPLE 18 A\u00d1OS JUNTO A LA ESCUELA DE AJEDREZ"},"content":{"rendered":"<div class=\"separator\" style=\"clear: both;text-align: center\">\n<a href=\"https:\/\/www.bfv.cloud\/ajedrezeuropa\/wp-content\/uploads\/2014\/09\/TORNEOVILLAFRANCA2014.jpg\" style=\"clear: left;float: left;margin-bottom: 1em;margin-right: 1em\"><img fetchpriority=\"high\" decoding=\"async\" border=\"0\" src=\"https:\/\/www.bfv.cloud\/ajedrezeuropa\/wp-content\/uploads\/2014\/09\/TORNEOVILLAFRANCA2014.jpg\" height=\"640\" width=\"452\" \/><\/a><\/div>\n<h4>\n<span style=\"font-family: Trebuchet MS, sans-serif\">El torneo de feria de Villafranca de los Caballeros cumple su 18\u00aa edici\u00f3n, que son el mismo n\u00famero de temporadas de existencia ininterrumpida de la escuela municipal de ajedrez. Este a\u00f1o el torneo se celebrar\u00e1 el domingo 14 de septiembre, comenzando a las 9,30 de la ma\u00f1ana y finalizando a las 2 de la tarde, aproximadamente. La sala de juego volver\u00e1 a ser la misma de los \u00faltimos torneos: el sal\u00f3n de actos de la Casa de la Cultura. Las inscripciones son gratuitas y pueden realizarse desde este momento en el correo: felixtoribio@terra.com &nbsp;indicando el nombre y apellidos, la edad y el club o poblaci\u00f3n de procedencia. Para todos los aficionados al ajedrez de la comarca ser\u00e1 una buena ocasi\u00f3n para disfrutar de una ma\u00f1ana practicando su deporte preferido. \u00a1\u00a1Os esperamos!!<\/span><\/h4>\n","protected":false},"excerpt":{"rendered":"<p>El torneo de feria de Villafranca de los Caballeros cumple su 18\u00aa edici\u00f3n, que son el mismo n\u00famero de temporadas de existencia ininterrumpida de la escuela municipal de ajedrez. Este a\u00f1o el torneo se celebrar\u00e1 el domingo 14 de septiembre, comenzando a las 9,30 de la ma\u00f1ana y finalizando a las 2 de la tarde, [&hellip;]<\/p>\n","protected":false},"author":1,"featured_media":834,"comment_status":"open","ping_status":"closed","sticky":false,"template":"","format":"standard","meta":{"footnotes":""},"categories":[1],"tags":[],"class_list":["post-833","post","type-post","status-publish","format-standard","has-post-thumbnail","hentry","category-noticias"],"_links":{"self":[{"href":"https:\/\/www.bfv.cloud\/ajedrezeuropa\/wp-json\/wp\/v2\/posts\/833","targetHints":{"allow":["GET"]}}],"collection":[{"href":"https:\/\/www.bfv.cloud\/ajedrezeuropa\/wp-json\/wp\/v2\/posts"}],"about":[{"href":"https:\/\/www.bfv.cloud\/ajedrezeuropa\/wp-json\/wp\/v2\/types\/post"}],"author":[{"embeddable":true,"href":"https:\/\/www.bfv.cloud\/ajedrezeuropa\/wp-json\/wp\/v2\/users\/1"}],"replies":[{"embeddable":true,"href":"https:\/\/www.bfv.cloud\/ajedrezeuropa\/wp-json\/wp\/v2\/comments?post=833"}],"version-history":[{"count":1,"href":"https:\/\/www.bfv.cloud\/ajedrezeuropa\/wp-json\/wp\/v2\/posts\/833\/revisions"}],"predecessor-version":[{"id":835,"href":"https:\/\/www.bfv.cloud\/ajedrezeuropa\/wp-json\/wp\/v2\/posts\/833\/revisions\/835"}],"wp:featuredmedia":[{"embeddable":true,"href":"https:\/\/www.bfv.cloud\/ajedrezeuropa\/wp-json\/wp\/v2\/media\/834"}],"wp:attachment":[{"href":"https:\/\/www.bfv.cloud\/ajedrezeuropa\/wp-json\/wp\/v2\/media?parent=833"}],"wp:term":[{"taxonomy":"category","embeddable":true,"href":"https:\/\/www.bfv.cloud\/ajedrezeuropa\/wp-json\/wp\/v2\/categories?post=833"},{"taxonomy":"post_tag","embeddable":true,"href":"https:\/\/www.bfv.cloud\/ajedrezeuropa\/wp-json\/wp\/v2\/tags?post=833"}],"curies":[{"name":"wp","href":"https:\/\/api.w.org\/{rel}","templated":true}]}}