{"id":839,"date":"2019-02-17T15:01:00","date_gmt":"2019-02-17T15:01:00","guid":{"rendered":"https:\/\/www.bfv.cloud\/ajedrezeuropa\/index.php\/2019\/02\/17\/4-oros-2-platas-y-2-bronces-en-el-escolar-y-federado-de-toledo-se-suman-a-la-plata-y-el-bronce-logrados-en-el-escolar-de-ciudad-real\/"},"modified":"2025-11-20T10:23:12","modified_gmt":"2025-11-20T10:23:12","slug":"4-oros-2-platas-y-2-bronces-en-el-escolar-y-federado-de-toledo-se-suman-a-la-plata-y-el-bronce-logrados-en-el-escolar-de-ciudad-real","status":"publish","type":"post","link":"https:\/\/www.bfv.cloud\/ajedrezeuropa\/4-oros-2-platas-y-2-bronces-en-el-escolar-y-federado-de-toledo-se-suman-a-la-plata-y-el-bronce-logrados-en-el-escolar-de-ciudad-real\/","title":{"rendered":"4 OROS, 2 PLATAS Y 2 BRONCES EN EL ESCOLAR Y FEDERADO DE TOLEDO SE SUMAN A LA PLATA Y EL BRONCE LOGRADOS EN EL ESCOLAR DE CIUDAD REAL"},"content":{"rendered":"<table align=\"center\" cellpadding=\"0\" cellspacing=\"0\" class=\"tr-caption-container\" style=\"margin-left: auto;margin-right: auto;text-align: center\">\n<tbody>\n<tr>\n<td style=\"text-align: center\"><a href=\"https:\/\/www.bfv.cloud\/ajedrezeuropa\/wp-content\/uploads\/2019\/02\/GRUPOTOLEDOCONTROFEOS2.jpg\" style=\"margin-left: auto;margin-right: auto\"><img fetchpriority=\"high\" decoding=\"async\" border=\"0\" data-original-height=\"591\" data-original-width=\"1438\" height=\"262\" src=\"https:\/\/blogger.googleusercontent.com\/img\/b\/R29vZ2xl\/AVvXsEgLKYs0_jvZYd2mXiipl-Ep9qHYHXHVbaLMKJ-ChPh23rY95mLYsWmYTmepmtjG3BqbgbWHGIpKJ0y4S0KP8O6h8lGROedTVwtPD3Bs21PzhkuUGjIvQvsFHXlHnhJwZBAjVS5Qy1mf0A0\/s640\/GRUPO+TOLEDO+CON+TROFEOS+2.jpg\" width=\"640\" \/><\/a><\/td>\n<\/tr>\n<tr>\n<td class=\"tr-caption\" style=\"text-align: center\">4 oros, 2 platas y 2 bronces, han sido los premios logrados en Toledo<\/td>\n<\/tr>\n<\/tbody>\n<\/table>\n<table cellpadding=\"0\" cellspacing=\"0\" class=\"tr-caption-container\" style=\"float: right;text-align: right\">\n<tbody>\n<tr>\n<td style=\"text-align: center\"><a href=\"https:\/\/www.bfv.cloud\/ajedrezeuropa\/wp-content\/uploads\/2019\/02\/AlfredoAmador.jpg\" style=\"clear: right;margin-bottom: 1em;margin-left: auto;margin-right: auto\"><img decoding=\"async\" border=\"0\" data-original-height=\"986\" data-original-width=\"1004\" height=\"313\" src=\"https:\/\/blogger.googleusercontent.com\/img\/b\/R29vZ2xl\/AVvXsEjOR1YvKauyWPfakil3PSsoJHbkKSbQMX25gFudMkIcSt2KxMp4zoftYK23OOI78t0BnC1jUpNUfJVqF9RMKliESEvwKJY395OSFGxq3BYe6Thyphenhyphen_E539Grfc6aM1wDJ5aKsX4XwdfiTTb0\/s320\/Alfredo+Amador.jpg\" width=\"320\" \/><\/a><\/td>\n<\/tr>\n<tr>\n<td class=\"tr-caption\" style=\"text-align: center\">Alfredo Amador. campe\u00f3n cadete y sub-16<\/td>\n<\/tr>\n<\/tbody>\n<\/table>\n<p><span style=\", sans-serif;font-size: large\">En los pasados fines de semana han finalizado las fases provinciales del Deporte en Edad Escolar de Ciudad Real y Toledo, con unos resultados muy destacados de nuestros chicos y chicas. El Campeonato Regional del Deporte en Edad Escolar (CRDEE) contar\u00e1 con 5 jugadores de las escuelas de ajedrez de Villafranca y Alc\u00e1zar, 2 chicos y 3 chicas.&nbsp;<\/span><br \/>\n<span style=\", sans-serif;font-size: large\"><\/span><br \/>\n<span style=\", sans-serif;font-size: large\"><\/span><br \/>\n<span style=\"color: #073763;, sans-serif;font-size: large\"><b><u>Campeones de Toledo en el Cadete y plata en Infantil<\/u><\/b><\/span><br \/>\n<span style=\", sans-serif;font-size: large\"><b><u><\/u><\/b><\/span><\/p>\n<div class=\"separator\" style=\"clear: both;text-align: center\">\n<\/div>\n<table cellpadding=\"0\" cellspacing=\"0\" class=\"tr-caption-container\" style=\"float: left;text-align: left\">\n<tbody>\n<tr>\n<td style=\"text-align: center\"><a href=\"https:\/\/www.bfv.cloud\/ajedrezeuropa\/wp-content\/uploads\/2019\/02\/AlonsoLopez.jpg\" style=\"clear: left;margin-bottom: 1em;margin-left: auto;margin-right: auto\"><img decoding=\"async\" border=\"0\" data-original-height=\"1110\" data-original-width=\"936\" height=\"320\" src=\"https:\/\/blogger.googleusercontent.com\/img\/b\/R29vZ2xl\/AVvXsEg7x8QEuKmkk2e5VMdfzzCijHGPSbesSmuIRhGMsO0IuMK8yV0K6WOkEWX-opN6jAGSOc07owbCwpytGxFF8kZmE2xK2ZEvuSwpWLdy0ofLLDqXklo94iTLzHEE_FJha83EHaeljatJ01Q\/s320\/Alonso+Lopez.jpg\" width=\"268\" \/><\/a><\/td>\n<\/tr>\n<tr>\n<td class=\"tr-caption\" style=\"text-align: center\">Alonso L\u00f3pez, subcampe\u00f3n infantil y<br \/>oro sub-14<\/td>\n<\/tr>\n<\/tbody>\n<\/table>\n<p><span style=\", sans-serif;font-size: large\"><b><u><\/u><\/b><\/span><br \/>\n<span style=\", sans-serif;font-size: large\"><b>Alfredo Amador <\/b>y <b>Alonso L\u00f3pez <\/b>se proclaman campe\u00f3n y subcampe\u00f3n provincial de Toledo en sus respectivas categor\u00edas: cadete e infantil, y disputar\u00e1n el Campeonato Regional del Deporte en Edad Escolar (CRDEE) que se celebrar\u00e1 en el Castillo de San Servando de la capital regional del 31 de mayo al 3 de junio. Al magn\u00edfico torneo de estos dos chicos hay que a\u00f1adir los notables resultados logrados por <b>Carlos P\u00e9rez (10\u00ba)&nbsp;<\/b>en el infantil y por&nbsp;<b>M\u00f3nica Monreal (bronce)&nbsp;<\/b>en el cadete femenino. Ser\u00e1n, por lo tanto, 3 los representantes de la Escuela de Ajedrez de Villafranca en el CRDEE en representaci\u00f3n de Toledo: Alfredo, Alonso y M\u00f3nica.<\/span><\/p>\n<table align=\"center\" cellpadding=\"0\" cellspacing=\"0\" class=\"tr-caption-container\" style=\"margin-left: auto;margin-right: auto;text-align: center\">\n<tbody>\n<tr>\n<td style=\"text-align: center\"><a href=\"https:\/\/www.bfv.cloud\/ajedrezeuropa\/wp-content\/uploads\/2019\/02\/GRUPOTOLEDOCONTROFEOS.jpg\" style=\"margin-left: auto;margin-right: auto\"><img loading=\"lazy\" decoding=\"async\" border=\"0\" data-original-height=\"672\" data-original-width=\"1533\" height=\"280\" src=\"https:\/\/blogger.googleusercontent.com\/img\/b\/R29vZ2xl\/AVvXsEjTmRkeUFfBsIgDQTr5ttLLQUWtMQ_1TVGhibxHfA_p_DlfTTHd2SivO39Q_YwHb6qKogYZy_CL6w_FP_WUo1m6zFUcnWj_UZugfNZAnAqUQ1LYrSedTVlskiVptFYv0SD4tMS5b4kyHeE\/s640\/GRUPO+TOLEDO+CON+TROFEOS.jpg\" width=\"640\" \/><\/a><\/td>\n<\/tr>\n<tr>\n<td class=\"tr-caption\" style=\"text-align: center\">El grupo de jugadores de la escuela de Villafranca que completaron el escolar<\/td>\n<\/tr>\n<\/tbody>\n<\/table>\n<p><span style=\", sans-serif;font-size: large\"><\/span><br \/>\n<span style=\", sans-serif;font-size: large\"><\/span><br \/>\n<span style=\"color: #073763;, sans-serif;font-size: large\"><b><u>Dominio absoluto de Nuestro Ajedrez en Europa en las principales categor\u00edas por edades: oro y plata en el juvenil (sub-18), oro y bronce en el sub-16 y oro en el sub-14<\/u><\/b><\/span><br \/>\n<span style=\"color: #073763;, sans-serif;font-size: large\"><b><u><\/u><\/b><\/span><br \/>\n<span style=\"color: #073763;, sans-serif;font-size: large\"><b><u><\/u><\/b><\/span><br \/>\n<span style=\", sans-serif;font-size: large\">En las categor\u00edas de mayor nivel de juego y de m\u00e1s edad: sub18, sub16 y sub14, donde es m\u00e1s importante la formaci\u00f3n y el esfuerzo continuado, los dos clubes de Nuestro Ajedrez en Europa, han vuelto a demostrar el valor de mantener un proyecto de tecnificaci\u00f3n y perfeccionamiento&nbsp;durante a\u00f1os. Los m\u00e1s destacados en la clasificaci\u00f3n final han sido:<\/p>\n<table cellpadding=\"0\" cellspacing=\"0\" class=\"tr-caption-container\" style=\"float: right;margin-left: 1em;text-align: right\">\n<tbody>\n<tr>\n<td style=\"text-align: center\"><a href=\"https:\/\/www.bfv.cloud\/ajedrezeuropa\/wp-content\/uploads\/2019\/02\/CAMPEONESSUB18.jpg\" style=\"clear: right;margin-bottom: 1em;margin-left: auto;margin-right: auto\"><img loading=\"lazy\" decoding=\"async\" border=\"0\" data-original-height=\"508\" data-original-width=\"450\" height=\"400\" src=\"https:\/\/blogger.googleusercontent.com\/img\/b\/R29vZ2xl\/AVvXsEhjGQMPQj2HnWvTnoSCDM71xde_nIdcTn-I_5ap3glrKCIrH8UHOIS2uv-xnCQK4OH5oGT4y8o4LREpgOJ6-Z7wuaDIBit8KwEA4FVDL5mOn2bEibVfyYxM_BkMmJIP9SRPhlrGPSPvTog\/s400\/CAMPEONES+SUB18.jpg\" width=\"355\" \/><\/a><\/td>\n<\/tr>\n<tr>\n<td class=\"tr-caption\" style=\"text-align: center\">Roberto y Adri\u00e1n en lo m\u00e1s alto de la categor\u00eda juvenil<\/td>\n<\/tr>\n<\/tbody>\n<\/table>\n<p><\/span><br \/>\n<span style=\", sans-serif;font-size: large\"><b>Roberto L\u00f3pez <\/b>y <b>Adri\u00e1n Alonso<\/b>, medallas de oro y plata en el juvenil (sub18); <b>Alfredo Amador, <\/b>campe\u00f3n del sub-16; <b>Alonso L\u00f3pez, <\/b>campe\u00f3n del sub-14.<\/span><br \/>\n<span style=\", sans-serif;font-size: large\">A este dominio en las categor\u00edas superiores se une el bronce de&nbsp;<b>M\u00f3nica Monreal<\/b>&nbsp;en el sub-16 femenino y las dos cuartas plazas de <b>Aurora Corrales<\/b>&nbsp;en el sub-14 femenino y de <b>\u00c1ngel Javier Pozos <\/b>en el sub-10 masculino.<\/span><span style=\", sans-serif;font-size: large\">&nbsp;Para completar la actuaci\u00f3n de los chicos y las chicas de la escuela de Villafranca, enumeramos los resultados del resto:<\/span><\/p>\n<div style=\"text-align: center\">\n<span style=\", sans-serif;font-size: large\"><u>Categor\u00eda sub-14<\/u><\/span><\/div>\n<div style=\"text-align: center\">\n<b style=\"font-family: arial, helvetica, sans-serif\"><span style=\"font-size: large\">Carlos P\u00e9rez,<\/span><\/b><b style=\"font-family: arial, helvetica, sans-serif;font-size: x-large\"> <\/b><span style=\", sans-serif;font-size: large\">&nbsp;6\u00ba; <b>Gabriel Amador, <\/b>16\u00ba<\/span><\/div>\n<div style=\"text-align: center\">\n<span style=\", sans-serif;font-size: large\"><u>Categor\u00eda sub-12<\/u><\/span><\/div>\n<div style=\"text-align: center\">\n<span style=\", sans-serif;font-size: large\"><b>Crist\u00f3bal Corrales, <\/b>9\u00ba; <b>Nicol\u00e1s Corrales, <\/b>17\u00ba; <b>Roberto Fdez-Mazarambroz, <\/b>19\u00ba; <b>Diego Garc\u00eda, <\/b>23\u00ba<\/span><\/div>\n<div style=\"text-align: center\">\n<span style=\", sans-serif;font-size: large\"><u>Categor\u00eda sub-10<\/u><\/span><\/div>\n<div style=\"text-align: center\">\n<span style=\", sans-serif;font-size: large\"><b>Julio Oliver, <\/b>12\u00ba<\/span><\/div>\n<div style=\"text-align: center\">\n<\/div>\n<div style=\"text-align: center\">\n<table align=\"center\" cellpadding=\"0\" cellspacing=\"0\" class=\"tr-caption-container\" style=\"clear: right;margin-bottom: 1em;margin-left: auto;margin-right: auto;text-align: left\">\n<tbody>\n<tr>\n<td style=\"text-align: center\"><a href=\"https:\/\/www.bfv.cloud\/ajedrezeuropa\/wp-content\/uploads\/2019\/02\/grupocontrofeos.jpg\" style=\"clear: left;margin-bottom: 1em;margin-left: auto;margin-right: auto\"><img loading=\"lazy\" decoding=\"async\" border=\"0\" data-original-height=\"1200\" data-original-width=\"1600\" height=\"480\" src=\"https:\/\/blogger.googleusercontent.com\/img\/b\/R29vZ2xl\/AVvXsEiDPaVUHNfny8PD-r6VkctzTeSgFiuyEdCK9LgmslZTX8t8_Q1bCnjaHfA3sel99aWwD4g06j8cOjeMNiQYq3XEPH-LGYcimvTfRpEzI1C5GQuFDxbiK9S-uJt__IoDCLIpjaTCt7PgzUI\/s640\/grupo+con+trofeos.jpg\" width=\"640\" \/><\/a><\/td>\n<\/tr>\n<tr>\n<td class=\"tr-caption\" style=\"text-align: center\">Algunos de nuestros jugadores tras la entrega de trofeos en Miguelturra<\/td>\n<\/tr>\n<\/tbody>\n<\/table>\n<p><span style=\"color: #073763;font-family: Trebuchet MS, sans-serif;font-size: large\"><u>EN LA FASE PROVINCIAL DE CIUDAD REAL DEL DEPORTE EN EDAD ESCOLAR TAMBI\u00c9N SE&nbsp; CLASIFICARON CLARA VELA Y ADELA COLLADO PARA EL REGIONAL<\/u><\/span><br \/>\n<span style=\"color: #073763;, sans-serif;font-size: large\"><u><\/u><\/span><br \/><span style=\"color: #073763;, sans-serif;font-size: large\"><u><\/u><\/span><\/p>\n<table cellpadding=\"0\" cellspacing=\"0\" class=\"tr-caption-container\" style=\"float: right;margin-left: 1em;text-align: right\">\n<tbody>\n<tr>\n<td style=\"text-align: center\"><a href=\"https:\/\/www.bfv.cloud\/ajedrezeuropa\/wp-content\/uploads\/2019\/02\/ClarayAdelaenelpodio.jpg\" style=\"clear: right;margin-bottom: 1em;margin-left: auto;margin-right: auto\"><img loading=\"lazy\" decoding=\"async\" border=\"0\" data-original-height=\"814\" data-original-width=\"336\" height=\"640\" src=\"https:\/\/blogger.googleusercontent.com\/img\/b\/R29vZ2xl\/AVvXsEh5LpB6hm-nAxNoI6mE4axLU3u0l3YzCH0k8UgW0MXAdNhTjTjH07dHebobeicS9K2CXjiPHNpo6JUpuBwOGC5ATDUBPxZP5ZAWbf5z9Be-rJbl7MfaKp-uFjmyjTfNgapNSYTbQ5XVWGo\/s640\/Clara+y+Adela+en+el+podio.jpg\" width=\"262\" \/><\/a><\/td>\n<\/tr>\n<tr>\n<td class=\"tr-caption\" style=\"text-align: center\">Clara y Adela, centro y dcha de la imagen,<br \/>en el podio<\/td>\n<\/tr>\n<\/tbody>\n<\/table>\n<div style=\"text-align: left\">\n<span style=\"font-family: Trebuchet MS, sans-serif;font-size: large\">A finales de enero, despu\u00e9s de 4 fines de semana de competici\u00f3n, finalizaba en Miguelturra la fase provincial del Deporte en Edad Escolar de Ciudad Real, con la clasificaci\u00f3n para el regional de las dos alcazare\u00f1as de la categor\u00eda cadete: <b>Clara Vela<\/b> y <b>Adela Collado. <\/b>Dentro del cadete tambi\u00e9n participaron: <b>Arsenio L\u00f3pez (8\u00ba) <\/b>y <b>Roberto Yeghiazaryan (9\u00ba)<\/b>.<\/span><\/div>\n<div style=\"text-align: left\">\n<span style=\"font-family: Trebuchet MS, sans-serif;font-size: large\">Por su lado, la categor\u00eda infantil, tuvo en <b>\u00c1ngel Collado (7\u00ba),&nbsp;<\/b>en <b>Adri\u00e1n Alhambra (11\u00ba) <\/b>y en <b>Marta Vela (8\u00aa femenina)&nbsp;<\/b>los m\u00e1s destacados representantes de la escuela de ajedrez de Alc\u00e1zar. El resto de chicos y chicas quedaron as\u00ed: <b>Ferm\u00edn Aragon\u00e9s (34\u00ba), Alejandro Romero (49\u00ba), Guillermo Lizano (90\u00ba), Javier Montealegre (92\u00ba), Daniel Montealegre (97\u00ba), Nacho Moraleda (108\u00ba) y Carlos Vela (120\u00ba)<\/b><\/span><\/div>\n<div style=\"text-align: left\">\n<span style=\"font-family: Trebuchet MS, sans-serif;font-size: large\"><b>\u00a1\u00a1Enhorabuena a los 28 chicos y chicas participantes de nuestras escuelas de ajedrez de Alc\u00e1zar, Villafranca y Herencia!!<\/b><\/span><\/div>\n<\/div>\n<div class=\"separator\" style=\"clear: both;text-align: center\">\n<\/div>\n","protected":false},"excerpt":{"rendered":"<p>4 oros, 2 platas y 2 bronces, han sido los premios logrados en Toledo Alfredo Amador. campe\u00f3n cadete y sub-16 En los pasados fines de semana han finalizado las fases provinciales del Deporte en Edad Escolar de Ciudad Real y Toledo, con unos resultados muy destacados de nuestros chicos y chicas. El Campeonato Regional del [&hellip;]<\/p>\n","protected":false},"author":1,"featured_media":840,"comment_status":"open","ping_status":"closed","sticky":false,"template":"","format":"standard","meta":{"footnotes":""},"categories":[1],"tags":[],"class_list":["post-839","post","type-post","status-publish","format-standard","has-post-thumbnail","hentry","category-noticias"],"_links":{"self":[{"href":"https:\/\/www.bfv.cloud\/ajedrezeuropa\/wp-json\/wp\/v2\/posts\/839","targetHints":{"allow":["GET"]}}],"collection":[{"href":"https:\/\/www.bfv.cloud\/ajedrezeuropa\/wp-json\/wp\/v2\/posts"}],"about":[{"href":"https:\/\/www.bfv.cloud\/ajedrezeuropa\/wp-json\/wp\/v2\/types\/post"}],"author":[{"embeddable":true,"href":"https:\/\/www.bfv.cloud\/ajedrezeuropa\/wp-json\/wp\/v2\/users\/1"}],"replies":[{"embeddable":true,"href":"https:\/\/www.bfv.cloud\/ajedrezeuropa\/wp-json\/wp\/v2\/comments?post=839"}],"version-history":[{"count":1,"href":"https:\/\/www.bfv.cloud\/ajedrezeuropa\/wp-json\/wp\/v2\/posts\/839\/revisions"}],"predecessor-version":[{"id":847,"href":"https:\/\/www.bfv.cloud\/ajedrezeuropa\/wp-json\/wp\/v2\/posts\/839\/revisions\/847"}],"wp:featuredmedia":[{"embeddable":true,"href":"https:\/\/www.bfv.cloud\/ajedrezeuropa\/wp-json\/wp\/v2\/media\/840"}],"wp:attachment":[{"href":"https:\/\/www.bfv.cloud\/ajedrezeuropa\/wp-json\/wp\/v2\/media?parent=839"}],"wp:term":[{"taxonomy":"category","embeddable":true,"href":"https:\/\/www.bfv.cloud\/ajedrezeuropa\/wp-json\/wp\/v2\/categories?post=839"},{"taxonomy":"post_tag","embeddable":true,"href":"https:\/\/www.bfv.cloud\/ajedrezeuropa\/wp-json\/wp\/v2\/tags?post=839"}],"curies":[{"name":"wp","href":"https:\/\/api.w.org\/{rel}","templated":true}]}}