{"id":848,"date":"2013-12-27T23:35:00","date_gmt":"2013-12-27T23:35:00","guid":{"rendered":"https:\/\/www.bfv.cloud\/ajedrezeuropa\/index.php\/2013\/12\/27\/recepcion-de-los-equipos-sub-16-en-el-ayuntamiento-de-alcazar-de-san-juan\/"},"modified":"2025-11-20T10:23:16","modified_gmt":"2025-11-20T10:23:16","slug":"recepcion-de-los-equipos-sub-16-en-el-ayuntamiento-de-alcazar-de-san-juan","status":"publish","type":"post","link":"https:\/\/www.bfv.cloud\/ajedrezeuropa\/recepcion-de-los-equipos-sub-16-en-el-ayuntamiento-de-alcazar-de-san-juan\/","title":{"rendered":"RECEPCI\u00d3N DE LOS EQUIPOS SUB-16 EN EL AYUNTAMIENTO DE ALC\u00c1ZAR DE SAN JUAN"},"content":{"rendered":"<div class=\"separator\" style=\"clear: both;text-align: center\">\n<a href=\"https:\/\/www.bfv.cloud\/ajedrezeuropa\/wp-content\/uploads\/2013\/12\/fotosconcentraciC3B3n2013031.jpg\" style=\"margin-left: 1em;margin-right: 1em\"><img fetchpriority=\"high\" decoding=\"async\" border=\"0\" src=\"https:\/\/www.bfv.cloud\/ajedrezeuropa\/wp-content\/uploads\/2013\/12\/fotosconcentraciC3B3n2013031.jpg\" height=\"382\" width=\"640\" \/><\/a><\/div>\n<p><\/p>\n<div class=\"separator\" style=\"clear: both;text-align: center\">\n<a href=\"https:\/\/www.bfv.cloud\/ajedrezeuropa\/wp-content\/uploads\/2013\/12\/fotosconcentraciC3B3n2013032.jpg\" style=\"clear: left;float: left;margin-bottom: 1em;margin-right: 1em\"><img decoding=\"async\" border=\"0\" src=\"https:\/\/www.bfv.cloud\/ajedrezeuropa\/wp-content\/uploads\/2013\/12\/fotosconcentraciC3B3n2013032.jpg\" height=\"311\" width=\"400\" \/><\/a><\/div>\n<p><a href=\"https:\/\/www.bfv.cloud\/ajedrezeuropa\/wp-content\/uploads\/2013\/12\/fotosconcentraciC3B3n2013021.jpg\" style=\"clear: right;float: right;margin-bottom: 1em;margin-left: 1em\"><img decoding=\"async\" border=\"0\" src=\"https:\/\/www.bfv.cloud\/ajedrezeuropa\/wp-content\/uploads\/2013\/12\/fotosconcentraciC3B3n2013021.jpg\" height=\"303\" width=\"400\" \/><\/a>&nbsp;<span style=\"font-family: Verdana, sans-serif;text-align: justify\">Los responsables municipales de Alc\u00e1zar y Villafranca, Manuel de la Gu\u00eda y Andr\u00e9s Beldad, han asistido este viernes a la rueda de prensa informativa de la sexta concentraci\u00f3n de Navidad. El numeroso grupo de chicos y chicas que han participado en el \u00faltimo Campeonato de Espa\u00f1a por Equipos sub-16 han sido los invitados especiales en este acto. Durante<br \/>\nla recepci\u00f3n se destacaron los \u00faltimos resultados deportivos conseguidos, incidiendo,<br \/>\nespecialmente, en la aportaci\u00f3n a los valores sociales y educativos que estos<br \/>\nchicos y chicas reciben en cualquier actividad organizada por el proyecto a lo<br \/>\nlargo de la temporada. Otro aspecto importante que se ha destacado es el<br \/>\ndel<\/span><span style=\"font-family: Verdana, sans-serif;text-align: justify\">&nbsp; <\/span><span style=\"font-family: Verdana, sans-serif;text-align: justify\">apoyo e impulso a los nuevos<br \/>\nprogramas que el proyecto \u201cNuestro Ajedrez en Europa\u201d tiene elaborados y<br \/>\npresentados ante distintas instituciones p\u00fablicas.<\/span><\/p>\n<div class=\"MsoNormal\" style=\"text-align: justify\">\n<span><\/span><\/div>\n<p><\/p>\n","protected":false},"excerpt":{"rendered":"<p>&nbsp;Los responsables municipales de Alc\u00e1zar y Villafranca, Manuel de la Gu\u00eda y Andr\u00e9s Beldad, han asistido este viernes a la rueda de prensa informativa de la sexta concentraci\u00f3n de Navidad. El numeroso grupo de chicos y chicas que han participado en el \u00faltimo Campeonato de Espa\u00f1a por Equipos sub-16 han sido los invitados especiales en [&hellip;]<\/p>\n","protected":false},"author":1,"featured_media":849,"comment_status":"open","ping_status":"closed","sticky":false,"template":"","format":"standard","meta":{"footnotes":""},"categories":[1],"tags":[],"class_list":["post-848","post","type-post","status-publish","format-standard","has-post-thumbnail","hentry","category-noticias"],"_links":{"self":[{"href":"https:\/\/www.bfv.cloud\/ajedrezeuropa\/wp-json\/wp\/v2\/posts\/848","targetHints":{"allow":["GET"]}}],"collection":[{"href":"https:\/\/www.bfv.cloud\/ajedrezeuropa\/wp-json\/wp\/v2\/posts"}],"about":[{"href":"https:\/\/www.bfv.cloud\/ajedrezeuropa\/wp-json\/wp\/v2\/types\/post"}],"author":[{"embeddable":true,"href":"https:\/\/www.bfv.cloud\/ajedrezeuropa\/wp-json\/wp\/v2\/users\/1"}],"replies":[{"embeddable":true,"href":"https:\/\/www.bfv.cloud\/ajedrezeuropa\/wp-json\/wp\/v2\/comments?post=848"}],"version-history":[{"count":1,"href":"https:\/\/www.bfv.cloud\/ajedrezeuropa\/wp-json\/wp\/v2\/posts\/848\/revisions"}],"predecessor-version":[{"id":852,"href":"https:\/\/www.bfv.cloud\/ajedrezeuropa\/wp-json\/wp\/v2\/posts\/848\/revisions\/852"}],"wp:featuredmedia":[{"embeddable":true,"href":"https:\/\/www.bfv.cloud\/ajedrezeuropa\/wp-json\/wp\/v2\/media\/849"}],"wp:attachment":[{"href":"https:\/\/www.bfv.cloud\/ajedrezeuropa\/wp-json\/wp\/v2\/media?parent=848"}],"wp:term":[{"taxonomy":"category","embeddable":true,"href":"https:\/\/www.bfv.cloud\/ajedrezeuropa\/wp-json\/wp\/v2\/categories?post=848"},{"taxonomy":"post_tag","embeddable":true,"href":"https:\/\/www.bfv.cloud\/ajedrezeuropa\/wp-json\/wp\/v2\/tags?post=848"}],"curies":[{"name":"wp","href":"https:\/\/api.w.org\/{rel}","templated":true}]}}