{"id":856,"date":"2014-02-13T21:28:00","date_gmt":"2014-02-13T21:28:00","guid":{"rendered":"https:\/\/www.bfv.cloud\/ajedrezeuropa\/index.php\/2014\/02\/13\/los-jugadores-de-nuestros-clubes\/"},"modified":"2025-11-20T10:23:21","modified_gmt":"2025-11-20T10:23:21","slug":"los-jugadores-de-nuestros-clubes","status":"publish","type":"post","link":"https:\/\/www.bfv.cloud\/ajedrezeuropa\/los-jugadores-de-nuestros-clubes\/","title":{"rendered":"LOS JUGADORES DE NUESTROS CLUBES"},"content":{"rendered":"<table cellpadding=\"0\" cellspacing=\"0\" class=\"tr-caption-container\" style=\"float: right;margin-left: 1em;text-align: right\">\n<tbody>\n<tr>\n<td style=\"text-align: center\"><a href=\"https:\/\/www.bfv.cloud\/ajedrezeuropa\/wp-content\/uploads\/2014\/02\/fotosaulasAlcC3A1zarVIcampusdeajedrez003.jpg\" style=\"clear: right;margin-bottom: 1em;margin-left: auto;margin-right: auto\"><img fetchpriority=\"high\" decoding=\"async\" border=\"0\" src=\"https:\/\/www.bfv.cloud\/ajedrezeuropa\/wp-content\/uploads\/2014\/02\/fotosaulasAlcC3A1zarVIcampusdeajedrez003.jpg\" height=\"400\" width=\"288\" \/><\/a><\/td>\n<\/tr>\n<tr>\n<td class=\"tr-caption\" style=\"text-align: center\">Fernando Visier durante el campues del verano<br \/>\npasado en las aulas de Alc\u00e1zar<\/td>\n<\/tr>\n<\/tbody>\n<\/table>\n<table cellpadding=\"0\" cellspacing=\"0\" class=\"tr-caption-container\" style=\"float: left;text-align: left\">\n<tbody>\n<tr>\n<td style=\"text-align: center\"><a href=\"https:\/\/www.bfv.cloud\/ajedrezeuropa\/wp-content\/uploads\/2014\/02\/Visier.jpg\" style=\"clear: left;margin-bottom: 1em;margin-left: auto;margin-right: auto\"><img decoding=\"async\" border=\"0\" src=\"https:\/\/www.bfv.cloud\/ajedrezeuropa\/wp-content\/uploads\/2014\/02\/Visier.jpg\" height=\"320\" width=\"239\" \/><\/a><\/td>\n<\/tr>\n<tr>\n<td class=\"tr-caption\" style=\"text-align: center\">Visier ante el tablero<\/td>\n<\/tr>\n<\/tbody>\n<\/table>\n<div class=\"MsoNormal\">\n<span style=\"font-family: Verdana, sans-serif\"><b>Coincidiendo<br \/>\ncon el cierre del plazo para hacer efectivas las licencias federativas en la<br \/>\nprovincia de Toledo, damos a conocer la relaci\u00f3n provisional de jugadores que<br \/>\ncompetir\u00e1n con nuestros equipos durante la temporada 2014. Es de rese\u00f1ar que el<br \/>\ntotal abonado hoy a la Federaci\u00f3n de Castilla-La Mancha, a trav\u00e9s de sus<br \/>\ndelegaciones provinciales de Ciudad Real y Toledo, asciende a 930 \u20ac, cantidad<br \/>\n\u00e9sta en la que se suman las fichas de los 2 clubes y las de los 36 jugadores<br \/>\nque, actualmente, forman las plantillas de Nuestro Ajedrez en Europa y Nuestro<br \/>\nAjedrez por la Igualdad. En cuanto a este \u00faltimo aspecto, la base principal de<br \/>\nlos jugadores que componen los clubes sigue siendo los chicos y chicas que<br \/>\nforman o han formado parte de las escuelas de ajedrez de Alc\u00e1zar y Villafranca,<br \/>\naunque en los equipos absolutos ya hay alguna novedad destacada digna de<br \/>\nmenci\u00f3n. Si bien es cierto que la composici\u00f3n final de los equipos absolutos y<br \/>\nsub-16 a\u00fan no est\u00e1 ultimada, podemos adelantar que es un honor para todos<br \/>\ncontar con la incorporaci\u00f3n a uno de nuestros equipos del que fuera campe\u00f3n de<br \/>\nEspa\u00f1a y Maestro FIDE, Fernando Visier Segovia. Como sab\u00e9is, Fernando, ya<br \/>\nestaba vinculado a nuestro proyecto como entrenador durante el \u00faltimo campus de<br \/>\nverano, pero ahora se ha animado a regresar a los tableros ejerciendo tambi\u00e9n<br \/>\nel papel de jugador. La presencia del maestro Fernando Visier en competici\u00f3n,<br \/>\nser\u00e1 un aliciente especial para nuestros j\u00f3venes jugadores y resultar\u00e1 de gran<br \/>\ninter\u00e9s para todo el mundo del ajedrez toledano y castellano-manchego. A<br \/>\ncontinuaci\u00f3n, publicamos la lista provisional de ajedrecistas de nuestros<br \/>\nclubes con el&nbsp;<\/b><\/span><b style=\"font-family: Verdana, sans-serif\">dato de su titulaci\u00f3n, categor\u00eda y valoraci\u00f3n internacional:<\/b><\/div>\n<table cellpadding=\"0\" cellspacing=\"0\" class=\"tr-caption-container\" style=\"margin-left: auto;margin-right: auto;text-align: center\">\n<tbody>\n<tr>\n<td style=\"text-align: center\"><a href=\"https:\/\/www.bfv.cloud\/ajedrezeuropa\/wp-content\/uploads\/2014\/02\/fotovisier-larsen.jpg\" style=\"clear: right;margin-bottom: 1em;margin-left: auto;margin-right: auto\"><img decoding=\"async\" border=\"0\" src=\"https:\/\/www.bfv.cloud\/ajedrezeuropa\/wp-content\/uploads\/2014\/02\/fotovisier-larsen.jpg\" height=\"267\" width=\"400\" \/><\/a><\/td>\n<\/tr>\n<tr>\n<td class=\"tr-caption\" style=\"text-align: center\">Larsen frente a Visier<\/td>\n<\/tr>\n<\/tbody>\n<\/table>\n<div style=\"text-align: center\">\n<span style=\"font-family: Verdana, sans-serif\"><b><span style=\"color: blue\">Fernando Visier<\/span> (FM)&nbsp;&nbsp; 2.233<\/b><\/span><\/div>\n<div class=\"MsoNormal\" style=\"text-align: center\">\n<span style=\"font-family: Verdana, sans-serif\"><b><span style=\"color: blue\">Santiago<br \/>\nTalavera<\/span><\/b><b>&nbsp;&nbsp; 2.005<\/b><\/span><\/div>\n<div class=\"MsoNormal\" style=\"text-align: center\">\n<span style=\"font-family: Verdana, sans-serif\"><b><span style=\"color: blue\">Daniel P\u00edriz<\/span><\/b><b>&nbsp;&nbsp;&nbsp; 1.991<\/b><\/span><\/div>\n<div class=\"MsoNormal\" style=\"text-align: center\">\n<span style=\"font-family: Verdana, sans-serif\"><b><span style=\"color: blue\">Jos\u00e9 M\u00aa<br \/>\nRedondo<\/span><\/b><b>&nbsp;&nbsp;&nbsp; 1.929<\/b><\/span><\/div>\n<div class=\"MsoNormal\" style=\"text-align: center\">\n<span style=\"font-family: Verdana, sans-serif\"><b><span style=\"color: blue\">Carlos<br \/>\n\u00c1lvarez <\/span>(S18)&nbsp; 1.895<\/b><\/span><\/div>\n<div class=\"MsoNormal\" style=\"text-align: center\">\n<span style=\"font-family: Verdana, sans-serif\"><b><span style=\"color: blue\">Jorge Sim\u00f3n<\/span><\/b><b>&nbsp;&nbsp; 1.893<\/b><\/span><\/div>\n<div class=\"MsoNormal\" style=\"text-align: center\">\n<span style=\"font-family: Verdana, sans-serif\"><b><span style=\"color: blue\">Luis Miguel<br \/>\nMonreal<\/span><\/b><b>&nbsp;&nbsp; 1.840<\/b><\/span><\/div>\n<div class=\"MsoNormal\" style=\"text-align: center\">\n<span style=\"font-family: Verdana, sans-serif\"><b><span lang=\"EN-GB\" style=\"color: blue\">Isaac Lozano<\/span><span lang=\"EN-GB\"> <\/span><span lang=\"EN-GB\">(S18)&nbsp; 1.775<\/span><\/b><\/span><\/div>\n<div class=\"MsoNormal\" style=\"text-align: center\">\n<b style=\"font-family: Verdana, sans-serif\"><span style=\"color: blue\">Jos\u00e9 \u00c1ngel Vela<\/span>&nbsp;&nbsp; 1.714<\/b><br \/>\n<b style=\"font-family: Verdana, sans-serif\"><b style=\"color: blue\">Antonio Albo<\/b><b><span style=\"color: blue\">&nbsp;&nbsp; <\/span>1.704<\/b><\/b><\/div>\n<div style=\"text-align: center\">\n<div style=\"text-align: center\">\n<div>\n<b style=\"font-family: Verdana, sans-serif\"><span style=\"color: blue\">Carlos Romo<\/span><\/b><b style=\"font-family: Verdana, sans-serif\">&nbsp;&nbsp; 1.691<\/b><\/div>\n<\/div>\n<\/div>\n<div class=\"MsoNormal\" style=\"text-align: center\">\n<span style=\"font-family: Verdana, sans-serif\"><b><span style=\"color: blue\">Sergio<br \/>\nValencia<\/span><\/b><b>&nbsp;&nbsp; 1.689<\/b><\/span><\/div>\n<div class=\"MsoNormal\" style=\"text-align: center\">\n<span style=\"font-family: Verdana, sans-serif\"><b><span style=\"color: blue\">Jos\u00e9 M\u00aa<br \/>\nPastrana<\/span><\/b><b>&nbsp;&nbsp; 1.670<\/b><\/span><\/div>\n<div class=\"MsoNormal\" style=\"text-align: center\">\n<span style=\"font-family: Verdana, sans-serif\"><b><span style=\"color: blue\">Javier<br \/>\nValdepe\u00f1as<\/span> (S16)&nbsp;&nbsp; 1.649<\/b><\/span><\/div>\n<div class=\"MsoNormal\" style=\"text-align: center\">\n<span style=\"font-family: Verdana, sans-serif\"><b><span style=\"color: blue\">Cosimo<br \/>\nLeonardo de Giorgi<\/span> (S18)&nbsp;&nbsp; 1.615<\/b><\/span><\/div>\n<div class=\"MsoNormal\" style=\"text-align: center\">\n<span style=\"font-family: Verdana, sans-serif\"><b><span lang=\"EN-GB\" style=\"color: blue\">Daniel Salas<\/span><\/b><b><span lang=\"EN-GB\">&nbsp;&nbsp; 1.593<\/span><\/b><\/span><\/div>\n<div class=\"MsoNormal\" style=\"text-align: center\">\n<span style=\"font-family: Verdana, sans-serif\"><b><span lang=\"EN-GB\" style=\"color: blue\">Jes\u00fas M\u00aa Bricio<\/span><span lang=\"EN-GB\">&nbsp; <\/span><span lang=\"EN-GB\">(S18)&nbsp;&nbsp; 1.496<\/span><\/b><\/span><\/div>\n<div class=\"MsoNormal\" style=\"text-align: center\">\n<span style=\"font-family: Verdana, sans-serif\"><b><span lang=\"EN-GB\" style=\"color: blue\">Irene Sim\u00f3n<\/span><span lang=\"EN-GB\">&nbsp; <\/span><span lang=\"EN-GB\">S14F)&nbsp;&nbsp;&nbsp; 1.448<\/span><\/b><\/span><\/div>\n<div class=\"MsoNormal\" style=\"text-align: center\">\n<span style=\"font-family: Verdana, sans-serif\"><b><span style=\"color: blue\">Silvia<br \/>\nToribio<\/span> (S16F)&nbsp;&nbsp;&nbsp; 1.410<\/b><\/span><\/p>\n<div>\n<span style=\"font-family: Verdana, sans-serif\"><b><span style=\"color: blue\">Julio M\u00e9rida<\/span>&nbsp;(S14)&nbsp;&nbsp; 1.388<\/b><\/span><\/div>\n<div style=\"text-align: center\">\n<div style=\"margin: 0px\">\n<b><span style=\"font-family: Verdana, sans-serif\"><span style=\"color: blue\">Isabel Marcos-Alberca<\/span>&nbsp;(S12F)&nbsp;&nbsp; 1.048<\/span><\/b><\/div>\n<div style=\"margin: 0px\">\n<b><span style=\"font-family: Verdana, sans-serif\"><span style=\"color: blue\">Mar\u00eda Oliver<\/span> (S12)<\/span><\/b><\/div>\n<\/div>\n<\/div>\n<div class=\"MsoNormal\" style=\"text-align: center\">\n<span style=\"font-family: Verdana, sans-serif\"><b><span style=\"color: blue\">Alba P\u00edriz<\/span>&nbsp; (S16)<\/b><\/span><\/div>\n<div class=\"MsoNormal\" style=\"text-align: center\">\n<span style=\"font-family: Verdana, sans-serif\"><b><span style=\"color: blue\">Juan<br \/>\nFrancisco Mar\u00edn<\/span> (S10)<\/b><\/span><\/div>\n<div class=\"MsoNormal\" style=\"text-align: center\">\n<span style=\"font-family: Verdana, sans-serif\"><b><span style=\"color: blue\">Arturo Mate<\/span> (S12)<\/b><\/span><\/div>\n<div class=\"MsoNormal\" style=\"text-align: center\">\n<span style=\"font-family: Verdana, sans-serif\"><b><span style=\"color: blue\">Julia Meza<\/span> (S12F)<\/b><\/span><\/div>\n<div class=\"MsoNormal\" style=\"text-align: center\">\n<span style=\"font-family: Verdana, sans-serif\"><b><span style=\"color: blue\">Enrique<br \/>\nVelasco<\/span> (S12)<\/b><\/span><\/div>\n<div class=\"MsoNormal\" style=\"text-align: center\">\n<span style=\"font-family: Verdana, sans-serif\"><b><span style=\"color: blue\">Marta<br \/>\nEspinosa<\/span> (S14F)<\/b><\/span><\/div>\n<div class=\"MsoNormal\" style=\"text-align: center\">\n<span style=\"font-family: Verdana, sans-serif\"><b><span style=\"color: blue\">Oscar<br \/>\nRoncero<\/span> (S12)<\/b><\/span><\/div>\n<div class=\"MsoNormal\" style=\"text-align: center\">\n<span style=\"font-family: Verdana, sans-serif\"><b><span style=\"color: blue\">Iv\u00e1n<br \/>\nValencia<\/span> (S14)<\/b><\/span><\/div>\n<div class=\"MsoNormal\" style=\"text-align: center\">\n<span style=\"font-family: Verdana, sans-serif\"><b><span style=\"color: blue\">Diego<br \/>\nCarrero<\/span> (S14)<\/b><\/span><\/div>\n<div class=\"MsoNormal\" style=\"text-align: center\">\n<span style=\"font-family: Verdana, sans-serif\"><b><span style=\"color: blue\">Pablo Vela<\/span> (S14)<\/b><\/span><\/div>\n<div class=\"MsoNormal\" style=\"text-align: center\">\n<span style=\"font-family: Verdana, sans-serif\"><b><span style=\"color: blue\">Alvaro<br \/>\nS\u00e1nchez-Mateos<\/span> (S12)<\/b><\/span><\/div>\n<div class=\"MsoNormal\" style=\"text-align: center\">\n<span style=\"font-family: Verdana, sans-serif\"><b><span style=\"color: blue\">Nuria Lozano<\/span> (S10F)<\/b><\/span><\/div>\n<div class=\"MsoNormal\" style=\"text-align: center\">\n<b style=\"font-family: Verdana, sans-serif\"><span style=\"color: blue\">Samuel Ortiz<\/span> (S14)<\/b><\/p>\n<div style=\"text-align: center\">\n<div style=\"margin: 0px\">\n<b><span style=\"color: blue;font-family: Verdana, sans-serif\">Rub\u00e9n Escribano<\/span><\/b><\/div>\n<\/div>\n<\/div>\n","protected":false},"excerpt":{"rendered":"<p>Fernando Visier durante el campues del verano pasado en las aulas de Alc\u00e1zar Visier ante el tablero Coincidiendo con el cierre del plazo para hacer efectivas las licencias federativas en la provincia de Toledo, damos a conocer la relaci\u00f3n provisional de jugadores que competir\u00e1n con nuestros equipos durante la temporada 2014. Es de rese\u00f1ar que [&hellip;]<\/p>\n","protected":false},"author":1,"featured_media":857,"comment_status":"open","ping_status":"closed","sticky":false,"template":"","format":"standard","meta":{"footnotes":""},"categories":[1],"tags":[],"class_list":["post-856","post","type-post","status-publish","format-standard","has-post-thumbnail","hentry","category-noticias"],"_links":{"self":[{"href":"https:\/\/www.bfv.cloud\/ajedrezeuropa\/wp-json\/wp\/v2\/posts\/856","targetHints":{"allow":["GET"]}}],"collection":[{"href":"https:\/\/www.bfv.cloud\/ajedrezeuropa\/wp-json\/wp\/v2\/posts"}],"about":[{"href":"https:\/\/www.bfv.cloud\/ajedrezeuropa\/wp-json\/wp\/v2\/types\/post"}],"author":[{"embeddable":true,"href":"https:\/\/www.bfv.cloud\/ajedrezeuropa\/wp-json\/wp\/v2\/users\/1"}],"replies":[{"embeddable":true,"href":"https:\/\/www.bfv.cloud\/ajedrezeuropa\/wp-json\/wp\/v2\/comments?post=856"}],"version-history":[{"count":1,"href":"https:\/\/www.bfv.cloud\/ajedrezeuropa\/wp-json\/wp\/v2\/posts\/856\/revisions"}],"predecessor-version":[{"id":860,"href":"https:\/\/www.bfv.cloud\/ajedrezeuropa\/wp-json\/wp\/v2\/posts\/856\/revisions\/860"}],"wp:featuredmedia":[{"embeddable":true,"href":"https:\/\/www.bfv.cloud\/ajedrezeuropa\/wp-json\/wp\/v2\/media\/857"}],"wp:attachment":[{"href":"https:\/\/www.bfv.cloud\/ajedrezeuropa\/wp-json\/wp\/v2\/media?parent=856"}],"wp:term":[{"taxonomy":"category","embeddable":true,"href":"https:\/\/www.bfv.cloud\/ajedrezeuropa\/wp-json\/wp\/v2\/categories?post=856"},{"taxonomy":"post_tag","embeddable":true,"href":"https:\/\/www.bfv.cloud\/ajedrezeuropa\/wp-json\/wp\/v2\/tags?post=856"}],"curies":[{"name":"wp","href":"https:\/\/api.w.org\/{rel}","templated":true}]}}