{"id":861,"date":"2015-03-15T22:09:00","date_gmt":"2015-03-15T22:09:00","guid":{"rendered":"https:\/\/www.bfv.cloud\/ajedrezeuropa\/index.php\/2015\/03\/15\/el-jueves-pasado-en-jaque-de-radio-villacanas\/"},"modified":"2025-11-20T10:23:22","modified_gmt":"2025-11-20T10:23:22","slug":"el-jueves-pasado-en-jaque-de-radio-villacanas","status":"publish","type":"post","link":"https:\/\/www.bfv.cloud\/ajedrezeuropa\/el-jueves-pasado-en-jaque-de-radio-villacanas\/","title":{"rendered":"EL JUEVES PASADO \u00abEN JAQUE\u00bb DE RADIO VILLACA\u00d1AS"},"content":{"rendered":"<p>Como viene siendo habitual todos los jueves el programa \u00abDe buena ma\u00f1ana\u00bb dedica un espacio al ajedrez en su secci\u00f3n \u00abEn jaque\u00bb. En su \u00faltima emisi\u00f3n estuvo referido al curso \u00abEl ajedrez en la escuela\u00bb y a la competici\u00f3n por edades que se est\u00e1 celebrando en Valdepe\u00f1as y que termin\u00f3 este domingo. &nbsp;<iframe allowfullscreen=\"\" frameborder=\"0\" height=\"200\" src=\"http:\/\/www.ivoox.com\/player_ej_4208458_4_1.html?c1=ff6600\"><\/iframe><\/p>\n","protected":false},"excerpt":{"rendered":"<p>Como viene siendo habitual todos los jueves el programa \u00abDe buena ma\u00f1ana\u00bb dedica un espacio al ajedrez en su secci\u00f3n \u00abEn jaque\u00bb. En su \u00faltima emisi\u00f3n estuvo referido al curso \u00abEl ajedrez en la escuela\u00bb y a la competici\u00f3n por edades que se est\u00e1 celebrando en Valdepe\u00f1as y que termin\u00f3 este domingo. &nbsp;<\/p>\n","protected":false},"author":1,"featured_media":0,"comment_status":"open","ping_status":"closed","sticky":false,"template":"","format":"standard","meta":{"footnotes":""},"categories":[1],"tags":[],"class_list":["post-861","post","type-post","status-publish","format-standard","hentry","category-noticias"],"_links":{"self":[{"href":"https:\/\/www.bfv.cloud\/ajedrezeuropa\/wp-json\/wp\/v2\/posts\/861","targetHints":{"allow":["GET"]}}],"collection":[{"href":"https:\/\/www.bfv.cloud\/ajedrezeuropa\/wp-json\/wp\/v2\/posts"}],"about":[{"href":"https:\/\/www.bfv.cloud\/ajedrezeuropa\/wp-json\/wp\/v2\/types\/post"}],"author":[{"embeddable":true,"href":"https:\/\/www.bfv.cloud\/ajedrezeuropa\/wp-json\/wp\/v2\/users\/1"}],"replies":[{"embeddable":true,"href":"https:\/\/www.bfv.cloud\/ajedrezeuropa\/wp-json\/wp\/v2\/comments?post=861"}],"version-history":[{"count":1,"href":"https:\/\/www.bfv.cloud\/ajedrezeuropa\/wp-json\/wp\/v2\/posts\/861\/revisions"}],"predecessor-version":[{"id":862,"href":"https:\/\/www.bfv.cloud\/ajedrezeuropa\/wp-json\/wp\/v2\/posts\/861\/revisions\/862"}],"wp:attachment":[{"href":"https:\/\/www.bfv.cloud\/ajedrezeuropa\/wp-json\/wp\/v2\/media?parent=861"}],"wp:term":[{"taxonomy":"category","embeddable":true,"href":"https:\/\/www.bfv.cloud\/ajedrezeuropa\/wp-json\/wp\/v2\/categories?post=861"},{"taxonomy":"post_tag","embeddable":true,"href":"https:\/\/www.bfv.cloud\/ajedrezeuropa\/wp-json\/wp\/v2\/tags?post=861"}],"curies":[{"name":"wp","href":"https:\/\/api.w.org\/{rel}","templated":true}]}}