{"id":863,"date":"2015-07-05T17:20:00","date_gmt":"2015-07-05T17:20:00","guid":{"rendered":"https:\/\/www.bfv.cloud\/ajedrezeuropa\/index.php\/2015\/07\/05\/alonso-lopez-en-el-campeonato-de-espana-sub-10-y-otras-informaciones\/"},"modified":"2025-11-20T10:23:28","modified_gmt":"2025-11-20T10:23:28","slug":"alonso-lopez-en-el-campeonato-de-espana-sub-10-y-otras-informaciones","status":"publish","type":"post","link":"https:\/\/www.bfv.cloud\/ajedrezeuropa\/alonso-lopez-en-el-campeonato-de-espana-sub-10-y-otras-informaciones\/","title":{"rendered":"ALONSO L\u00d3PEZ EN EL CAMPEONATO DE ESPA\u00d1A SUB-10 Y OTRAS INFORMACIONES"},"content":{"rendered":"<div class=\"separator\" style=\"clear: both;text-align: center\">\n<a href=\"https:\/\/www.bfv.cloud\/ajedrezeuropa\/wp-content\/uploads\/2015\/07\/CARTELCAMPEONAESPA25C32591AEDADES2015.jpg\" style=\"clear: left;float: left;margin-bottom: 1em;margin-right: 1em\"><img fetchpriority=\"high\" decoding=\"async\" border=\"0\" height=\"400\" src=\"https:\/\/blogger.googleusercontent.com\/img\/b\/R29vZ2xl\/AVvXsEg8RlTW1EZmzl-LqaKEuigYxBT-ZDNPxz4Yr8cIebjrjSDq_1sb3eaBSN15oEAP0naONmAem5Kh3T_9riukh1hzmdv0rPWrgwhMUFMig-J1Hj9O2dGH8MjjNhIksltdV1UJcANsKoIgtFU\/s400\/CARTEL+CAMPEONA+ESPA%25C3%2591A+EDADES+2015.jpg\" width=\"300\" \/><\/a><\/div>\n<table align=\"center\" cellpadding=\"0\" cellspacing=\"0\" class=\"tr-caption-container\" style=\"margin-left: auto;margin-right: auto;text-align: right\">\n<tbody>\n<tr>\n<td style=\"text-align: center\"><a href=\"https:\/\/www.bfv.cloud\/ajedrezeuropa\/wp-content\/uploads\/2015\/07\/CHICOSCASTILLA-LAMANCHASUB-10.jpg\" style=\"clear: right;margin-bottom: 1em;margin-left: auto;margin-right: auto\"><img decoding=\"async\" border=\"0\" height=\"320\" src=\"https:\/\/blogger.googleusercontent.com\/img\/b\/R29vZ2xl\/AVvXsEgMbTdo66tOYw5QLhe2l-jTLfzLw_eIz_nqD2Xj8cY-BcIq0gTnETM-tZyDemvO0FfAE5LSBrF6HhR8AuWLq0L_KMjxg9v7rbQEoJJBGaM-U5mzVYElYFunWoY9AoTEtjBBAK-zJKvFRvU\/s320\/CHICOS+CASTILLA-LA+MANCHA+SUB-10.jpg\" width=\"252\" \/><\/a><\/td>\n<\/tr>\n<tr>\n<td class=\"tr-caption\" style=\"text-align: center\">Alonso L\u00f3pez N\u00fa\u00f1ez, en el centro de la imagen,<br \/>acompa\u00f1ado del entrenador de la FACLM, <br \/>Miguel Cubillo,<br \/>y de sus compa\u00f1eros: Miguel Ru\u00edz y <br \/>David Crespo<\/td>\n<\/tr>\n<\/tbody>\n<\/table>\n<p><span style=\"font-family: Helvetica Neue, Arial, Helvetica, sans-serif\">El Campeonato de Espa\u00f1a de la categor\u00eda sub-10 finaliza en Salobre\u00f1a despu\u00e9s de una semana intensa de ajedrez y de emociones. La primera participaci\u00f3n de <b>Alonso L\u00f3pez N\u00fa\u00f1ez<\/b>, de tan s\u00f3lo 8 a\u00f1os de edad, en una competici\u00f3n nacional se ha saldado con 4,5 puntos en las 9 rondas disputadas, ocupando el lugar 68\u00ba entre los 130 chicos y chicas participantes. Los objetivos para Alonso se han cumplido sobradamente en esta experiencia inicial en un individual nacional, que siempre pone a prueba el grado de madurez en el juego que ha alcanzado cualquier ajedrecista. Su paso por este campeonato se ha completado con una notable actuaci\u00f3n en el Campeonato de Espa\u00f1a sub-10 en la modalidad de r\u00e1pidas, donde ha obtenido 5 puntos y ha quedado en el puesto 50\u00ba de un total de 113 jugadores.<\/span><br \/>\n<span style=\"font-family: Helvetica Neue, Arial, Helvetica, sans-serif\">\u00a1\u00a1ENHORABUENA, ALONSO!!<\/span><\/p>\n<table cellpadding=\"0\" cellspacing=\"0\" class=\"tr-caption-container\" style=\"margin-left: auto;margin-right: auto;text-align: center\">\n<tbody>\n<tr>\n<td style=\"text-align: center\"><a href=\"https:\/\/www.bfv.cloud\/ajedrezeuropa\/wp-content\/uploads\/2015\/07\/FOTOALONSO3.jpg\" style=\"clear: right;margin-bottom: 1em;margin-left: auto;margin-right: auto\"><img decoding=\"async\" border=\"0\" height=\"300\" src=\"https:\/\/blogger.googleusercontent.com\/img\/b\/R29vZ2xl\/AVvXsEhEUxRUOkXP8ihe-quT-7vWE2PY5swA_VJRlb5ODXsnkhcQxYj5QgJSH7ZZO5K01bcBaB86bv9q56BG7kuAN5D3yg-kEVEk8WVJqRkeDPs7LdfEnFnA67UN4Eo-f1tgIzDUHOAfRPVZBGM\/s400\/FOTO+ALONSO+3.jpg\" width=\"400\" \/><\/a><\/td>\n<\/tr>\n<tr>\n<td class=\"tr-caption\" style=\"text-align: center\">Alonso saluda a su oponente al comienzo<br \/>&nbsp;de una de las partidas&nbsp;<\/td>\n<\/tr>\n<\/tbody>\n<\/table>\n<h4 style=\"clear: both;text-align: left\">\n<span style=\"font-family: Georgia, Times New Roman, serif\"><u>OTROS JUGADORES EN LOS PR\u00d3XIMOS CAMPEONATOS DE ESPA\u00d1A<\/u><\/span><\/h4>\n<div>\n<span style=\"font-family: Georgia, Times New Roman, serif\">A partir de ma\u00f1ana lunes, Salobre\u00f1a, acoger\u00e1 la disputa de la categor\u00eda sub-12, que contar\u00e1 con la presencia de nuestro jugador <b>Alfredo Amador And\u00fajar<\/b>. Del 13 al 18 de julio ser\u00e1 el tiempo para el sub-14 con la participaci\u00f3n de <b>Isabel Marcos-Alberca Lizcano<\/b> y<b> Roberto L\u00f3pez N\u00fa\u00f1ez<\/b>. A esta lista de alumnos de nuestras escuelas en estos campeonatos de Espa\u00f1a por Edades se han a\u00f1adido:&nbsp;<\/span><\/div>\n<div class=\"separator\" style=\"clear: both;text-align: center\">\n<a href=\"https:\/\/www.bfv.cloud\/ajedrezeuropa\/wp-content\/uploads\/2015\/07\/SAM_1662.jpg\" style=\"margin-left: 1em;margin-right: 1em\"><img loading=\"lazy\" decoding=\"async\" border=\"0\" height=\"300\" src=\"https:\/\/blogger.googleusercontent.com\/img\/b\/R29vZ2xl\/AVvXsEiFzyvp8xoDBR70rY0vrazQ4MBo5ZdTtGgs2WCyeu1jTDvC-6sdJ4cKqBQnrQfZoa5jm7Z32UbhHqrbHYZCLF6fEqcWx5h065pQDQfA2MaYT2IKQhz1hL5vNg6aJhiUziiC-MyQbjgmgjc\/s400\/SAM_1662.JPG\" width=\"400\" \/><\/a><\/div>\n<div style=\"text-align: center\">\n<span style=\"font-family: Georgia, Times New Roman, serif\"><b>Javier Valdepe\u00f1as Octavio<\/b>, en el sub-16, desde el 20 de julio al 25&nbsp;<\/span><\/div>\n<div class=\"separator\" style=\"clear: both;text-align: center\">\n<a href=\"https:\/\/www.bfv.cloud\/ajedrezeuropa\/wp-content\/uploads\/2015\/07\/SAM_1687.jpg\" style=\"margin-left: 1em;margin-right: 1em\"><img loading=\"lazy\" decoding=\"async\" border=\"0\" height=\"241\" src=\"https:\/\/blogger.googleusercontent.com\/img\/b\/R29vZ2xl\/AVvXsEhRy0fTmGfqApxmCaNBUspF0JESGKX9WqA6bNCtVGCK4KALDxvHAp9HEojroZjVYq5C4ik_t-eQl8eBY3jpEEqDp62kpw5J6UFfWZ4rLZwG8PsFA_yHHeP5j3HVwtmvRxYLccLZ13baQGs\/s400\/SAM_1687.JPG\" width=\"400\" \/><\/a><\/div>\n<div style=\"text-align: center\">\n<span style=\"font-family: Georgia, Times New Roman, serif\"><b>Isaac Lozano Osorio<\/b>, en el sub-18, del 27 de julio al 2 de agosto<\/span><\/div>\n<div style=\"text-align: left\">\n<span style=\"font-family: Georgia, Times New Roman, serif\"><br \/><\/span><\/div>\n<div style=\"text-align: left\">\n<span style=\"font-family: Georgia, Times New Roman, serif\">De esta forma, un total de 6 ajedrecistas repartidos en todas las categor\u00edas, desde el sub-10 al sub-18, componen la participaci\u00f3n del proyecto <b>NUESTRO AJEDREZ EN EUROPA <\/b>en los nacionales por categor\u00edas de 2015.<\/span><\/div>\n<div style=\"text-align: left\">\n<span style=\"font-family: Georgia, Times New Roman, serif\"><b>\u00a1\u00a1BUENA COMPETICI\u00d3N PARA TODOS!! \u00a1\u00a1DESDE AQU\u00cd SEGUIREMOS APOYANDO VUESTROS RETOS PRESENTES Y FUTUROS!!<\/b><\/span><\/div>\n","protected":false},"excerpt":{"rendered":"<p>Alonso L\u00f3pez N\u00fa\u00f1ez, en el centro de la imagen,acompa\u00f1ado del entrenador de la FACLM, Miguel Cubillo,y de sus compa\u00f1eros: Miguel Ru\u00edz y David Crespo El Campeonato de Espa\u00f1a de la categor\u00eda sub-10 finaliza en Salobre\u00f1a despu\u00e9s de una semana intensa de ajedrez y de emociones. La primera participaci\u00f3n de Alonso L\u00f3pez N\u00fa\u00f1ez, de tan s\u00f3lo [&hellip;]<\/p>\n","protected":false},"author":1,"featured_media":864,"comment_status":"open","ping_status":"closed","sticky":false,"template":"","format":"standard","meta":{"footnotes":""},"categories":[1],"tags":[],"class_list":["post-863","post","type-post","status-publish","format-standard","has-post-thumbnail","hentry","category-noticias"],"_links":{"self":[{"href":"https:\/\/www.bfv.cloud\/ajedrezeuropa\/wp-json\/wp\/v2\/posts\/863","targetHints":{"allow":["GET"]}}],"collection":[{"href":"https:\/\/www.bfv.cloud\/ajedrezeuropa\/wp-json\/wp\/v2\/posts"}],"about":[{"href":"https:\/\/www.bfv.cloud\/ajedrezeuropa\/wp-json\/wp\/v2\/types\/post"}],"author":[{"embeddable":true,"href":"https:\/\/www.bfv.cloud\/ajedrezeuropa\/wp-json\/wp\/v2\/users\/1"}],"replies":[{"embeddable":true,"href":"https:\/\/www.bfv.cloud\/ajedrezeuropa\/wp-json\/wp\/v2\/comments?post=863"}],"version-history":[{"count":1,"href":"https:\/\/www.bfv.cloud\/ajedrezeuropa\/wp-json\/wp\/v2\/posts\/863\/revisions"}],"predecessor-version":[{"id":869,"href":"https:\/\/www.bfv.cloud\/ajedrezeuropa\/wp-json\/wp\/v2\/posts\/863\/revisions\/869"}],"wp:featuredmedia":[{"embeddable":true,"href":"https:\/\/www.bfv.cloud\/ajedrezeuropa\/wp-json\/wp\/v2\/media\/864"}],"wp:attachment":[{"href":"https:\/\/www.bfv.cloud\/ajedrezeuropa\/wp-json\/wp\/v2\/media?parent=863"}],"wp:term":[{"taxonomy":"category","embeddable":true,"href":"https:\/\/www.bfv.cloud\/ajedrezeuropa\/wp-json\/wp\/v2\/categories?post=863"},{"taxonomy":"post_tag","embeddable":true,"href":"https:\/\/www.bfv.cloud\/ajedrezeuropa\/wp-json\/wp\/v2\/tags?post=863"}],"curies":[{"name":"wp","href":"https:\/\/api.w.org\/{rel}","templated":true}]}}