{"id":870,"date":"2017-09-17T13:58:00","date_gmt":"2017-09-17T13:58:00","guid":{"rendered":"https:\/\/www.bfv.cloud\/ajedrezeuropa\/index.php\/2017\/09\/17\/el-torneo-de-villafranca-cuenta-con-40-participantes-14-de-ellos-mujeres\/"},"modified":"2025-11-20T10:23:35","modified_gmt":"2025-11-20T10:23:35","slug":"el-torneo-de-villafranca-cuenta-con-40-participantes-14-de-ellos-mujeres","status":"publish","type":"post","link":"https:\/\/www.bfv.cloud\/ajedrezeuropa\/el-torneo-de-villafranca-cuenta-con-40-participantes-14-de-ellos-mujeres\/","title":{"rendered":"EL TORNEO DE VILLAFRANCA CUENTA CON 40 PARTICIPANTES, 14 DE ELLOS MUJERES"},"content":{"rendered":"<table align=\"center\" cellpadding=\"0\" cellspacing=\"0\" class=\"tr-caption-container\" style=\"margin-left: auto;margin-right: auto;text-align: center\">\n<tbody>\n<tr>\n<td style=\"text-align: center\"><a href=\"https:\/\/www.bfv.cloud\/ajedrezeuropa\/wp-content\/uploads\/2017\/09\/SAM_3548.jpg\" style=\"margin-left: auto;margin-right: auto\"><img fetchpriority=\"high\" decoding=\"async\" border=\"0\" data-original-height=\"516\" data-original-width=\"1600\" height=\"206\" src=\"https:\/\/blogger.googleusercontent.com\/img\/b\/R29vZ2xl\/AVvXsEh_rQxAvn7o9Bq5kmil9SAdq9jWqgAYeEYXHZ34fQV5zrXfCHINTnrZ1U0jFhZPp58xnGzRFGJ_kMKoIBVWa3VNtx11tBtFmTddkxQzN9JNy8_PZbnf2bd3DKUyv3qbELk6HvfEHIFBdts\/s640\/SAM_3548.JPG\" width=\"640\" \/><\/a><\/td>\n<\/tr>\n<tr>\n<td class=\"tr-caption\" style=\"text-align: center\">Todos los participantes del torneo al finalizar la entrega de trofeos<\/td>\n<\/tr>\n<\/tbody>\n<\/table>\n<table align=\"center\" cellpadding=\"0\" cellspacing=\"0\" class=\"tr-caption-container\" style=\"margin-left: auto;margin-right: auto;text-align: right\">\n<tbody>\n<tr>\n<td style=\"text-align: center\"><a href=\"https:\/\/www.bfv.cloud\/ajedrezeuropa\/wp-content\/uploads\/2017\/09\/IMG_20170916_170952.jpg\" style=\"clear: right;margin-bottom: 1em;margin-left: auto;margin-right: auto\"><img decoding=\"async\" border=\"0\" data-original-height=\"600\" data-original-width=\"1600\" height=\"238\" src=\"https:\/\/blogger.googleusercontent.com\/img\/b\/R29vZ2xl\/AVvXsEh5EFap_nHyPE5g9wmfD7E04IsR7o8myN7eUuUgIxMmB1M-VEe1Fe3B7zOT6_RLUHIWJ1lfU33aUvOChgtC_AaZL5q_bvY5sTGzMftlbv_vv8AG2aXAxeRMWTexnhvqp01idziqfzCyKvQ\/s640\/IMG_20170916_170952.jpg\" width=\"640\" \/><\/a><\/td>\n<\/tr>\n<tr>\n<td class=\"tr-caption\" style=\"text-align: center\">La sala de juego en la casa de la cultura de Villafranca de los Caballeros<\/td>\n<\/tr>\n<\/tbody>\n<\/table>\n<p>&nbsp;<span style=\"font-family: Verdana, sans-serif;font-size: large\">La XXI edici\u00f3n del \u00abAbierto de Feria de Villafranca\u00bb congreg\u00f3 a 40 ajedrecistas, 24 de ellos menores de 16 a\u00f1os y 28 alumn@s, jugadores y jugadoras de nuestros clubes. Por otra parte, uno de los datos m\u00e1s relevantes del torneo lo dio la participaci\u00f3n femenina que lleg\u00f3 a 14, entre chicas, j\u00f3venes y mujeres, representando un 35% del total de jugadores. Es muy importante que los programas realizados para lograr la participaci\u00f3n de la mujer en el ajedrez se materialicen en una respuesta tan positiva. Proyectos como el de Nuestro Ajedrez por la Igualdad, \u00fanico en el \u00e1mbito de este deporte en Castilla-La Mancha, cobran valor cuando se ven refrendados por el inter\u00e9s de mujeres de todas las edades. En 2017 hemos comenzado los cursos espec\u00edficos para mujeres y hemos continuado con torneos como el de la igualdad, dentro de un proyecto amplio para hacer del ajedrez una actividad accesible a todas.<\/span><\/p>\n<table align=\"center\" cellpadding=\"0\" cellspacing=\"0\" class=\"tr-caption-container\" style=\"float: right;margin-left: 1em;text-align: right\">\n<tbody>\n<tr>\n<td style=\"text-align: center\"><a href=\"https:\/\/www.bfv.cloud\/ajedrezeuropa\/wp-content\/uploads\/2017\/09\/IMG_20170916_170936.jpg\" style=\"margin-left: auto;margin-right: auto\"><img decoding=\"async\" border=\"0\" data-original-height=\"533\" data-original-width=\"1600\" height=\"211\" src=\"https:\/\/blogger.googleusercontent.com\/img\/b\/R29vZ2xl\/AVvXsEgrPbuWLVSX1lN5fkkC5DNwWrL_zVnS4XunVVDLWpbUHqy1dAxsmuLYxsru2yrD6JOH7MpOCsQpOtXqo5mIKfRo-i2jbDi5Jhh8s_34_H2QH_89qH8z6iMJRuXHJbXuvZx8w2-mJMwuBFg\/s640\/IMG_20170916_170936.jpg\" width=\"640\" \/><\/a><\/td>\n<\/tr>\n<tr>\n<td class=\"tr-caption\" style=\"text-align: center\">40 personas estuvieron disfrutando de una tarde de ajedrez,&nbsp;<br style=\"font-size: 12.8px\" \/><span style=\"font-size: 12.8px\">con un 35% de participaci\u00f3n femenina<\/span><\/td>\n<\/tr>\n<\/tbody>\n<\/table>\n<p><span style=\"font-family: Verdana, sans-serif;font-size: large\"><\/span><br \/><span style=\"font-family: Verdana, sans-serif;font-size: large\"><\/span><\/p>\n<div class=\"separator\" style=\"clear: both;text-align: center\">\n<\/div>\n<div style=\"text-align: center\">\n<span style=\"font-family: Verdana, sans-serif;font-size: large\"><br \/><\/span><\/div>\n<table cellpadding=\"0\" cellspacing=\"0\" class=\"tr-caption-container\" style=\"float: right;margin-left: 1em;text-align: right\">\n<tbody>\n<tr>\n<td style=\"text-align: center\"><a href=\"https:\/\/www.bfv.cloud\/ajedrezeuropa\/wp-content\/uploads\/2017\/09\/SAM_3546.jpg\" style=\"clear: right;margin-bottom: 1em;margin-left: auto;margin-right: auto\"><img loading=\"lazy\" decoding=\"async\" border=\"0\" data-original-height=\"1600\" data-original-width=\"1301\" height=\"400\" src=\"https:\/\/blogger.googleusercontent.com\/img\/b\/R29vZ2xl\/AVvXsEj08CwlA7kvE40Lgtwl0UZz3Z_8TLGz8DKwMcyPDGjQ4UTfAfQp0VqQuYOBChD26I25oofdeB7msnEVPApYEHjQEyixRyVb_Dc9NfFUuDh_V2hPNJSolqTkOSCm5HbzzLy6ujlP8OK0TgI\/s400\/SAM_3546.JPG\" width=\"325\" \/><\/a><\/td>\n<\/tr>\n<tr>\n<td class=\"tr-caption\" style=\"text-align: center\">Jes\u00fas M\u00aa Bricio recoge su trofeo de las manos de<br \/>Miriam Brasero<\/td>\n<\/tr>\n<\/tbody>\n<\/table>\n<table cellpadding=\"0\" cellspacing=\"0\" class=\"tr-caption-container\" style=\"float: left;margin-right: 1em;text-align: left\">\n<tbody>\n<tr>\n<td style=\"text-align: center\"><a href=\"https:\/\/www.bfv.cloud\/ajedrezeuropa\/wp-content\/uploads\/2017\/09\/SAM_3541.jpg\" style=\"clear: left;margin-bottom: 1em;margin-left: auto;margin-right: auto\"><img loading=\"lazy\" decoding=\"async\" border=\"0\" data-original-height=\"1600\" data-original-width=\"1344\" height=\"400\" src=\"https:\/\/blogger.googleusercontent.com\/img\/b\/R29vZ2xl\/AVvXsEjg3R72JHTgr7GRJOgDDUeI9sJlKeeAKgDdBQfpayWvyHmbIwEz5wZsyLEJl2AfII6kz5kEreW36vYaAHjIfYu7_lgyF2vdpFIeFbUV2pR29oRG0P1oMPwoJ6qGJ2oEsK4h6qclwwR42tQ\/s400\/SAM_3541.JPG\" width=\"335\" \/><\/a><\/td>\n<\/tr>\n<tr>\n<td class=\"tr-caption\" style=\"text-align: center\">Alonso L\u00f3pez, campe\u00f3n sub-16<\/td>\n<\/tr>\n<\/tbody>\n<\/table>\n<p><span style=\"font-family: Verdana, sans-serif;font-size: large\">En cuanto a los resultados deportivos, el torneo tuvo varios protagonistas. El primero de ellos, el campe\u00f3n, Jes\u00fas M\u00aa Bricio, que consigui\u00f3 4,5 puntos en las 5 rondas disputadas, seguido de Alonso L\u00f3pez, que con 4 puntos y sin ninguna derrota, logr\u00f3 liderar la clasificaci\u00f3n sub-16 con solo 10 a\u00f1os. El tercer protagonista fue&nbsp;<\/span><br \/>\n<span style=\"font-family: Verdana, sans-serif;font-size: large\"><br \/><\/span><br \/>\n<span style=\"font-family: Verdana, sans-serif;font-size: large\">Sebasti\u00e1n Claver\u00edas, un jugador con m\u00e1s de 2.200 puntos de ELO FIDE, que nos acompa\u00f1\u00f3 durante el torneo haciendo gala de una gran deportividad.<\/span><br \/>\n<span style=\"font-family: Verdana, sans-serif;font-size: large\">La entrega de trofeos fue realizada por Emilio Alberca, concejal de deportes, y Miriam Brasero, concejal de servicios sociales y mujer.<\/span><br \/>\n<span style=\"font-family: Verdana, sans-serif;font-size: large\">\u00a1Gracias a tod@s!<\/span><br \/>\n<span style=\"font-family: Verdana, sans-serif;font-size: large\"><br \/><\/span><\/p>\n<table align=\"center\" cellpadding=\"0\" cellspacing=\"0\" class=\"tr-caption-container\" style=\"margin-left: auto;margin-right: auto;text-align: center\">\n<tbody>\n<tr>\n<td style=\"text-align: center\"><a href=\"https:\/\/www.bfv.cloud\/ajedrezeuropa\/wp-content\/uploads\/2017\/09\/SAM_3545.jpg\" style=\"margin-left: auto;margin-right: auto\"><img loading=\"lazy\" decoding=\"async\" border=\"0\" data-original-height=\"1015\" data-original-width=\"1600\" height=\"404\" src=\"https:\/\/blogger.googleusercontent.com\/img\/b\/R29vZ2xl\/AVvXsEgkjY4jU2U8l-9eUBCsIcwiYqQQchxY7KpcbGiY3p-YnTJhjRzYu5wgfO5YCjjOngdFmzNmT-scM2tbdcL7AL5YPV_dw10p4cn69Xf-epuaXvrNMWK8hIgg6czOpZf3NC4uVNVmXDzFNqg\/s640\/SAM_3545.JPG\" width=\"640\" \/><\/a><\/td>\n<\/tr>\n<tr>\n<td class=\"tr-caption\" style=\"text-align: center\">Sebasti\u00e1n Claver\u00edas recoge su trofeo de subcampe\u00f3n<\/td>\n<\/tr>\n<\/tbody>\n<\/table>\n<p><\/p>\n","protected":false},"excerpt":{"rendered":"<p>Todos los participantes del torneo al finalizar la entrega de trofeos La sala de juego en la casa de la cultura de Villafranca de los Caballeros &nbsp;La XXI edici\u00f3n del \u00abAbierto de Feria de Villafranca\u00bb congreg\u00f3 a 40 ajedrecistas, 24 de ellos menores de 16 a\u00f1os y 28 alumn@s, jugadores y jugadoras de nuestros clubes. [&hellip;]<\/p>\n","protected":false},"author":1,"featured_media":871,"comment_status":"open","ping_status":"closed","sticky":false,"template":"","format":"standard","meta":{"footnotes":""},"categories":[1],"tags":[],"class_list":["post-870","post","type-post","status-publish","format-standard","has-post-thumbnail","hentry","category-noticias"],"_links":{"self":[{"href":"https:\/\/www.bfv.cloud\/ajedrezeuropa\/wp-json\/wp\/v2\/posts\/870","targetHints":{"allow":["GET"]}}],"collection":[{"href":"https:\/\/www.bfv.cloud\/ajedrezeuropa\/wp-json\/wp\/v2\/posts"}],"about":[{"href":"https:\/\/www.bfv.cloud\/ajedrezeuropa\/wp-json\/wp\/v2\/types\/post"}],"author":[{"embeddable":true,"href":"https:\/\/www.bfv.cloud\/ajedrezeuropa\/wp-json\/wp\/v2\/users\/1"}],"replies":[{"embeddable":true,"href":"https:\/\/www.bfv.cloud\/ajedrezeuropa\/wp-json\/wp\/v2\/comments?post=870"}],"version-history":[{"count":1,"href":"https:\/\/www.bfv.cloud\/ajedrezeuropa\/wp-json\/wp\/v2\/posts\/870\/revisions"}],"predecessor-version":[{"id":877,"href":"https:\/\/www.bfv.cloud\/ajedrezeuropa\/wp-json\/wp\/v2\/posts\/870\/revisions\/877"}],"wp:featuredmedia":[{"embeddable":true,"href":"https:\/\/www.bfv.cloud\/ajedrezeuropa\/wp-json\/wp\/v2\/media\/871"}],"wp:attachment":[{"href":"https:\/\/www.bfv.cloud\/ajedrezeuropa\/wp-json\/wp\/v2\/media?parent=870"}],"wp:term":[{"taxonomy":"category","embeddable":true,"href":"https:\/\/www.bfv.cloud\/ajedrezeuropa\/wp-json\/wp\/v2\/categories?post=870"},{"taxonomy":"post_tag","embeddable":true,"href":"https:\/\/www.bfv.cloud\/ajedrezeuropa\/wp-json\/wp\/v2\/tags?post=870"}],"curies":[{"name":"wp","href":"https:\/\/api.w.org\/{rel}","templated":true}]}}