{"id":878,"date":"2017-02-20T11:24:00","date_gmt":"2017-02-20T11:24:00","guid":{"rendered":"https:\/\/www.bfv.cloud\/ajedrezeuropa\/index.php\/2017\/02\/20\/el-escolar-y-federado-de-toledo-da-4-oros-y-2-bronces-a-la-escuela-de-ajedrez-de-villafranca\/"},"modified":"2025-11-20T10:23:42","modified_gmt":"2025-11-20T10:23:42","slug":"el-escolar-y-federado-de-toledo-da-4-oros-y-2-bronces-a-la-escuela-de-ajedrez-de-villafranca","status":"publish","type":"post","link":"https:\/\/www.bfv.cloud\/ajedrezeuropa\/el-escolar-y-federado-de-toledo-da-4-oros-y-2-bronces-a-la-escuela-de-ajedrez-de-villafranca\/","title":{"rendered":"\u00a1\u00a1EL ESCOLAR Y FEDERADO DE TOLEDO DA 4 OROS Y 2 BRONCES A LA ESCUELA DE AJEDREZ DE VILLAFRANCA!!"},"content":{"rendered":"<h4>\n<table align=\"center\" cellpadding=\"0\" cellspacing=\"0\" class=\"tr-caption-container\" style=\"margin-left: auto;margin-right: auto;text-align: center\">\n<tbody>\n<tr>\n<td style=\"text-align: center\"><a href=\"https:\/\/www.bfv.cloud\/ajedrezeuropa\/wp-content\/uploads\/2017\/02\/IMG-20170218-WA015.jpg\" style=\"margin-left: auto;margin-right: auto\"><img fetchpriority=\"high\" decoding=\"async\" border=\"0\" height=\"390\" src=\"https:\/\/blogger.googleusercontent.com\/img\/b\/R29vZ2xl\/AVvXsEjestpX9SxC-O-Bdd7xuCjFr-T2f0a5_JWUFuocb3mb9lkiurfGOqaQsXkycXKyRGPSJ4HaddMuVjv6aX3qoslHAi7kfH6kg0AJZGa-fegKJ0e_C_8sScBryAMcid7wx432ld2CJe0sEjk\/s640\/IMG-20170218-WA015.jpg\" width=\"640\" \/><\/a><\/td>\n<\/tr>\n<tr>\n<td class=\"tr-caption\" style=\"text-align: center\">\u00a1UN GRAN GRUPO! <br \/>Todos juntos, jugadores expertos y principiantes<\/td>\n<\/tr>\n<\/tbody>\n<\/table>\n<div class=\"MsoNormal\" style=\"text-align: center\">\n<span style=\"font-size: 14.0pt;line-height: 107%\">La escuela de ajedrez de Villafranca ha completado su<br \/>\nparticipaci\u00f3n en una nueva edici\u00f3n del Campeonato del Deporte en Edad Escolar<br \/>\nde Toledo con unos resultados muy destacables y una mejora generalizada en la<br \/>\npuntuaci\u00f3n de sus jugadores.<\/span><\/div>\n<div class=\"MsoNormal\" style=\"text-align: center\">\n<span style=\"font-size: 14.0pt;line-height: 107%\"><br \/><\/span><\/div>\n<div align=\"center\" class=\"MsoNormal\" style=\"text-align: center\">\n<b><u><span style=\"font-size: 14.0pt;line-height: 107%\"><span style=\"color: #20124d\">DEPORTE EN EDAD<br \/>\nESCOLAR: CAMPEONES DEL CADETE <\/span><\/span><\/u><\/b><\/div>\n<div align=\"center\" class=\"MsoNormal\" style=\"text-align: center\">\n<b><u><span style=\"font-size: 14.0pt;line-height: 107%\"><span style=\"color: #20124d\">Y TERCEROS EN EL<br \/>\nINFANTIL<\/span><\/span><\/u><\/b><\/div>\n<table cellpadding=\"0\" cellspacing=\"0\" class=\"tr-caption-container\" style=\"float: right;text-align: right\">\n<tbody>\n<tr>\n<td style=\"text-align: center\"><a href=\"https:\/\/www.bfv.cloud\/ajedrezeuropa\/wp-content\/uploads\/2017\/02\/IMG-20170218-WA010.jpg\" style=\"clear: right;margin-bottom: 1em;margin-left: auto;margin-right: auto\"><img decoding=\"async\" border=\"0\" height=\"640\" src=\"https:\/\/blogger.googleusercontent.com\/img\/b\/R29vZ2xl\/AVvXsEjfv_4tvovuDecG7D6mQ4F1Sah1FBfGzTE8SLgXledquACVqarzQBRx9rcqDjGJ8fE-GNJa1GjwlHK5IabQyIGdeOG-U3Ph5BJAkT4P1Jb6IaXcjihhtSGNNEzhtyf2dUKiLG3lcIb__E4\/s640\/IMG-20170218-WA010.jpg\" width=\"360\" \/><\/a><\/td>\n<\/tr>\n<tr>\n<td class=\"tr-caption\" style=\"text-align: center\">Alonso L\u00f3pez N\u00fa\u00f1ez, campe\u00f3n sub-12<br \/>y 3er. clasificado del escolar infantil<\/td>\n<\/tr>\n<\/tbody>\n<\/table>\n<table cellpadding=\"0\" cellspacing=\"0\" class=\"tr-caption-container\" style=\"float: left;text-align: left\">\n<tbody>\n<tr>\n<td style=\"text-align: center\"><a href=\"https:\/\/www.bfv.cloud\/ajedrezeuropa\/wp-content\/uploads\/2017\/02\/IMG-20170218-WA009.jpg\" style=\"clear: left;margin-bottom: 1em;margin-left: auto;margin-right: auto\"><img decoding=\"async\" border=\"0\" height=\"400\" src=\"https:\/\/blogger.googleusercontent.com\/img\/b\/R29vZ2xl\/AVvXsEhDPP3jTQ8SHh6XdySxVp5u_oQj6cUigWnCRAogMUGCXspTCFkbrjxCNfOf37jv3l0nHp4Z2wuVWYBYTUVSH2P5OLvAO9XQmwUTVIcloXrmaZmVH32TWS21kj98t6c0uE98nhh-G6KfiN8\/s400\/IMG-20170218-WA009.jpg\" style=\"cursor: move\" width=\"293\" \/><\/a><\/td>\n<\/tr>\n<tr>\n<td class=\"tr-caption\" style=\"text-align: center\">Alfredo Amador And\u00fajar, 3\u00ba del sub-14<\/td>\n<\/tr>\n<\/tbody>\n<\/table>\n<div class=\"MsoNormal\" style=\"text-align: justify\">\n<span style=\"font-size: 14.0pt;line-height: 107%\"><br \/><\/span><\/div>\n<div class=\"MsoNormal\" style=\"text-align: justify\">\n<span style=\"font-size: 14.0pt;line-height: 107%\">En la categor\u00eda cadete la victoria de Roberto L\u00f3pez N\u00fa\u00f1ez ha<br \/>\nvuelto a ser inapelable: 6 puntos en 6 partidas, con 2 puntos de ventaja sobre<br \/>\nel segundo clasificado. <\/span><\/div>\n<table cellpadding=\"0\" cellspacing=\"0\" class=\"tr-caption-container\" style=\"float: left;margin-right: 1em;text-align: left\">\n<tbody>\n<tr>\n<td style=\"text-align: center\"><a href=\"https:\/\/www.bfv.cloud\/ajedrezeuropa\/wp-content\/uploads\/2017\/02\/IMG-20170218-WA002.jpg\" style=\"clear: left;margin-bottom: 1em;margin-left: auto;margin-right: auto\"><img loading=\"lazy\" decoding=\"async\" border=\"0\" height=\"400\" src=\"https:\/\/blogger.googleusercontent.com\/img\/b\/R29vZ2xl\/AVvXsEhKeAyReTkzinfGyYza5cZV2sBvKAJGBBCTOyFKDgBbBdMITJeYizpB7qdf7XyGntpSp-BT-odjELSKNi7J05QyPxoHXucMXXXqA7vSlYVibZml-zOzEU4QQU6bVfP7NXhZKGEBXiWMNzk\/s400\/IMG-20170218-WA002.jpg\" width=\"242\" \/><\/a><\/td>\n<\/tr>\n<tr>\n<td class=\"tr-caption\" style=\"text-align: center\">Roberto L\u00f3pez N\u00fa\u00f1ez, <br \/>campe\u00f3n cadete y sub-16<\/td>\n<\/tr>\n<\/tbody>\n<\/table>\n<table align=\"center\" cellpadding=\"0\" cellspacing=\"0\" class=\"tr-caption-container\" style=\"float: left;margin-right: 1em;text-align: left\">\n<tbody>\n<tr>\n<td style=\"text-align: center\"><a href=\"https:\/\/www.bfv.cloud\/ajedrezeuropa\/wp-content\/uploads\/2017\/02\/IMG-20170218-WA000.jpg\" style=\"clear: right;margin-bottom: 1em;margin-left: auto;margin-right: auto\"><img loading=\"lazy\" decoding=\"async\" border=\"0\" height=\"400\" src=\"https:\/\/blogger.googleusercontent.com\/img\/b\/R29vZ2xl\/AVvXsEjAltpjVaPXXUb2RHwBMDpuGGkJKHchUF4I1y44AKnEU76KiHN7JaFjonPAwytGOY_GoBlBRQvzf6ACcF9eCS-ZXNPuzhZpvg1IC4QBpCQKNCZvnzatEQeR2WDhHE8YJS3X0vApdvjZkso\/s400\/IMG-20170218-WA000.jpg\" width=\"300\" \/><\/a><\/td>\n<\/tr>\n<tr>\n<td class=\"tr-caption\" style=\"text-align: center\">Irene Sim\u00f3n Escalona, campeona juvenil<\/td>\n<\/tr>\n<\/tbody>\n<\/table>\n<div class=\"MsoNormal\" style=\"text-align: justify\">\n<span style=\"font-size: 14.0pt;line-height: 107%\">En el infantil, Alonso L\u00f3pez N\u00fa\u00f1ez, quedaba empatado a 7<br \/>\npuntos con el campe\u00f3n, despu\u00e9s de hacer un excelente campeonato que le ha<br \/>\nllevado a ser bronce y clasificarse para la fase regional. Con tan solo 10<br \/>\na\u00f1os, Alonso, se ha codeado con los mejores, en una categor\u00eda donde participan<br \/>\njugadores de hasta 14 a\u00f1os de edad, obteniendo 1 punto m\u00e1s que en 2016 y<br \/>\nmejorando en dos puestos su clasificaci\u00f3n anterior.<\/span><\/div>\n<div class=\"MsoNormal\" style=\"text-align: justify\">\n<span style=\"font-size: 14.0pt;line-height: 107%\">Alfredo Amador And\u00fajar, 6\u00ba clasificado con 6,5 puntos, estuvo<br \/>\nmuy cerca de pasar a la fase regional gracias a su \u00faltima partida en la mesa 1.<br \/>\nEste enfrentamiento de la 8\u00aa ronda fue decisivo,&nbsp; y aunque las tablas le alejaron de los 3<br \/>\nprimeros puestos a tan solo medio punto del grupo de cabeza, tambi\u00e9n pudo<br \/>\nmejorar su puntuaci\u00f3n de la temporada anterior.<\/span><\/div>\n<div class=\"MsoNormal\" style=\"text-align: justify\">\n<span style=\"font-size: 14.0pt;line-height: 107%\">El resto de chicos y chicas de la escuela villafranquera han<br \/>\nprogresado en juego y resultados, quedando as\u00ed su puntuaci\u00f3n final, entre<br \/>\npar\u00e9ntesis aparece una comparativa respecto a 2016:<\/span><\/div>\n<div class=\"MsoNormal\" style=\"text-align: justify\">\n<span style=\"font-size: 14.0pt;line-height: 107%\">&#8211; Gabriel Amador, 5 puntos (1 m\u00e1s que en 2016)<\/span><\/div>\n<div class=\"MsoNormal\" style=\"text-align: justify\">\n<span style=\"font-size: 14.0pt;line-height: 107%\">&#8211; \u00c1lvaro Alberca, 4,5 puntos (iguala el resultado anterior)<\/span><\/div>\n<div class=\"MsoNormal\" style=\"text-align: justify\">\n<span style=\"font-size: 14.0pt;line-height: 107%\">&#8211; Nicol\u00e1s Corrales, 4,5 puntos (2,5 puntos m\u00e1s que el a\u00f1o<br \/>\npasado)<\/span><\/div>\n<div class=\"MsoNormal\" style=\"text-align: justify\">\n<span style=\"font-size: 14.0pt;line-height: 107%\">&#8211; Mar\u00eda Oliver, 4 puntos (pierde 1 punto)<\/span><\/div>\n<div class=\"MsoNormal\" style=\"text-align: justify\">\n<span style=\"font-size: 14.0pt;line-height: 107%\">&#8211; \u00c1ngel Javier Pozos, 4 puntos (gana 1 punto)<\/span><\/div>\n<div class=\"MsoNormal\" style=\"text-align: justify\">\n<span style=\"font-size: 14.0pt;line-height: 107%\">&#8211; Aurora Corrales, 3,5 puntos (gana 1 punto)<\/span><\/div>\n<div class=\"MsoNormal\" style=\"text-align: justify\">\n<span style=\"font-size: 14.0pt;line-height: 107%\">&#8211; Manuel Alberca, 0,5 puntos (pierde 1,5 puntos)<\/span><\/div>\n<div class=\"MsoNormal\" style=\"text-align: justify\">\n<span style=\"font-size: 14.0pt;line-height: 107%\">Dentro del grupo de los que han comenzado a competir este<br \/>\na\u00f1o:<\/span><\/div>\n<div class=\"MsoNormal\" style=\"text-align: justify\">\n<span style=\"font-size: 14.0pt;line-height: 107%\">&#8211; Con 4 puntos: Crist\u00f3bal Corrales y Julio Oliver.<\/span><\/div>\n<div class=\"MsoNormal\" style=\"text-align: justify\">\n<span style=\"font-size: 14.0pt;line-height: 107%\">&#8211; Con 3 puntos: M\u00f3nica Monreal.<\/span><\/div>\n<div class=\"MsoNormal\" style=\"text-align: justify\">\n<span style=\"font-size: 14.0pt;line-height: 107%\">&#8211; Con 2,5 puntos: Ignacio Roncero.<\/span><\/div>\n<div class=\"MsoNormal\" style=\"text-align: justify\">\n<span style=\"font-size: 14.0pt;line-height: 107%\">&#8211; Con 1,5 puntos: Roberto Fern\u00e1ndez-Mazarambroz.<\/span><\/div>\n<div class=\"MsoNormal\" style=\"text-align: justify\">\n<span style=\"font-size: 14.0pt;line-height: 107%\"><\/span><br \/><span style=\"font-size: 14.0pt;line-height: 107%\"><\/span><\/div>\n<div align=\"center\" class=\"MsoNormal\" style=\"text-align: center\">\n<b><u><span style=\"font-size: 14.0pt;line-height: 107%\"><span style=\"color: #20124d\">CAMPEONATO<br \/>\nPROVINCIAL POR EDADES DE TOLEDO: <\/span><\/span><\/u><\/b><\/div>\n<div align=\"center\" class=\"MsoNormal\" style=\"text-align: center\">\n<b><u><span style=\"font-size: 14.0pt;line-height: 107%\"><span style=\"color: #20124d\">3 OROS Y UN BRONCE<\/span><\/span><\/u><\/b><\/div>\n<div class=\"MsoNormal\" style=\"text-align: justify\">\n<span style=\"font-size: 14.0pt;line-height: 107%\"><br \/><\/span><\/div>\n<div class=\"MsoNormal\" style=\"text-align: justify\">\n<span style=\"font-size: 14.0pt;line-height: 107%\">Como viene siendo habitual, han sido las principales<br \/>\ncategor\u00edas del campeonato por edades las que han proporcionado las victorias de<br \/>\nnuestros ajedrecistas:<\/span><\/div>\n<div class=\"MsoNormal\" style=\"text-align: justify\">\n<span style=\"font-size: 14.0pt;line-height: 107%\">&#8211; Juvenil sub-18. Irene Sim\u00f3n Escalona (campeona)<\/span><\/div>\n<div class=\"MsoNormal\" style=\"text-align: justify\">\n<span style=\"font-size: 14.0pt;line-height: 107%\">&#8211; Sub-16. Roberto L\u00f3pez N\u00fa\u00f1ez (campe\u00f3n)<\/span><\/div>\n<div class=\"MsoNormal\" style=\"text-align: justify\">\n<span style=\"font-size: 14.0pt;line-height: 107%\">&#8211; Sub-14. Alfredo Amador And\u00fajar (3er. clasificado)<\/span><\/div>\n<div class=\"MsoNormal\" style=\"text-align: justify\">\n<span style=\"font-size: 14.0pt;line-height: 107%\">&#8211; Sub-12. Alonso L\u00f3pez N\u00fa\u00f1ez (campe\u00f3n).<\/span><\/div>\n<div class=\"MsoNormal\" style=\"text-align: justify\">\n<span style=\"font-size: 14.0pt;line-height: 107%\"><br \/><\/span><\/div>\n<div class=\"MsoNormal\" style=\"text-align: center\">\n<span style=\"font-size: 14.0pt;line-height: 107%\">\u00a1\u00a1Enhorabuena a todos por su esfuerzo!!<\/span><\/div>\n<\/h4>\n<div>\n<\/div>\n<div class=\"separator\" style=\"clear: both;text-align: center\">\n<table cellpadding=\"0\" cellspacing=\"0\" class=\"tr-caption-container\" style=\"clear: right;float: right;margin-bottom: 1em;margin-left: 1em;text-align: right\">\n<tbody>\n<tr>\n<td style=\"text-align: center\"><a href=\"https:\/\/www.bfv.cloud\/ajedrezeuropa\/wp-content\/uploads\/2017\/02\/IMG-20170218-WA014.jpg\" style=\"clear: right;margin-bottom: 1em;margin-left: auto;margin-right: auto\"><img loading=\"lazy\" decoding=\"async\" border=\"0\" height=\"588\" src=\"https:\/\/blogger.googleusercontent.com\/img\/b\/R29vZ2xl\/AVvXsEhkijt6vwmShlFJfxASEJSQqBk1VZgezOjHJWsyXdQGGXeCtxcXIq7QURx-kzA-SYN_rtPMVqXuUuVcTSVrJcTmJCNR9NoomTDbs779tqOkLxvGF9JlWRC5BC_O6gAqZl7CjJGThGgqKIQ\/s640\/IMG-20170218-WA014.jpg\" width=\"640\" \/><\/a><\/td>\n<\/tr>\n<tr>\n<td class=\"tr-caption\" style=\"text-align: center\">Todos los chicos y chicas de la escuela de Villafranca participantes<br \/>\nen este provincial toledano<\/td>\n<\/tr>\n<\/tbody>\n<\/table>\n<\/div>\n","protected":false},"excerpt":{"rendered":"<p>\u00a1UN GRAN GRUPO! Todos juntos, jugadores expertos y principiantes La escuela de ajedrez de Villafranca ha completado su participaci\u00f3n en una nueva edici\u00f3n del Campeonato del Deporte en Edad Escolar de Toledo con unos resultados muy destacables y una mejora generalizada en la puntuaci\u00f3n de sus jugadores. DEPORTE EN EDAD ESCOLAR: CAMPEONES DEL CADETE Y [&hellip;]<\/p>\n","protected":false},"author":1,"featured_media":879,"comment_status":"open","ping_status":"closed","sticky":false,"template":"","format":"standard","meta":{"footnotes":""},"categories":[1],"tags":[],"class_list":["post-878","post","type-post","status-publish","format-standard","has-post-thumbnail","hentry","category-noticias"],"_links":{"self":[{"href":"https:\/\/www.bfv.cloud\/ajedrezeuropa\/wp-json\/wp\/v2\/posts\/878","targetHints":{"allow":["GET"]}}],"collection":[{"href":"https:\/\/www.bfv.cloud\/ajedrezeuropa\/wp-json\/wp\/v2\/posts"}],"about":[{"href":"https:\/\/www.bfv.cloud\/ajedrezeuropa\/wp-json\/wp\/v2\/types\/post"}],"author":[{"embeddable":true,"href":"https:\/\/www.bfv.cloud\/ajedrezeuropa\/wp-json\/wp\/v2\/users\/1"}],"replies":[{"embeddable":true,"href":"https:\/\/www.bfv.cloud\/ajedrezeuropa\/wp-json\/wp\/v2\/comments?post=878"}],"version-history":[{"count":1,"href":"https:\/\/www.bfv.cloud\/ajedrezeuropa\/wp-json\/wp\/v2\/posts\/878\/revisions"}],"predecessor-version":[{"id":885,"href":"https:\/\/www.bfv.cloud\/ajedrezeuropa\/wp-json\/wp\/v2\/posts\/878\/revisions\/885"}],"wp:featuredmedia":[{"embeddable":true,"href":"https:\/\/www.bfv.cloud\/ajedrezeuropa\/wp-json\/wp\/v2\/media\/879"}],"wp:attachment":[{"href":"https:\/\/www.bfv.cloud\/ajedrezeuropa\/wp-json\/wp\/v2\/media?parent=878"}],"wp:term":[{"taxonomy":"category","embeddable":true,"href":"https:\/\/www.bfv.cloud\/ajedrezeuropa\/wp-json\/wp\/v2\/categories?post=878"},{"taxonomy":"post_tag","embeddable":true,"href":"https:\/\/www.bfv.cloud\/ajedrezeuropa\/wp-json\/wp\/v2\/tags?post=878"}],"curies":[{"name":"wp","href":"https:\/\/api.w.org\/{rel}","templated":true}]}}