{"id":886,"date":"2010-03-09T00:07:00","date_gmt":"2010-03-09T00:07:00","guid":{"rendered":"https:\/\/www.bfv.cloud\/ajedrezeuropa\/index.php\/2010\/03\/09\/la-escuela-de-villafranca-obtiene-su-mejor-participacion-en-el-escolar-de-toledo\/"},"modified":"2025-11-20T10:23:43","modified_gmt":"2025-11-20T10:23:43","slug":"la-escuela-de-villafranca-obtiene-su-mejor-participacion-en-el-escolar-de-toledo","status":"publish","type":"post","link":"https:\/\/www.bfv.cloud\/ajedrezeuropa\/la-escuela-de-villafranca-obtiene-su-mejor-participacion-en-el-escolar-de-toledo\/","title":{"rendered":"LA ESCUELA DE VILLAFRANCA OBTIENE SU MEJOR PARTICIPACI\u00d3N EN EL ESCOLAR DE TOLEDO"},"content":{"rendered":"<div class=\"separator\" style=\"border-bottom: medium none;border-left: medium none;border-right: medium none;border-top: medium none;clear: both;text-align: center\">El proyecto \u201cNuestro Ajedrez en Europa\u201d, a trav\u00e9s de la Escuela Deportiva Municipal de Ajedrez de Villafranca, acaba de obtener su mejor participaci\u00f3n hist\u00f3rica en el Campeonato del Deporte en Edad Escolar de Toledo, al clasificar a 3 de sus jugadores y a una jugadora para la fase regional de esta competici\u00f3n. Las dos categor\u00edas del escolar, cadete e infantil, clasifican a 3 chicos y 3 chicas para el Campeonato de Castilla-La Mancha, logrando en el cadete la mitad de la representaci\u00f3n de la provincia de Toledo, gracias a los resultados de Jorge Sim\u00f3n, Santiago Talavera y Blanca Y\u00e9benes. Por su parte, en la categor\u00eda infantil, y a pesar de haber tenido m\u00e1s opciones de clasificaci\u00f3n, finalmente, solo Jes\u00fas Mar\u00eda Bricio pudo conseguirlo, elevando a un n\u00famero total de 4 jugadores de 12 posibles la representaci\u00f3n del ajedrez de Villafranca para estos campeonatos auton\u00f3micos.<a href=\"https:\/\/blogger.googleusercontent.com\/img\/b\/R29vZ2xl\/AVvXsEiOB_ieLNeaRTTlC2tI1t26C1fIGaRee1rpMsrtPURjmCrNrvWYS3xrzU969vETyLemrEVVJGlXn_fOdemFaP2_V67iIvOyQ0IMd5ro8foyuvcA5nB1QJlWqbdcqDKO4Wqv2MCYbsTlw_o\/s1600-h\/FOTO+GRUPO.jpg\" style=\"margin-left: 1em;margin-right: 1em\"><img fetchpriority=\"high\" decoding=\"async\" border=\"0\" height=\"400\" src=\"https:\/\/blogger.googleusercontent.com\/img\/b\/R29vZ2xl\/AVvXsEiOB_ieLNeaRTTlC2tI1t26C1fIGaRee1rpMsrtPURjmCrNrvWYS3xrzU969vETyLemrEVVJGlXn_fOdemFaP2_V67iIvOyQ0IMd5ro8foyuvcA5nB1QJlWqbdcqDKO4Wqv2MCYbsTlw_o\/s400\/FOTO+GRUPO.jpg\" width=\"372\" \/><\/a><\/div>\n<p>El otro torneo disputado, Campeonato Provincial por Edades de Toledo, tambi\u00e9n ha reconocido el esfuerzo de nuestros 17 jugadores, llevando a 2 chicos y 3 chicas directamente a la fase regional que se celebrar\u00e1 en Almansa del 26 al 29 del presente mes de marzo. Aqu\u00ed se han obtenido 2 campeonas provinciales con Mar\u00eda Oliver en el sub-8 e Irene Sim\u00f3n en el sub-10, m\u00e1s 3 subcampeonatos y 4 terceros puestos.<br \/>\nEn resumen, unos resultados sobresalientes que merecen un reconocimiento sincero al esfuerzo que durante estos dos \u00faltimos meses de competici\u00f3n han realizado todos nuestros chicos y chicas.<br \/>\nA continuaci\u00f3n se detallan los premios obtenidos y las posiciones m\u00e1s destacadas: <\/p>\n<div style=\"text-align: center\"><strong><span style=\"color: blue\"><span style=\"font-size: large\"><span style=\"color: #0c343d;, serif\">Campeonato Deporte en Edad Escolar<\/span><\/span><\/span><\/strong><\/div>\n<div style=\"text-align: left\"><strong><span style=\"color: blue\">(CATEGOR\u00cdA CADETE)&nbsp;&nbsp;&nbsp;&nbsp;&nbsp;&nbsp;&nbsp;&nbsp;&nbsp;&nbsp;&nbsp;&nbsp;&nbsp;&nbsp;&nbsp;&nbsp;&nbsp;&nbsp;&nbsp;&nbsp;&nbsp;&nbsp;&nbsp;&nbsp;&nbsp;&nbsp;&nbsp;&nbsp;&nbsp;&nbsp;&nbsp;&nbsp; <\/span><\/strong><\/div>\n<ul>\n<li><span style=\"color: blue\">Jorge Sim\u00f3n Escalona&nbsp;&nbsp;&nbsp;&nbsp;&nbsp;&nbsp;&nbsp;&nbsp;&nbsp;&nbsp;&nbsp;&nbsp;&nbsp;&nbsp;&nbsp;&nbsp;PLATA&nbsp;&nbsp;&nbsp;&nbsp;&nbsp;&nbsp;&nbsp;&nbsp;&nbsp;&nbsp;&nbsp;&nbsp;&nbsp;&nbsp;&nbsp;&nbsp;&nbsp;&nbsp;&nbsp;&nbsp;&nbsp;&nbsp;&nbsp;&nbsp; <\/span><\/li>\n<li><span style=\"color: blue\">Santiago Talavera Garc\u00eda&nbsp;&nbsp;&nbsp;&nbsp;&nbsp;&nbsp;&nbsp;&nbsp;&nbsp; BRONCE&nbsp;&nbsp;&nbsp;&nbsp;&nbsp;&nbsp;&nbsp;&nbsp;&nbsp;&nbsp;&nbsp;&nbsp;&nbsp;&nbsp;&nbsp;&nbsp;&nbsp;&nbsp;&nbsp;&nbsp;&nbsp;&nbsp;<\/span><\/li>\n<li><span style=\"color: blue\">Daniel P\u00edriz Fern\u00e1ndez&nbsp;&nbsp;&nbsp;&nbsp;&nbsp;&nbsp;&nbsp;&nbsp;&nbsp;&nbsp;&nbsp;&nbsp;&nbsp;4\u00ba clasificado<\/span><\/li>\n<li><span style=\"color: blue\">Blanca Y\u00e9benes Toribio&nbsp;&nbsp;&nbsp;&nbsp;&nbsp;&nbsp;&nbsp;&nbsp;&nbsp;&nbsp;&nbsp;&nbsp; PLATA<\/span><\/li>\n<\/ul>\n<p><span style=\"color: blue\"><strong>(CATEGOR\u00cdA INFANTIL)<\/strong><\/span><\/p>\n<ul>\n<li><span style=\"color: blue\">Jes\u00fas Mar\u00eda Bricio&nbsp;&nbsp;&nbsp;&nbsp;&nbsp;&nbsp;&nbsp;&nbsp;&nbsp;&nbsp;&nbsp;&nbsp;&nbsp;&nbsp;&nbsp;&nbsp;&nbsp;&nbsp;&nbsp; BRONCE<\/span><\/li>\n<li><span style=\"color: blue\">Jorge D\u00edaz Guerrero&nbsp;&nbsp;&nbsp;&nbsp;&nbsp;&nbsp;&nbsp;&nbsp;&nbsp;&nbsp;&nbsp;&nbsp;&nbsp;&nbsp;&nbsp; 6\u00ba clasificado<\/span><\/li>\n<\/ul>\n<p><strong><span style=\"color: #660000\">CAMPEONATO PROVINCIAL TOLEDO POR EDADES<\/span><\/strong><\/p>\n<ul>\n<li><span style=\"color: #990000\">Jorge Sim\u00f3n Escalona&nbsp;&nbsp;&nbsp;&nbsp;&nbsp;&nbsp;&nbsp;&nbsp;&nbsp;&nbsp; S-16&nbsp;&nbsp; PLATA<\/span><\/li>\n<li><span style=\"color: #990000\">Santiago Talavera Garc\u00eda&nbsp;&nbsp;&nbsp;&nbsp;&nbsp; S-16&nbsp; BRONCE<\/span><\/li>\n<li><span style=\"color: #990000\">Blanca Y\u00e9benes Toribio&nbsp;&nbsp;&nbsp;&nbsp;&nbsp;&nbsp;&nbsp; S-16&nbsp;&nbsp; PLATA<\/span><\/li>\n<li><span style=\"color: #990000\">Jes\u00fas&nbsp;Mar\u00eda Bricio&nbsp;&nbsp;&nbsp;&nbsp;&nbsp;&nbsp;&nbsp;&nbsp;&nbsp;&nbsp;&nbsp;&nbsp;&nbsp;&nbsp;&nbsp;&nbsp;S-14&nbsp;&nbsp;&nbsp;&nbsp;PLATA<\/span><\/li>\n<li><span style=\"color: #990000\">Jorge&nbsp;D\u00edaz Guerrero&nbsp;&nbsp;&nbsp;&nbsp;&nbsp;&nbsp;&nbsp;&nbsp;&nbsp;&nbsp;&nbsp;&nbsp;&nbsp;S-14&nbsp;&nbsp;&nbsp;BRONCE<\/span><\/li>\n<li><span style=\"color: #990000\">Silvia&nbsp;Toribio Camu\u00f1as&nbsp;&nbsp;&nbsp;&nbsp;&nbsp;&nbsp;&nbsp;&nbsp;&nbsp;S-12&nbsp;&nbsp; BRONCE<\/span><\/li>\n<li><span style=\"color: #990000\">Irene Sim\u00f3n Escalona&nbsp;&nbsp;&nbsp;&nbsp;&nbsp;&nbsp;&nbsp;&nbsp;&nbsp;&nbsp;&nbsp;S-10&nbsp;&nbsp;&nbsp;&nbsp;&nbsp;&nbsp; ORO<\/span><\/li>\n<li><span style=\"color: #990000\">Mar\u00eda Oliver Ropero&nbsp;&nbsp;&nbsp;&nbsp;&nbsp;&nbsp;&nbsp;&nbsp;&nbsp;&nbsp;&nbsp;&nbsp;S-8&nbsp;&nbsp;&nbsp;&nbsp;&nbsp;&nbsp;&nbsp;&nbsp; ORO&nbsp;&nbsp;&nbsp;&nbsp;&nbsp;&nbsp;&nbsp; <\/span><\/li>\n<\/ul>\n<p><\/font><span style=\"color: blue\"><\/span><br \/>\n<span style=\"color: blue\"><\/span><br \/>\n<img decoding=\"async\" height=\"72\" src=\"https:\/\/blogger.googleusercontent.com\/img\/b\/R29vZ2xl\/AVvXsEiOB_ieLNeaRTTlC2tI1t26C1fIGaRee1rpMsrtPURjmCrNrvWYS3xrzU969vETyLemrEVVJGlXn_fOdemFaP2_V67iIvOyQ0IMd5ro8foyuvcA5nB1QJlWqbdcqDKO4Wqv2MCYbsTlw_o\/s400\/FOTO+GRUPO.jpg\" style=\"left: 549px;opacity: 0.3;position: absolute;top: 79px\" width=\"96\" \/><img decoding=\"async\" height=\"72\" src=\"https:\/\/blogger.googleusercontent.com\/img\/b\/R29vZ2xl\/AVvXsEiOB_ieLNeaRTTlC2tI1t26C1fIGaRee1rpMsrtPURjmCrNrvWYS3xrzU969vETyLemrEVVJGlXn_fOdemFaP2_V67iIvOyQ0IMd5ro8foyuvcA5nB1QJlWqbdcqDKO4Wqv2MCYbsTlw_o\/s400\/FOTO+GRUPO.jpg\" style=\"left: 272px;opacity: 0.3;position: absolute;top: 105px\" width=\"96\" \/><\/p>\n","protected":false},"excerpt":{"rendered":"<p>El proyecto \u201cNuestro Ajedrez en Europa\u201d, a trav\u00e9s de la Escuela Deportiva Municipal de Ajedrez de Villafranca, acaba de obtener su mejor participaci\u00f3n hist\u00f3rica en el Campeonato del Deporte en Edad Escolar de Toledo, al clasificar a 3 de sus jugadores y a una jugadora para la fase regional de esta competici\u00f3n. Las dos categor\u00edas [&hellip;]<\/p>\n","protected":false},"author":1,"featured_media":0,"comment_status":"open","ping_status":"closed","sticky":false,"template":"","format":"standard","meta":{"footnotes":""},"categories":[1],"tags":[],"class_list":["post-886","post","type-post","status-publish","format-standard","hentry","category-noticias"],"_links":{"self":[{"href":"https:\/\/www.bfv.cloud\/ajedrezeuropa\/wp-json\/wp\/v2\/posts\/886","targetHints":{"allow":["GET"]}}],"collection":[{"href":"https:\/\/www.bfv.cloud\/ajedrezeuropa\/wp-json\/wp\/v2\/posts"}],"about":[{"href":"https:\/\/www.bfv.cloud\/ajedrezeuropa\/wp-json\/wp\/v2\/types\/post"}],"author":[{"embeddable":true,"href":"https:\/\/www.bfv.cloud\/ajedrezeuropa\/wp-json\/wp\/v2\/users\/1"}],"replies":[{"embeddable":true,"href":"https:\/\/www.bfv.cloud\/ajedrezeuropa\/wp-json\/wp\/v2\/comments?post=886"}],"version-history":[{"count":1,"href":"https:\/\/www.bfv.cloud\/ajedrezeuropa\/wp-json\/wp\/v2\/posts\/886\/revisions"}],"predecessor-version":[{"id":887,"href":"https:\/\/www.bfv.cloud\/ajedrezeuropa\/wp-json\/wp\/v2\/posts\/886\/revisions\/887"}],"wp:attachment":[{"href":"https:\/\/www.bfv.cloud\/ajedrezeuropa\/wp-json\/wp\/v2\/media?parent=886"}],"wp:term":[{"taxonomy":"category","embeddable":true,"href":"https:\/\/www.bfv.cloud\/ajedrezeuropa\/wp-json\/wp\/v2\/categories?post=886"},{"taxonomy":"post_tag","embeddable":true,"href":"https:\/\/www.bfv.cloud\/ajedrezeuropa\/wp-json\/wp\/v2\/tags?post=886"}],"curies":[{"name":"wp","href":"https:\/\/api.w.org\/{rel}","templated":true}]}}