{"id":888,"date":"2014-05-10T09:58:00","date_gmt":"2014-05-10T09:58:00","guid":{"rendered":"https:\/\/www.bfv.cloud\/ajedrezeuropa\/index.php\/2014\/05\/10\/noticias-de-nuestro-ajedrez-2\/"},"modified":"2025-11-20T10:23:47","modified_gmt":"2025-11-20T10:23:47","slug":"noticias-de-nuestro-ajedrez-2","status":"publish","type":"post","link":"https:\/\/www.bfv.cloud\/ajedrezeuropa\/noticias-de-nuestro-ajedrez-2\/","title":{"rendered":"NOTICIAS DE NUESTRO AJEDREZ"},"content":{"rendered":"<div class=\"MsoTitle\" style=\"text-align: center\">\n<b><u><span style=\"font-family: Verdana, sans-serif\">JAVIER VALDEPE\u00d1AS, PREMIADO EN LA<\/span><\/u><\/b><\/div>\n<div class=\"MsoTitle\" style=\"text-align: center\">\n<b><u><span style=\"font-family: Verdana, sans-serif\">XIX GALA DEL DEPORTE DE LA <\/span><\/u><\/b><\/div>\n<div class=\"MsoTitle\" style=\"text-align: center\">\n<b><u><span style=\"font-family: Verdana, sans-serif\">DIPUTACI\u00d3N DE CIUDAD REAL<\/span><\/u><\/b><\/div>\n<div class=\"MsoTitle\" style=\"text-align: center\">\n<b><u><span style=\"font-family: Verdana, sans-serif\"><br \/><\/span><\/u><\/b><\/div>\n<div class=\"separator\" style=\"clear: both;text-align: center\">\n<b><u><a href=\"https:\/\/www.bfv.cloud\/ajedrezeuropa\/wp-content\/uploads\/2014\/05\/REGIONALEDADES2014013.jpg\" style=\"clear: left;float: left;margin-bottom: 1em;margin-right: 1em\"><img fetchpriority=\"high\" decoding=\"async\" border=\"0\" src=\"https:\/\/www.bfv.cloud\/ajedrezeuropa\/wp-content\/uploads\/2014\/05\/REGIONALEDADES2014013.jpg\" height=\"400\" width=\"338\" \/><\/a><\/u><\/b><\/div>\n<p><\/p>\n<h4>\n<span style=\"font-size: 12pt\"><span style=\"font-family: Verdana, sans-serif\">Ayer viernes se celebraba en Miguelturra la gala del<br \/>\ndeporte de la Diputaci\u00f3n de Ciudad Real con m\u00e1s de 70 candidatos de toda la<br \/>\nprovincia, propuestos por 27 federaciones para recibir los premios que les<br \/>\nacreditan como los m\u00e1s destacados de sus respectivas modalidades deportivas<br \/>\ndurante la temporada de 2013. La delegaci\u00f3n de ajedrez y los clubes de Ciudad<br \/>\nReal decidieron proponer, dentro de la categor\u00eda juvenil, a la terna formada<br \/>\npor: Miguel Perales, Juan Jos\u00e9 Losa y Javier Valdepe\u00f1as. Aunque los 3 jugadores<br \/>\nmantienen una progresi\u00f3n muy positiva y se han hecho acreedores al premio,<br \/>\nfinalmente, el ganador ha sido el ajedrecista de la escuela alcazare\u00f1a,<br \/>\nperteneciente al club Nuestro Ajedrez en Europa, Javier Valdepe\u00f1as Octavio. El<br \/>\na\u00f1o pasado, Javier, se proclam\u00f3 campe\u00f3n regional sub-14, estuvo incluido en la<br \/>\nselecci\u00f3n castellano-manchega para la fase nacional del Campeonato del Deporte<br \/>\nen Edad Escolar, disput\u00f3 el Campeonato de Espa\u00f1a por Edades en la categor\u00eda<br \/>\nsub-14 y alcanz\u00f3 la 9\u00aa posici\u00f3n, con el equipo sub-16 de Nuestro Ajedrez en<br \/>\nEuropa, en la fase final del Campeonato de Espa\u00f1a por Clubes. \u00a1\u00a1Enhorabuena y a<br \/>\nseguir trabajando!!<\/span><\/span><\/h4>\n<div>\n<span style=\"font-size: 12pt\"><span style=\"font-family: Verdana, sans-serif\"><br \/><\/span><\/span><\/div>\n<div>\n<div class=\"MsoTitle\" style=\"text-align: center\">\n<b><span style=\"font-family: Verdana, sans-serif\"><u>CAMPEONATO PROVINCIAL DE TOLEDO DE R\u00c1PIDAS <\/u><\/span><\/b><\/div>\n<div class=\"MsoTitle\">\n<\/div>\n<div class=\"separator\" style=\"clear: both;text-align: center\">\n<a href=\"https:\/\/www.bfv.cloud\/ajedrezeuropa\/wp-content\/uploads\/2014\/05\/REGIONALEDADES2014039.jpg\" style=\"clear: right;float: right;margin-bottom: 1em;margin-left: 1em\"><img decoding=\"async\" border=\"0\" src=\"https:\/\/www.bfv.cloud\/ajedrezeuropa\/wp-content\/uploads\/2014\/05\/REGIONALEDADES2014039.jpg\" height=\"400\" width=\"171\" \/><\/a><\/div>\n<p><\/p>\n<div class=\"MsoTitle\">\n<\/div>\n<h3>\n<span style=\"font-size: 12pt\"><span style=\"font-family: Verdana, sans-serif\">Con una participaci\u00f3n muy escasa, ni siquiera se lleg\u00f3 a<br \/>\n20 jugadores, el&nbsp; domingo 27 de abril se<br \/>\njug\u00f3 en Toledo el Campeonato Provincial de Ajedrez R\u00e1pido en la categor\u00eda<br \/>\nabsoluta. De nuestros clubes acudieron 3 jugadores: Jes\u00fas M\u00aa Bricio, Irene<br \/>\nSim\u00f3n y Juan Francisco Mar\u00edn, destacando los resultados obtenidos por Bricio,<br \/>\n3\u00ba clasificado del torneo, e Irene, campeona sub-14 y femenina; Juanfran no<br \/>\npudo puntuar en esta ocasi\u00f3n, aunque destacamos su gran inter\u00e9s por jugar<br \/>\ntorneos en una temporada que est\u00e1 significando su inicio en la competici\u00f3n<br \/>\noficial. El campeonato fue ganado por el maestro FIDE, Carlos Garc\u00eda Moreno,<br \/>\nque complet\u00f3 su intervenci\u00f3n con 6 victorias. Vaya nuestra felicitaci\u00f3n para el<br \/>\nvencedor y para los 3 ajedrecistas de la escuela de Villafranca.<\/span><\/span><\/h3>\n<h3>\n<a href=\"https:\/\/www.bfv.cloud\/ajedrezeuropa\/wp-content\/uploads\/2014\/05\/escolartoledo2014003.jpg\" style=\"clear: left;font-family: Verdana, sans-serif;font-size: 12pt;margin-bottom: 1em;margin-right: 1em;text-align: center\"><img decoding=\"async\" border=\"0\" src=\"https:\/\/www.bfv.cloud\/ajedrezeuropa\/wp-content\/uploads\/2014\/05\/escolartoledo2014003.jpg\" height=\"208\" width=\"320\" \/><\/a><\/h3>\n<\/div>\n","protected":false},"excerpt":{"rendered":"<p>JAVIER VALDEPE\u00d1AS, PREMIADO EN LA XIX GALA DEL DEPORTE DE LA DIPUTACI\u00d3N DE CIUDAD REAL Ayer viernes se celebraba en Miguelturra la gala del deporte de la Diputaci\u00f3n de Ciudad Real con m\u00e1s de 70 candidatos de toda la provincia, propuestos por 27 federaciones para recibir los premios que les acreditan como los m\u00e1s destacados [&hellip;]<\/p>\n","protected":false},"author":1,"featured_media":889,"comment_status":"open","ping_status":"closed","sticky":false,"template":"","format":"standard","meta":{"footnotes":""},"categories":[1],"tags":[],"class_list":["post-888","post","type-post","status-publish","format-standard","has-post-thumbnail","hentry","category-noticias"],"_links":{"self":[{"href":"https:\/\/www.bfv.cloud\/ajedrezeuropa\/wp-json\/wp\/v2\/posts\/888","targetHints":{"allow":["GET"]}}],"collection":[{"href":"https:\/\/www.bfv.cloud\/ajedrezeuropa\/wp-json\/wp\/v2\/posts"}],"about":[{"href":"https:\/\/www.bfv.cloud\/ajedrezeuropa\/wp-json\/wp\/v2\/types\/post"}],"author":[{"embeddable":true,"href":"https:\/\/www.bfv.cloud\/ajedrezeuropa\/wp-json\/wp\/v2\/users\/1"}],"replies":[{"embeddable":true,"href":"https:\/\/www.bfv.cloud\/ajedrezeuropa\/wp-json\/wp\/v2\/comments?post=888"}],"version-history":[{"count":1,"href":"https:\/\/www.bfv.cloud\/ajedrezeuropa\/wp-json\/wp\/v2\/posts\/888\/revisions"}],"predecessor-version":[{"id":892,"href":"https:\/\/www.bfv.cloud\/ajedrezeuropa\/wp-json\/wp\/v2\/posts\/888\/revisions\/892"}],"wp:featuredmedia":[{"embeddable":true,"href":"https:\/\/www.bfv.cloud\/ajedrezeuropa\/wp-json\/wp\/v2\/media\/889"}],"wp:attachment":[{"href":"https:\/\/www.bfv.cloud\/ajedrezeuropa\/wp-json\/wp\/v2\/media?parent=888"}],"wp:term":[{"taxonomy":"category","embeddable":true,"href":"https:\/\/www.bfv.cloud\/ajedrezeuropa\/wp-json\/wp\/v2\/categories?post=888"},{"taxonomy":"post_tag","embeddable":true,"href":"https:\/\/www.bfv.cloud\/ajedrezeuropa\/wp-json\/wp\/v2\/tags?post=888"}],"curies":[{"name":"wp","href":"https:\/\/api.w.org\/{rel}","templated":true}]}}