{"id":893,"date":"2016-07-03T20:46:00","date_gmt":"2016-07-03T20:46:00","guid":{"rendered":"https:\/\/www.bfv.cloud\/ajedrezeuropa\/index.php\/2016\/07\/03\/alonso-lopez-nunez-15o-en-el-campeonato-de-espana-sub-10-y-7o-en-el-de-rapidas\/"},"modified":"2025-11-20T10:23:50","modified_gmt":"2025-11-20T10:23:50","slug":"alonso-lopez-nunez-15o-en-el-campeonato-de-espana-sub-10-y-7o-en-el-de-rapidas","status":"publish","type":"post","link":"https:\/\/www.bfv.cloud\/ajedrezeuropa\/alonso-lopez-nunez-15o-en-el-campeonato-de-espana-sub-10-y-7o-en-el-de-rapidas\/","title":{"rendered":"\u00a1\u00a1ALONSO L\u00d3PEZ N\u00da\u00d1EZ, 15\u00ba EN EL CAMPEONATO DE ESPA\u00d1A SUB-10 Y 7\u00ba EN EL DE R\u00c1PIDAS!!"},"content":{"rendered":"<table align=\"center\" cellpadding=\"0\" cellspacing=\"0\" class=\"tr-caption-container\" style=\"margin-left: auto;margin-right: auto;text-align: center\">\n<tbody>\n<tr>\n<td style=\"text-align: center\"><a href=\"https:\/\/www.bfv.cloud\/ajedrezeuropa\/wp-content\/uploads\/2016\/07\/ALONSOENTREGAPREMIOSRAPIDAS.jpg\" style=\"margin-left: auto;margin-right: auto\"><img fetchpriority=\"high\" decoding=\"async\" border=\"0\" height=\"490\" src=\"https:\/\/blogger.googleusercontent.com\/img\/b\/R29vZ2xl\/AVvXsEgDOAoxLiO7SpLq393PCePJYVVIyXwwHeEaQNDmTIFfx5BpJkZzosAfUCOdKsFXzN25MO9H9PIsT5Ba0NqpEI-wiumdUVq90qdVyvwSTyOYCtDZTWPA5JlbQ6jE7bLBPXRR0mbFySmHYZs\/s640\/ALONSO+ENTREGA+PREMIOS+RAPIDAS.jpg\" width=\"640\" \/><\/a><\/td>\n<\/tr>\n<tr>\n<td class=\"tr-caption\" style=\"text-align: center\">Entrega de premios del Campeonato de Espa\u00f1a sub-10 de R\u00e1pidas con Alonso 7\u00ba clasificado<\/td>\n<\/tr>\n<\/tbody>\n<\/table>\n<p>&nbsp;<span style=\", sans-serif\"><b><span style=\"color: blue\">Hoy han finalizado los campeonatos de Espa\u00f1a de la categor\u00eda de 10 a\u00f1os con las \u00faltimas rondas del torneo de r\u00e1pidas. A lo largo de toda esta semana 145 participantes han disputado el Campeonato de Espa\u00f1a sub-10 en su modalidad de partidas lentas. <\/span><span style=\"color: #274e13\">ALONSO L\u00d3PEZ N\u00da\u00d1EZ<\/span><span style=\"color: blue\">, alumno de la escuela de Villafranca y jugador del CD NUESTRO AJEDREZ POR LA IGUALDAD, obtiene la 15\u00aa posici\u00f3n con 6 puntos sobre 9, despu\u00e9s de estar luchando en los primeros tableros durante todo el torneo y enfrentarse con 5 de los 10 primeros clasificados. Adem\u00e1s, mejora su ranking inicial en 14 puestos y se coloca entre los jugadores de mayor proyecci\u00f3n del ajedrez espa\u00f1ol.<\/span><\/b><\/span><\/p>\n<table align=\"center\" cellpadding=\"0\" cellspacing=\"0\" class=\"tr-caption-container\" style=\"float: left;margin-right: 1em;text-align: left\">\n<tbody>\n<tr>\n<td style=\"text-align: center\"><a href=\"https:\/\/www.bfv.cloud\/ajedrezeuropa\/wp-content\/uploads\/2016\/07\/ALONSOSUB-10RAPIDO.jpg\" style=\"clear: left;margin-bottom: 1em;margin-left: auto;margin-right: auto\"><img decoding=\"async\" border=\"0\" height=\"296\" src=\"https:\/\/blogger.googleusercontent.com\/img\/b\/R29vZ2xl\/AVvXsEjnKjjDBpxVqkZ63LEkvYaMW9UF1qLSaswZcOFN2GbuhMQvlTSmnPghx6I3gKntQyfk6xjxx_N1vr-TW2ZBTs-c-yQ5vEVqz-JkvUytjDpt5lcWanC9riKEMyf9BEbK7Kzg0rcgWGzlg4I\/s400\/ALONSO+SUB-10+RAPIDO.jpg\" width=\"400\" \/><\/a><\/td>\n<\/tr>\n<tr>\n<td class=\"tr-caption\" style=\"text-align: center\">La magn\u00edfica actuaci\u00f3n de Alonso L\u00f3pez en los campeonatos de<br \/>\nEspa\u00f1a sub-10 le han llevado a las primeras posiciones<br \/>\ntanto en partidas lentas como r\u00e1pidas<\/td>\n<\/tr>\n<\/tbody>\n<\/table>\n<p><span style=\"color: blue;, sans-serif\"><b><u>7\u00ba CLASIFICADO EN EL SUB-10 NACIONAL DE R\u00c1PIDAS<\/u><\/b><\/span><br \/>\n<span style=\"color: blue;, sans-serif\"><b>Su paso por los campeonatos nacionales se ha completado con un excelente juego en el sub-10 de r\u00e1pidas, donde logra la 7\u00aa plaza con 7 puntos de 9, superando en nada menos que 28 puestos su ranking inicial.<\/b><\/span><br \/>\n<span style=\", sans-serif\"><b><span style=\"color: #274e13\">ALONSO<\/span><span style=\"color: blue\">&nbsp;alcanza las posiciones m\u00e1s destacadas de su categor\u00eda tras un a\u00f1o de mucho trabajo, incluyendo torneos muy fuertes individuales y por equipos donde ha tenido oportunidad de seguir aprendiendo y mejorando t\u00e9cnicamente.&nbsp;<\/span><\/b><\/span><\/p>\n","protected":false},"excerpt":{"rendered":"<p>Entrega de premios del Campeonato de Espa\u00f1a sub-10 de R\u00e1pidas con Alonso 7\u00ba clasificado &nbsp;Hoy han finalizado los campeonatos de Espa\u00f1a de la categor\u00eda de 10 a\u00f1os con las \u00faltimas rondas del torneo de r\u00e1pidas. A lo largo de toda esta semana 145 participantes han disputado el Campeonato de Espa\u00f1a sub-10 en su modalidad de [&hellip;]<\/p>\n","protected":false},"author":1,"featured_media":894,"comment_status":"open","ping_status":"closed","sticky":false,"template":"","format":"standard","meta":{"footnotes":""},"categories":[1],"tags":[],"class_list":["post-893","post","type-post","status-publish","format-standard","has-post-thumbnail","hentry","category-noticias"],"_links":{"self":[{"href":"https:\/\/www.bfv.cloud\/ajedrezeuropa\/wp-json\/wp\/v2\/posts\/893","targetHints":{"allow":["GET"]}}],"collection":[{"href":"https:\/\/www.bfv.cloud\/ajedrezeuropa\/wp-json\/wp\/v2\/posts"}],"about":[{"href":"https:\/\/www.bfv.cloud\/ajedrezeuropa\/wp-json\/wp\/v2\/types\/post"}],"author":[{"embeddable":true,"href":"https:\/\/www.bfv.cloud\/ajedrezeuropa\/wp-json\/wp\/v2\/users\/1"}],"replies":[{"embeddable":true,"href":"https:\/\/www.bfv.cloud\/ajedrezeuropa\/wp-json\/wp\/v2\/comments?post=893"}],"version-history":[{"count":1,"href":"https:\/\/www.bfv.cloud\/ajedrezeuropa\/wp-json\/wp\/v2\/posts\/893\/revisions"}],"predecessor-version":[{"id":896,"href":"https:\/\/www.bfv.cloud\/ajedrezeuropa\/wp-json\/wp\/v2\/posts\/893\/revisions\/896"}],"wp:featuredmedia":[{"embeddable":true,"href":"https:\/\/www.bfv.cloud\/ajedrezeuropa\/wp-json\/wp\/v2\/media\/894"}],"wp:attachment":[{"href":"https:\/\/www.bfv.cloud\/ajedrezeuropa\/wp-json\/wp\/v2\/media?parent=893"}],"wp:term":[{"taxonomy":"category","embeddable":true,"href":"https:\/\/www.bfv.cloud\/ajedrezeuropa\/wp-json\/wp\/v2\/categories?post=893"},{"taxonomy":"post_tag","embeddable":true,"href":"https:\/\/www.bfv.cloud\/ajedrezeuropa\/wp-json\/wp\/v2\/tags?post=893"}],"curies":[{"name":"wp","href":"https:\/\/api.w.org\/{rel}","templated":true}]}}