{"id":897,"date":"2012-06-17T22:22:00","date_gmt":"2012-06-17T22:22:00","guid":{"rendered":"https:\/\/www.bfv.cloud\/ajedrezeuropa\/index.php\/2012\/06\/17\/se-celebran-las-reuniones-preparatorias-del-v-campus-de-verano\/"},"modified":"2025-11-20T10:23:55","modified_gmt":"2025-11-20T10:23:55","slug":"se-celebran-las-reuniones-preparatorias-del-v-campus-de-verano","status":"publish","type":"post","link":"https:\/\/www.bfv.cloud\/ajedrezeuropa\/se-celebran-las-reuniones-preparatorias-del-v-campus-de-verano\/","title":{"rendered":"SE CELEBRAN LAS REUNIONES PREPARATORIAS DEL \u00abV CAMPUS DE VERANO\u00bb"},"content":{"rendered":"<p>\ufeff <\/p>\n<table cellpadding=\"0\" cellspacing=\"0\" class=\"tr-caption-container\" style=\"float: left;margin-right: 1em;text-align: left\">\n<tbody>\n<tr>\n<td style=\"text-align: center\"><a href=\"https:\/\/www.bfv.cloud\/ajedrezeuropa\/wp-content\/uploads\/2012\/06\/REUNIONESPREPARATORIASVCAMPUSVERANO2012006.jpg\" style=\"clear: left;margin-bottom: 1em;margin-left: auto;margin-right: auto\"><img fetchpriority=\"high\" decoding=\"async\" border=\"0\" height=\"300\" src=\"https:\/\/blogger.googleusercontent.com\/img\/b\/R29vZ2xl\/AVvXsEgniVTNylwo7wXhgD5a0gpZtCyzk5hESQbHK4QUnjy4Zg3y8friqB2sbuXBSYcUL3YpJHb87UogV9CZx8LvS8IA-2dmOLLMTWvywLWQEBZO963Axr1bVcxjejd2eBU5WkRDsVTRY6dL830\/s400\/REUNIONES+PREPARATORIAS+V+CAMPUS+VERANO+2012+006.jpg\" width=\"400\" \/><\/a><\/td>\n<\/tr>\n<tr>\n<td class=\"tr-caption\" style=\"text-align: center\">Una imagen de la reuni\u00f3n de Villafranca<\/td>\n<\/tr>\n<\/tbody>\n<\/table>\n<p>\ufeff <strong><span style=\"color: blue;font-family: Verdana\">La tarde del s\u00e1bado en Villafranca y la ma\u00f1ana del domingo en Alc\u00e1zar han servido para celebrar las reuniones de presentaci\u00f3n del \u00abV CAMPUS DE&nbsp;VERANO\u00bb. Desde aqu\u00ed, queremos agradecer todo el apoyo prestado por padres y&nbsp; madres al desarrollo de las actividades que organizamos durante todo el a\u00f1o y, en concreto, a&nbsp;las de este verano. Tambi\u00e9n hacemos p\u00fablica nuestra gratitud a las instituciones que apoyan nuestro proyecto y sus escuelas de ajedrez, sin las cuales ser\u00eda imposible realizar ninguna actividad de promoci\u00f3n y divulgaci\u00f3n del \u00abdeporte de la mente\u00bb.<\/span><\/strong>\ufeff <\/p>\n<table cellpadding=\"0\" cellspacing=\"0\" class=\"tr-caption-container\" style=\"float: right;margin-left: 1em;text-align: right\">\n<tbody>\n<tr>\n<td style=\"text-align: center\"><a href=\"https:\/\/www.bfv.cloud\/ajedrezeuropa\/wp-content\/uploads\/2012\/06\/REUNIONESPREPARATORIASVCAMPUSVERANO2012009.jpg\" style=\"clear: right;margin-bottom: 1em;margin-left: auto;margin-right: auto\"><img decoding=\"async\" border=\"0\" height=\"300\" src=\"https:\/\/blogger.googleusercontent.com\/img\/b\/R29vZ2xl\/AVvXsEhntWM_UVs4tLMIqoIoHUq_k7BFpa8HxmqrGuwHzaPc-oEYqvBUN-bi7KZDCq1vW145dhAU0rEkejWGPJ8zysZ8zSDd5opeFlFCXBA7RErQbd_IgNVgDTcszfSteq7Ij057Q9HmlDIF6VA\/s400\/REUNIONES+PREPARATORIAS+V+CAMPUS+VERANO+2012+009.jpg\" width=\"400\" \/><\/a><\/td>\n<\/tr>\n<tr>\n<td class=\"tr-caption\" style=\"text-align: center\">La sede de la escuela de ajedrez de Alc\u00e1zar acogi\u00f3 la reuni\u00f3n<br \/>\npreparatoria del campus de verano<\/td>\n<\/tr>\n<\/tbody>\n<\/table>\n<p>\ufeff<br \/>\n&nbsp;<strong><span style=\"color: blue;font-family: Verdana\">En Alc\u00e1zar de San Juan y en presencia de su&nbsp;concejal de deportes, Manuel de la Gu\u00eda, se han detallado las caracter\u00edsticas de esta quinta edici\u00f3n del campus de verano y los objetivos que marcamos para cada&nbsp;nivel formativo, desde iniciaci\u00f3n a tecnificaci\u00f3n. En las dos reuniones se&nbsp;ha querido manifestar&nbsp;la relevancia del proyecto \u00abNuestro Ajedrez en Europa\u00bb para potenciar los valores del esfuerzo y el estudio de&nbsp;los chicos y chicas de las escuelas. Otros aspectos importantes como el apoyo al proyecto \u00abAjedrez en la Escuela\u00bb&nbsp;aprobado recientemente&nbsp;por el&nbsp;Parlamento Europeo, la inclusi\u00f3n de uno de nuestros clubes en la&nbsp;Asamblea de la FEDA o el pr\u00f3ximo calendario de competiciones, tambi\u00e9n tuvieron cabida en los di\u00e1logos con los padres y madres.&nbsp;&nbsp;<\/span><\/strong>\ufeff <\/p>\n<table align=\"center\" cellpadding=\"0\" cellspacing=\"0\" class=\"tr-caption-container\" style=\"margin-left: auto;margin-right: auto;text-align: center\">\n<tbody>\n<tr>\n<td style=\"text-align: center\"><a href=\"https:\/\/www.bfv.cloud\/ajedrezeuropa\/wp-content\/uploads\/2012\/06\/REUNIONESPREPARATORIASVCAMPUSVERANO2012010.jpg\" style=\"margin-left: auto;margin-right: auto\"><img decoding=\"async\" border=\"0\" height=\"300\" src=\"https:\/\/blogger.googleusercontent.com\/img\/b\/R29vZ2xl\/AVvXsEgb0-kiGyyvwVXtTR-e5YV5KnspNsd2LgSuZzi3CEWYSW6HNVZSC9uWkBnyBAdQepFoBd4LmA7lgIaw_RUzRfXXNItoPICus-V-uozepcD6HTkgFdcdXG82q4Yihr0S7KzIF3flA9OVfAA\/s400\/REUNIONES+PREPARATORIAS+V+CAMPUS+VERANO+2012+010.jpg\" width=\"400\" \/><\/a><\/td>\n<\/tr>\n<tr>\n<td class=\"tr-caption\" style=\"text-align: center\">A la izquierda de la imagen Manuel de la Gu\u00eda, presidente del IMD<br \/>\ny concejal de deportes,&nbsp;que acudi\u00f3 a apoyar la presentaci\u00f3n<br \/>\ndel campus<\/td>\n<\/tr>\n<\/tbody>\n<\/table>\n<p>\ufeff<br \/>\n\ufeff<\/p>\n","protected":false},"excerpt":{"rendered":"<p>\ufeff Una imagen de la reuni\u00f3n de Villafranca \ufeff La tarde del s\u00e1bado en Villafranca y la ma\u00f1ana del domingo en Alc\u00e1zar han servido para celebrar las reuniones de presentaci\u00f3n del \u00abV CAMPUS DE&nbsp;VERANO\u00bb. Desde aqu\u00ed, queremos agradecer todo el apoyo prestado por padres y&nbsp; madres al desarrollo de las actividades que organizamos durante todo [&hellip;]<\/p>\n","protected":false},"author":1,"featured_media":898,"comment_status":"open","ping_status":"closed","sticky":false,"template":"","format":"standard","meta":{"footnotes":""},"categories":[1],"tags":[],"class_list":["post-897","post","type-post","status-publish","format-standard","has-post-thumbnail","hentry","category-noticias"],"_links":{"self":[{"href":"https:\/\/www.bfv.cloud\/ajedrezeuropa\/wp-json\/wp\/v2\/posts\/897","targetHints":{"allow":["GET"]}}],"collection":[{"href":"https:\/\/www.bfv.cloud\/ajedrezeuropa\/wp-json\/wp\/v2\/posts"}],"about":[{"href":"https:\/\/www.bfv.cloud\/ajedrezeuropa\/wp-json\/wp\/v2\/types\/post"}],"author":[{"embeddable":true,"href":"https:\/\/www.bfv.cloud\/ajedrezeuropa\/wp-json\/wp\/v2\/users\/1"}],"replies":[{"embeddable":true,"href":"https:\/\/www.bfv.cloud\/ajedrezeuropa\/wp-json\/wp\/v2\/comments?post=897"}],"version-history":[{"count":1,"href":"https:\/\/www.bfv.cloud\/ajedrezeuropa\/wp-json\/wp\/v2\/posts\/897\/revisions"}],"predecessor-version":[{"id":901,"href":"https:\/\/www.bfv.cloud\/ajedrezeuropa\/wp-json\/wp\/v2\/posts\/897\/revisions\/901"}],"wp:featuredmedia":[{"embeddable":true,"href":"https:\/\/www.bfv.cloud\/ajedrezeuropa\/wp-json\/wp\/v2\/media\/898"}],"wp:attachment":[{"href":"https:\/\/www.bfv.cloud\/ajedrezeuropa\/wp-json\/wp\/v2\/media?parent=897"}],"wp:term":[{"taxonomy":"category","embeddable":true,"href":"https:\/\/www.bfv.cloud\/ajedrezeuropa\/wp-json\/wp\/v2\/categories?post=897"},{"taxonomy":"post_tag","embeddable":true,"href":"https:\/\/www.bfv.cloud\/ajedrezeuropa\/wp-json\/wp\/v2\/tags?post=897"}],"curies":[{"name":"wp","href":"https:\/\/api.w.org\/{rel}","templated":true}]}}