{"id":902,"date":"2013-06-30T23:35:00","date_gmt":"2013-06-30T23:35:00","guid":{"rendered":"https:\/\/www.bfv.cloud\/ajedrezeuropa\/index.php\/2013\/06\/30\/nuria-lozano-consigue-el-10o-puesto-femenino-en-el-campeonato-de-espana-sub-8\/"},"modified":"2025-11-20T10:23:57","modified_gmt":"2025-11-20T10:23:57","slug":"nuria-lozano-consigue-el-10o-puesto-femenino-en-el-campeonato-de-espana-sub-8","status":"publish","type":"post","link":"https:\/\/www.bfv.cloud\/ajedrezeuropa\/nuria-lozano-consigue-el-10o-puesto-femenino-en-el-campeonato-de-espana-sub-8\/","title":{"rendered":"NURIA LOZANO CONSIGUE EL 10\u00ba PUESTO FEMENINO EN EL CAMPEONATO DE ESPA\u00d1A SUB-8"},"content":{"rendered":"<table align=\"center\" cellpadding=\"0\" cellspacing=\"0\" class=\"tr-caption-container\" style=\"margin-left: auto;margin-right: auto;text-align: center\">\n<tbody>\n<tr>\n<td style=\"text-align: center\"><img fetchpriority=\"high\" decoding=\"async\" border=\"0\" height=\"361\" src=\"https:\/\/www.bfv.cloud\/ajedrezeuropa\/wp-content\/uploads\/2013\/06\/9167729101_2df8d9270b_z.jpg\" style=\"margin-left: auto;margin-right: auto\" width=\"640\" \/><\/td>\n<\/tr>\n<tr>\n<td class=\"tr-caption\" style=\"text-align: center\">Nuria en una de sus partidas disputadas en Salobre\u00f1a. (Imagen de la FEDA)<\/p>\n<div style=\"text-align: left\">\n<a href=\"https:\/\/www.bfv.cloud\/ajedrezeuropa\/wp-content\/uploads\/2013\/06\/CartelSalobreC3B1a2013.jpg\" style=\"clear: right;float: right;margin-bottom: 1em;margin-left: 1em;text-align: center\"><img decoding=\"async\" border=\"0\" height=\"400\" src=\"https:\/\/blogger.googleusercontent.com\/img\/b\/R29vZ2xl\/AVvXsEh7jnOYA1CgtjIxj5SxSvPd7Xipo0HowedKnt8tIJfCxqsLYpRjKFbukUwkWMGnusc1GseObYRCGs3lfTQ1XsPrLQGyPykD0tdbncrhpndhOK2YWLBcsedWHxSYz31o_FLVKmGXuj-pmB8\/s400\/Cartel+Salobre%C3%B1a+2013.jpg\" width=\"281\" \/><\/a><span style=\"font-family: Verdana, sans-serif;font-size: small\"><b>Ayer finalizaba en la localidad granadina de Salobre\u00f1a el Campeonato de Espa\u00f1a de la categor\u00eda sub-8. La primera participaci\u00f3n de Nuria Lozano Serrano en una final nacional ha resultado una experiencia muy positiva, alcanzando la 10\u00aa plaza en la categor\u00eda femenina despu\u00e9s de sumar 4 puntos en las 8 partidas disputadas. Esta notable actuaci\u00f3n de Nuria confirma el juego desarrollado a lo largo de todo el a\u00f1o en sus inicios en la competici\u00f3n ajedrec\u00edstica. El formato mixto de los campeonatos de Espa\u00f1a por edades ha hecho posible que 110 jugadores, 29 de ellos chicas, de hasta 8 a\u00f1os de edad, dediquen 3 d\u00edas a medir su fuerza imaginativa y t\u00e9cnica ante un tablero de ajedrez.&nbsp;<\/b><\/span><\/div>\n<div style=\"text-align: left\">\n<span style=\"font-family: Verdana, sans-serif;font-size: small\"><b>A partir del pr\u00f3ximo lunes 7 de julio, ser\u00e1 el momento de ver a otros chicos y chicas de Nuestro Ajedrez en Europa interviniendo en Salobre\u00f1a, continuando por la categor\u00eda sub-12.<\/b><\/span><\/div>\n<div style=\"text-align: left\">\n<span style=\"font-size: small\"><b><br \/><\/b><\/span><\/div>\n<h3>\n<span style=\"color: #0b5394\"><span style=\"font-size: small\"><u>CAMPEONATO DE ESPA\u00d1A<\/u><\/span><u style=\"font-size: medium\">&nbsp;DEL DEPORTE EN EDAD ESCOLAR<\/u><\/span><\/h3>\n<div style=\"text-align: left\">\n<span style=\"color: #0b5394;font-family: Trebuchet MS, sans-serif;font-size: small\">Por otro lado, este s\u00e1bado tambi\u00e9n conclu\u00eda la fase final del Deporte en Edad Escolar en la categor\u00eda infantil. Padr\u00f3n ha albergado este campeonato en su modalidad por equipos, con la participaci\u00f3n de 3 chicos y 3 chicas por cada selecci\u00f3n auton\u00f3mica. Aunque el resultado de Castilla-La Mancha ha sido modesto, 11\u00ba clasificado de entre 13 participantes, es importante tener en cuenta que casi todos los miembros del equipo ten\u00edan su primera ocasi\u00f3n de tomar parte en una final y todav\u00eda el pr\u00f3ximo a\u00f1o, algunos de ellos, mantendr\u00e1n la categor\u00eda. Esperamos que el trabajo de preparaci\u00f3n y entrenamiento que han tenido Irene y Javier, junto al resto de compa\u00f1eros, les sirva para continuar con su gradual mejora.<\/span><\/div>\n<\/td>\n<\/tr>\n<\/tbody>\n<\/table>\n<div class=\"separator\" style=\"clear: both;text-align: left\">\n<\/div>\n","protected":false},"excerpt":{"rendered":"<p>Nuria en una de sus partidas disputadas en Salobre\u00f1a. (Imagen de la FEDA) Ayer finalizaba en la localidad granadina de Salobre\u00f1a el Campeonato de Espa\u00f1a de la categor\u00eda sub-8. La primera participaci\u00f3n de Nuria Lozano Serrano en una final nacional ha resultado una experiencia muy positiva, alcanzando la 10\u00aa plaza en la categor\u00eda femenina despu\u00e9s [&hellip;]<\/p>\n","protected":false},"author":1,"featured_media":903,"comment_status":"open","ping_status":"closed","sticky":false,"template":"","format":"standard","meta":{"footnotes":""},"categories":[1],"tags":[],"class_list":["post-902","post","type-post","status-publish","format-standard","has-post-thumbnail","hentry","category-noticias"],"_links":{"self":[{"href":"https:\/\/www.bfv.cloud\/ajedrezeuropa\/wp-json\/wp\/v2\/posts\/902","targetHints":{"allow":["GET"]}}],"collection":[{"href":"https:\/\/www.bfv.cloud\/ajedrezeuropa\/wp-json\/wp\/v2\/posts"}],"about":[{"href":"https:\/\/www.bfv.cloud\/ajedrezeuropa\/wp-json\/wp\/v2\/types\/post"}],"author":[{"embeddable":true,"href":"https:\/\/www.bfv.cloud\/ajedrezeuropa\/wp-json\/wp\/v2\/users\/1"}],"replies":[{"embeddable":true,"href":"https:\/\/www.bfv.cloud\/ajedrezeuropa\/wp-json\/wp\/v2\/comments?post=902"}],"version-history":[{"count":1,"href":"https:\/\/www.bfv.cloud\/ajedrezeuropa\/wp-json\/wp\/v2\/posts\/902\/revisions"}],"predecessor-version":[{"id":905,"href":"https:\/\/www.bfv.cloud\/ajedrezeuropa\/wp-json\/wp\/v2\/posts\/902\/revisions\/905"}],"wp:featuredmedia":[{"embeddable":true,"href":"https:\/\/www.bfv.cloud\/ajedrezeuropa\/wp-json\/wp\/v2\/media\/903"}],"wp:attachment":[{"href":"https:\/\/www.bfv.cloud\/ajedrezeuropa\/wp-json\/wp\/v2\/media?parent=902"}],"wp:term":[{"taxonomy":"category","embeddable":true,"href":"https:\/\/www.bfv.cloud\/ajedrezeuropa\/wp-json\/wp\/v2\/categories?post=902"},{"taxonomy":"post_tag","embeddable":true,"href":"https:\/\/www.bfv.cloud\/ajedrezeuropa\/wp-json\/wp\/v2\/tags?post=902"}],"curies":[{"name":"wp","href":"https:\/\/api.w.org\/{rel}","templated":true}]}}