{"id":906,"date":"2019-04-27T19:38:00","date_gmt":"2019-04-27T19:38:00","guid":{"rendered":"https:\/\/www.bfv.cloud\/ajedrezeuropa\/index.php\/2019\/04\/27\/reportaje-sobre-nuestro-proyecto-de-ajedrez-educativo-en-illescas\/"},"modified":"2025-11-20T10:23:57","modified_gmt":"2025-11-20T10:23:57","slug":"reportaje-sobre-nuestro-proyecto-de-ajedrez-educativo-en-illescas","status":"publish","type":"post","link":"https:\/\/www.bfv.cloud\/ajedrezeuropa\/reportaje-sobre-nuestro-proyecto-de-ajedrez-educativo-en-illescas\/","title":{"rendered":"REPORTAJE SOBRE NUESTRO PROYECTO DE AJEDREZ EDUCATIVO EN ILLESCAS"},"content":{"rendered":"<div class=\"separator\" style=\"clear: both;text-align: center\">\n<iframe width=\"320\" height=\"266\" class=\"YOUTUBE-iframe-video\" src=\"https:\/\/www.youtube.com\/embed\/c_wTnT2LjIc?feature=player_embedded\" frameborder=\"0\" allowfullscreen><\/iframe><\/div>\n<p><span style=\"font-family: Verdana, sans-serif;font-size: large\">Illescas, se ha convertido en un referente del ajedrez educativo gracias al proyecto que su ayuntamiento y Nuestro Ajedrez en Europa desarrollan en los 6 colegios p\u00fablicos de la ciudad. \u00abEl ajedrez en la escuela, una estrategia educativa\u00bb llega a m\u00e1s de 2.200 escolares y, en su tercer curso, alcanza a todos los niveles de primaria.<\/span><br \/>\n<span style=\"font-family: Verdana, sans-serif;font-size: large\">Agradecemos a Lupe todo su esfuerzo en la grabaci\u00f3n y montaje de este v\u00eddeo. Tambi\u00e9n queremos reconocer la colaboraci\u00f3n de toda la comunidad educativa, en especial a las maestras y maestros que nos han dejado su opini\u00f3n en este reportaje: Magdalena, Pilar, Estela, Juanjo y Juan Antonio.&nbsp;<\/span><br \/>\n<span style=\"font-family: Verdana, sans-serif;font-size: large\">Por \u00faltimo, recordar el trabajo diario que nuestros monitores y monitoras realizan orientando el ajedrez a las necesidades de los alumnos. Tarea que es posible gracias al impulso que el ayuntamiento de Illescas presta a la educaci\u00f3n.<\/span><\/p>\n","protected":false},"excerpt":{"rendered":"<p>Illescas, se ha convertido en un referente del ajedrez educativo gracias al proyecto que su ayuntamiento y Nuestro Ajedrez en Europa desarrollan en los 6 colegios p\u00fablicos de la ciudad. \u00abEl ajedrez en la escuela, una estrategia educativa\u00bb llega a m\u00e1s de 2.200 escolares y, en su tercer curso, alcanza a todos los niveles de [&hellip;]<\/p>\n","protected":false},"author":1,"featured_media":0,"comment_status":"open","ping_status":"closed","sticky":false,"template":"","format":"standard","meta":{"footnotes":""},"categories":[1],"tags":[],"class_list":["post-906","post","type-post","status-publish","format-standard","hentry","category-noticias"],"_links":{"self":[{"href":"https:\/\/www.bfv.cloud\/ajedrezeuropa\/wp-json\/wp\/v2\/posts\/906","targetHints":{"allow":["GET"]}}],"collection":[{"href":"https:\/\/www.bfv.cloud\/ajedrezeuropa\/wp-json\/wp\/v2\/posts"}],"about":[{"href":"https:\/\/www.bfv.cloud\/ajedrezeuropa\/wp-json\/wp\/v2\/types\/post"}],"author":[{"embeddable":true,"href":"https:\/\/www.bfv.cloud\/ajedrezeuropa\/wp-json\/wp\/v2\/users\/1"}],"replies":[{"embeddable":true,"href":"https:\/\/www.bfv.cloud\/ajedrezeuropa\/wp-json\/wp\/v2\/comments?post=906"}],"version-history":[{"count":1,"href":"https:\/\/www.bfv.cloud\/ajedrezeuropa\/wp-json\/wp\/v2\/posts\/906\/revisions"}],"predecessor-version":[{"id":907,"href":"https:\/\/www.bfv.cloud\/ajedrezeuropa\/wp-json\/wp\/v2\/posts\/906\/revisions\/907"}],"wp:attachment":[{"href":"https:\/\/www.bfv.cloud\/ajedrezeuropa\/wp-json\/wp\/v2\/media?parent=906"}],"wp:term":[{"taxonomy":"category","embeddable":true,"href":"https:\/\/www.bfv.cloud\/ajedrezeuropa\/wp-json\/wp\/v2\/categories?post=906"},{"taxonomy":"post_tag","embeddable":true,"href":"https:\/\/www.bfv.cloud\/ajedrezeuropa\/wp-json\/wp\/v2\/tags?post=906"}],"curies":[{"name":"wp","href":"https:\/\/api.w.org\/{rel}","templated":true}]}}