{"id":908,"date":"2022-12-05T19:43:00","date_gmt":"2022-12-05T19:43:00","guid":{"rendered":"https:\/\/www.bfv.cloud\/ajedrezeuropa\/index.php\/2022\/12\/05\/el-equipo-juvenil-de-nuestro-ajedrez-en-europa-y-el-infantil-de-la-igualdad-regresan-a-la-copa-del-gran-hotel-bali-de-benidorm\/"},"modified":"2025-11-20T10:24:01","modified_gmt":"2025-11-20T10:24:01","slug":"el-equipo-juvenil-de-nuestro-ajedrez-en-europa-y-el-infantil-de-la-igualdad-regresan-a-la-copa-del-gran-hotel-bali-de-benidorm","status":"publish","type":"post","link":"https:\/\/www.bfv.cloud\/ajedrezeuropa\/el-equipo-juvenil-de-nuestro-ajedrez-en-europa-y-el-infantil-de-la-igualdad-regresan-a-la-copa-del-gran-hotel-bali-de-benidorm\/","title":{"rendered":"EL EQUIPO JUVENIL DE NUESTRO AJEDREZ EN EUROPA Y EL INFANTIL DE LA IGUALDAD REGRESAN A LA COPA DEL GRAN HOTEL BALI DE BENIDORM"},"content":{"rendered":"<p>&nbsp;<\/p>\n<p class=\"MsoNormal\" style=\"text-align: justify\"><span style=\"font-family: verdana;font-size: medium\"><b><i><u><span style=\"line-height: 107%\"><\/span><\/u><\/i><\/b><\/span><\/p>\n<div class=\"separator\" style=\"clear: both;text-align: center\"><span style=\"font-family: verdana;font-size: medium\"><b><i><u><a href=\"https:\/\/www.bfv.cloud\/ajedrezeuropa\/wp-content\/uploads\/2022\/12\/820TODOS20LOS20JUGADORES2020ENTRENADORES.jpg\" style=\"margin-left: 1em;margin-right: 1em\"><img fetchpriority=\"high\" decoding=\"async\" border=\"0\" data-original-height=\"602\" data-original-width=\"1873\" height=\"206\" src=\"https:\/\/blogger.googleusercontent.com\/img\/b\/R29vZ2xl\/AVvXsEhy6Ld740TWaf-ZG2cO2wPvM_PF1Im2rUqCL57xylbCL1Xuf_YaCthwO09TZ6ZDR8pa6QQQAmRilslTMY4ClpbY7R3MrME4VhlK_N3bpKDd69d6zd-tL9jURvSlKt0AXI32glrwXXUnW3_7QadU-52tkOYdFoIRGTKlpJFxCfn48M5wy5Uh60zt0H_4\/w640-h206\/8%20TODOS%20LOS%20JUGADORES%20+%20ENTRENADORES.jpg\" width=\"640\" \/><\/a><\/u><\/i><\/b><\/span><\/div>\n<p><span style=\"font-family: verdana;font-size: medium\"><b><i><u><br \/>La recuperada Copa del Gran Hotel Bali<\/u><\/i><\/b><span style=\"line-height: 107%\"><\/span><\/span><\/p>\n<p class=\"MsoNormal\" style=\"text-align: justify\"><b><span style=\"line-height: 107%\"><span style=\"font-family: verdana;font-size: medium\">El Hotel Bali de Benidorm recupera en este 2022 la Copa por<br \/>\nEquipos que desde 2019 no hab\u00eda podido celebrarse. En pocos d\u00edas, en concreto<br \/>\ndel 8 al 11 de diciembre, el Bali recibir\u00e1 a m\u00e1s de 80 equipos con cerca de 500<br \/>\najedrecistas entre sus filas procedentes de todas las regiones de Espa\u00f1a. La<br \/>\nCopa tendr\u00e1 2 categor\u00edas en funci\u00f3n de la edad de los jugadores y las<br \/>\njugadoras. Por un lado, la categor\u00eda juvenil (sub-18) con una participaci\u00f3n<br \/>\nprevista de 52 equipos, y la categor\u00eda infantil (sub-12) con 29 equipos<br \/>\ninscritos.&nbsp;<\/span><\/span><\/b><\/p>\n<p class=\"MsoNormal\" style=\"text-align: justify\"><b><i><u><span style=\"font-family: verdana;font-size: medium\">Dos equipos con ambici\u00f3n<\/span><\/u><\/i><\/b><\/p>\n<p class=\"MsoNormal\" style=\"text-align: justify\"><b><span style=\"line-height: 107%\"><span style=\"font-family: verdana;font-size: medium\"><\/span><\/span><\/b><\/p>\n<div class=\"separator\" style=\"clear: both;text-align: center\"><b><span style=\"font-family: verdana;font-size: medium\"><a href=\"https:\/\/www.bfv.cloud\/ajedrezeuropa\/wp-content\/uploads\/2022\/12\/120NUESTRO20AJEDREZ20EN20EUROPA20SUBCAMPEON20S18.jpg\" style=\"clear: left;float: left;margin-bottom: 1em;margin-right: 1em\"><img decoding=\"async\" border=\"0\" data-original-height=\"894\" data-original-width=\"1318\" height=\"271\" src=\"https:\/\/blogger.googleusercontent.com\/img\/b\/R29vZ2xl\/AVvXsEjRdCxdRA1fXC1JsH9WLQS4cDSAUGZuX5CjS1O0sj34635OkA6yjT9zH-V8Hiwv8NxptrJZ6XoHjgSTyWieedXMjYdpCIFbsoqNilocsRJK-SyzsYV0SSrRXhQKYE5wS8x_3T5th_nToM7XHkaSJiPTnO9DbRJk2fSQ-vOzvwvet844jZFJTZsnjLDA\/w400-h271\/1%20NUESTRO%20AJEDREZ%20EN%20EUROPA%20SUBCAMPEON%20S18.jpg\" width=\"400\" \/><\/a><\/span><\/b><\/div>\n<p><b><span style=\"font-family: verdana;font-size: medium\"><br \/>El equipo juvenil de Nuestro Ajedrez en Europa presentar\u00e1 la misma<br \/>\nformaci\u00f3n con la que obtuvo la medalla de plata en el Campeonato de Castilla-La<br \/>\nMancha por Clubes a comienzos de septiembre: David Crespo D\u00edaz, Alonso L\u00f3pez<br \/>\nN\u00fa\u00f1ez, \u00c1ngel Collado Alcolado, Javier Jim\u00e9nez Carrazoni y \u00d3scar Ortega<br \/>\nOlivares, con el Gran Maestro Herminio Herr\u00e1iz Hidalgo como entrenador. Por su<br \/>\nparte, el equipo infantil de Nuestro Ajedrez por la Igualdad estar\u00e1 formado<br \/>\npor: Marta Elena Jim\u00e9nez Carrazoni, Jaime Vila Castillo, Carlos Edmundo Morales<br \/>\nRodr\u00edguez, Santiago Linares N\u00fa\u00f1ez y Pablo D\u00edaz-Oliver Rodr\u00edguez-Escalona, con<br \/>\nSilvia Toribio Camu\u00f1as como entrenadora.&nbsp;<\/p>\n<div class=\"separator\" style=\"clear: both;text-align: center\"><a href=\"https:\/\/www.bfv.cloud\/ajedrezeuropa\/wp-content\/uploads\/2022\/12\/320RONDA20120REGIONAL20S12.jpeg\" style=\"margin-left: 1em;margin-right: 1em\"><img decoding=\"async\" border=\"0\" data-original-height=\"737\" data-original-width=\"1600\" height=\"294\" src=\"https:\/\/blogger.googleusercontent.com\/img\/b\/R29vZ2xl\/AVvXsEhJ4ei8O6XLxQwOBpBhcN2n_GAP22tDs8L6-DV5AyvkvobO2xVrl1wLa6pKFjDwwgAaxCsXe2yFpuTb4p803SVdI7Yh1awc6l19FqlE19qCzKZsS3Bgzsj8UL-7UTjWayBY4tQIZTiC17naEyn15Hr7LY7NE7IeO7EYPh0wC4JwvWiSGUROQ6kd-lYh\/w640-h294\/3%20RONDA%201%20REGIONAL%20S12.jpeg\" width=\"640\" \/><\/a><\/div>\n<p><\/span><\/b><\/p>\n<p class=\"MsoNormal\" style=\"text-align: justify\"><b><span style=\"line-height: 107%\"><span style=\"font-family: verdana;font-size: medium\">A pesar de la enorme calidad y nivel<br \/>\nque presentan ambos torneos, los dos equipos aspiran a realizar una buena<br \/>\nactuaci\u00f3n y mejorar el ranking inicial de donde parten en la posici\u00f3n 14\u00aa y 11\u00aa,<br \/>\nrespectivamente. Ser\u00e1n 4 d\u00edas para vivir una experiencia apasionante entre<br \/>\npartidas, preparaciones y convivencia.<\/span><\/span><\/b><\/p>\n","protected":false},"excerpt":{"rendered":"<p>&nbsp; La recuperada Copa del Gran Hotel Bali El Hotel Bali de Benidorm recupera en este 2022 la Copa por Equipos que desde 2019 no hab\u00eda podido celebrarse. En pocos d\u00edas, en concreto del 8 al 11 de diciembre, el Bali recibir\u00e1 a m\u00e1s de 80 equipos con cerca de 500 ajedrecistas entre sus filas [&hellip;]<\/p>\n","protected":false},"author":1,"featured_media":909,"comment_status":"open","ping_status":"closed","sticky":false,"template":"","format":"standard","meta":{"footnotes":""},"categories":[1],"tags":[],"class_list":["post-908","post","type-post","status-publish","format-standard","has-post-thumbnail","hentry","category-noticias"],"_links":{"self":[{"href":"https:\/\/www.bfv.cloud\/ajedrezeuropa\/wp-json\/wp\/v2\/posts\/908","targetHints":{"allow":["GET"]}}],"collection":[{"href":"https:\/\/www.bfv.cloud\/ajedrezeuropa\/wp-json\/wp\/v2\/posts"}],"about":[{"href":"https:\/\/www.bfv.cloud\/ajedrezeuropa\/wp-json\/wp\/v2\/types\/post"}],"author":[{"embeddable":true,"href":"https:\/\/www.bfv.cloud\/ajedrezeuropa\/wp-json\/wp\/v2\/users\/1"}],"replies":[{"embeddable":true,"href":"https:\/\/www.bfv.cloud\/ajedrezeuropa\/wp-json\/wp\/v2\/comments?post=908"}],"version-history":[{"count":1,"href":"https:\/\/www.bfv.cloud\/ajedrezeuropa\/wp-json\/wp\/v2\/posts\/908\/revisions"}],"predecessor-version":[{"id":912,"href":"https:\/\/www.bfv.cloud\/ajedrezeuropa\/wp-json\/wp\/v2\/posts\/908\/revisions\/912"}],"wp:featuredmedia":[{"embeddable":true,"href":"https:\/\/www.bfv.cloud\/ajedrezeuropa\/wp-json\/wp\/v2\/media\/909"}],"wp:attachment":[{"href":"https:\/\/www.bfv.cloud\/ajedrezeuropa\/wp-json\/wp\/v2\/media?parent=908"}],"wp:term":[{"taxonomy":"category","embeddable":true,"href":"https:\/\/www.bfv.cloud\/ajedrezeuropa\/wp-json\/wp\/v2\/categories?post=908"},{"taxonomy":"post_tag","embeddable":true,"href":"https:\/\/www.bfv.cloud\/ajedrezeuropa\/wp-json\/wp\/v2\/tags?post=908"}],"curies":[{"name":"wp","href":"https:\/\/api.w.org\/{rel}","templated":true}]}}