{"id":913,"date":"2013-06-23T11:00:00","date_gmt":"2013-06-23T11:00:00","guid":{"rendered":"https:\/\/www.bfv.cloud\/ajedrezeuropa\/index.php\/2013\/06\/23\/campeonato-de-espana-escolar-infantil-por-selecciones-autonomicas\/"},"modified":"2025-11-20T10:24:05","modified_gmt":"2025-11-20T10:24:05","slug":"campeonato-de-espana-escolar-infantil-por-selecciones-autonomicas","status":"publish","type":"post","link":"https:\/\/www.bfv.cloud\/ajedrezeuropa\/campeonato-de-espana-escolar-infantil-por-selecciones-autonomicas\/","title":{"rendered":"CAMPEONATO DE ESPA\u00d1A ESCOLAR INFANTIL POR SELECCIONES AUTON\u00d3MICAS"},"content":{"rendered":"<table cellpadding=\"0\" cellspacing=\"0\" class=\"tr-caption-container\" style=\"float: right;margin-left: 1em;text-align: right\">\n<tbody>\n<tr>\n<td style=\"text-align: center\"><a href=\"https:\/\/www.bfv.cloud\/ajedrezeuropa\/wp-content\/uploads\/2013\/06\/FOTOSESCOLARREGIONALCASTILLA-LAMANCHA2013020.jpg\" style=\"clear: right;margin-bottom: 1em;margin-left: auto;margin-right: auto\"><img fetchpriority=\"high\" decoding=\"async\" border=\"0\" src=\"https:\/\/blogger.googleusercontent.com\/img\/b\/R29vZ2xl\/AVvXsEil0xV3iCAmYM0KtxesQQzMkXyRaeeVQa4JtQtEv0UUN0KG42wORLtKc5yXGNlsZN-13PGYlvHUfIyfXmpefgUlrrZTZ0eOh4V3xixMbGO75ivF3DkwxsJq_6weoXLm1MSaASMICo5jKYU\/s400\/FOTOS+ESCOLAR+REGIONAL+CASTILLA-LA+MANCHA+2013+020.jpg\" height=\"300\" width=\"400\" \/><\/a><\/td>\n<\/tr>\n<tr>\n<td class=\"tr-caption\" style=\"text-align: center\">Irene Sim\u00f3n Escalona<\/td>\n<\/tr>\n<\/tbody>\n<\/table>\n<p><span style=\"font-family: Verdana, sans-serif\">Del 26 al 29 de junio se disputar\u00e1 en la localidad gallega de Padr\u00f3n la fase final del Campeonato de Espa\u00f1a del Deporte en Edad Escolar, este a\u00f1o, exclusivamente en la categor\u00eda infantil. Esta \u00faltima fase se disputa en la modalidad de equipos, en representaci\u00f3n de las distintas autonom\u00edas, siendo 12 las regiones que han decidido participar, con las llamativas ausencias de Canarias, Pa\u00eds Vasco, Baleares o La Rioja. De los 6 jugadores que representar\u00e1n a la comunidad de Castilla-La Mancha, 2 son alumnos de nuestras escuelas y clubes: Irene Sim\u00f3n y Javier Valdepe\u00f1as. Ambos son miembros del equipo sub-16 de Nuestro Ajedrez en Europa y est\u00e1n en un momento de plena evoluci\u00f3n en su juego.<\/span><\/p>\n<table cellpadding=\"0\" cellspacing=\"0\" class=\"tr-caption-container\" style=\"float: right;margin-left: 1em;text-align: right\">\n<tbody>\n<tr>\n<td style=\"text-align: center\"><a href=\"https:\/\/www.bfv.cloud\/ajedrezeuropa\/wp-content\/uploads\/2013\/06\/FOTOSESCOLARREGIONALCASTILLA-LAMANCHA2013017.jpg\" style=\"clear: right;margin-bottom: 1em;margin-left: auto;margin-right: auto\"><img decoding=\"async\" border=\"0\" src=\"https:\/\/blogger.googleusercontent.com\/img\/b\/R29vZ2xl\/AVvXsEhtt8HSFjsiUY_KjiI3CHvwNOSNhLSvp_esrIgkbOh7DgTll6R6ze6LaPjy9I6I6kolrwsXBwuv80rIzfen_r2T34L4SjT3H1r1Kt3ZFKWjJPDd2LssNKn-ks7FfQJVO8Vi6Y6lWBv_bD8\/s400\/FOTOS+ESCOLAR+REGIONAL+CASTILLA-LA+MANCHA+2013+017.jpg\" height=\"351\" width=\"400\" \/><\/a><\/td>\n<\/tr>\n<tr>\n<td class=\"tr-caption\" style=\"text-align: center\">Javier Valdepe\u00f1as Octavio<\/td>\n<\/tr>\n<\/tbody>\n<\/table>\n<p>\n<span style=\"font-family: Verdana, sans-serif\">Con su participaci\u00f3n en esta final, nuestro proyecto se convierte en el \u00fanico de la regi\u00f3n con una doble presencia en la selecci\u00f3n castellano-manchega de 2013. Deseamos un buen campeonato a Irene y Javier. Iremos siguiendo su actuaci\u00f3n , en el enlace que a continuaci\u00f3n dejamos.<\/span><\/p>\n<p>\n<b><a href=\"http:\/\/chess-results.com\/tnr104917.aspx?ix=1&amp;art=3&amp;rd=2&amp;lan=2&amp;wi=821&amp;turdet=YES\">CE Selecciones auton\u00f3micas S-14<\/a><span style=\"font-family: Verdana, sans-serif\">&nbsp;<\/span><\/b><\/p>\n","protected":false},"excerpt":{"rendered":"<p>Irene Sim\u00f3n Escalona Del 26 al 29 de junio se disputar\u00e1 en la localidad gallega de Padr\u00f3n la fase final del Campeonato de Espa\u00f1a del Deporte en Edad Escolar, este a\u00f1o, exclusivamente en la categor\u00eda infantil. Esta \u00faltima fase se disputa en la modalidad de equipos, en representaci\u00f3n de las distintas autonom\u00edas, siendo 12 las [&hellip;]<\/p>\n","protected":false},"author":1,"featured_media":914,"comment_status":"open","ping_status":"closed","sticky":false,"template":"","format":"standard","meta":{"footnotes":""},"categories":[1],"tags":[],"class_list":["post-913","post","type-post","status-publish","format-standard","has-post-thumbnail","hentry","category-noticias"],"_links":{"self":[{"href":"https:\/\/www.bfv.cloud\/ajedrezeuropa\/wp-json\/wp\/v2\/posts\/913","targetHints":{"allow":["GET"]}}],"collection":[{"href":"https:\/\/www.bfv.cloud\/ajedrezeuropa\/wp-json\/wp\/v2\/posts"}],"about":[{"href":"https:\/\/www.bfv.cloud\/ajedrezeuropa\/wp-json\/wp\/v2\/types\/post"}],"author":[{"embeddable":true,"href":"https:\/\/www.bfv.cloud\/ajedrezeuropa\/wp-json\/wp\/v2\/users\/1"}],"replies":[{"embeddable":true,"href":"https:\/\/www.bfv.cloud\/ajedrezeuropa\/wp-json\/wp\/v2\/comments?post=913"}],"version-history":[{"count":1,"href":"https:\/\/www.bfv.cloud\/ajedrezeuropa\/wp-json\/wp\/v2\/posts\/913\/revisions"}],"predecessor-version":[{"id":916,"href":"https:\/\/www.bfv.cloud\/ajedrezeuropa\/wp-json\/wp\/v2\/posts\/913\/revisions\/916"}],"wp:featuredmedia":[{"embeddable":true,"href":"https:\/\/www.bfv.cloud\/ajedrezeuropa\/wp-json\/wp\/v2\/media\/914"}],"wp:attachment":[{"href":"https:\/\/www.bfv.cloud\/ajedrezeuropa\/wp-json\/wp\/v2\/media?parent=913"}],"wp:term":[{"taxonomy":"category","embeddable":true,"href":"https:\/\/www.bfv.cloud\/ajedrezeuropa\/wp-json\/wp\/v2\/categories?post=913"},{"taxonomy":"post_tag","embeddable":true,"href":"https:\/\/www.bfv.cloud\/ajedrezeuropa\/wp-json\/wp\/v2\/tags?post=913"}],"curies":[{"name":"wp","href":"https:\/\/api.w.org\/{rel}","templated":true}]}}