{"id":917,"date":"2009-05-13T16:38:00","date_gmt":"2009-05-13T16:38:00","guid":{"rendered":"https:\/\/www.bfv.cloud\/ajedrezeuropa\/index.php\/2009\/05\/13\/campeonato-regional-edades-2009\/"},"modified":"2025-11-20T10:24:05","modified_gmt":"2025-11-20T10:24:05","slug":"campeonato-regional-edades-2009","status":"publish","type":"post","link":"https:\/\/www.bfv.cloud\/ajedrezeuropa\/campeonato-regional-edades-2009\/","title":{"rendered":"CAMPEONATO REGIONAL EDADES 2009"},"content":{"rendered":"<p><a href=\"https:\/\/blogger.googleusercontent.com\/img\/b\/R29vZ2xl\/AVvXsEiasPpd5KSPaqo2ixuDD-PfxTcMNiH1o1NbbTdeVQixOASgYW8FIMfM8-4ixgFrmq0s-cwCZ1pLZ1XJTkCI_yulLcfnvB9a0Naal7BmXc2vvASq7d4oMB9WlpBJCKVdckdmsagiJ6zl6XQ\/s1600-h\/IMG_0718%5B1%5D\"><img decoding=\"async\" id=\"BLOGGER_PHOTO_ID_5335349793387129410\" alt=\"\" src=\"https:\/\/blogger.googleusercontent.com\/img\/b\/R29vZ2xl\/AVvXsEiasPpd5KSPaqo2ixuDD-PfxTcMNiH1o1NbbTdeVQixOASgYW8FIMfM8-4ixgFrmq0s-cwCZ1pLZ1XJTkCI_yulLcfnvB9a0Naal7BmXc2vvASq7d4oMB9WlpBJCKVdckdmsagiJ6zl6XQ\/s320\/IMG_0718%5B1%5D\" border=\"0\" \/><\/a><\/p>\n<div>Los chicos ychicas del proyecto \u00abNUESTRO AJEDREZ EN EUROPA\u00bb, al finalizar el pasado mes de marzo,el campeonato regional de edades, que se celebr\u00f3 en Albacete. Muchos de estos chicos y chicas, participar\u00e1n el pr\u00f3ximo mes de julio en el campeonato de Espa\u00f1a que tendr\u00e1 lugar en Granada<\/div>\n<div> <\/div>\n","protected":false},"excerpt":{"rendered":"<p>Los chicos ychicas del proyecto \u00abNUESTRO AJEDREZ EN EUROPA\u00bb, al finalizar el pasado mes de marzo,el campeonato regional de edades, que se celebr\u00f3 en Albacete. Muchos de estos chicos y chicas, participar\u00e1n el pr\u00f3ximo mes de julio en el campeonato de Espa\u00f1a que tendr\u00e1 lugar en Granada<\/p>\n","protected":false},"author":1,"featured_media":0,"comment_status":"open","ping_status":"closed","sticky":false,"template":"","format":"standard","meta":{"footnotes":""},"categories":[1],"tags":[],"class_list":["post-917","post","type-post","status-publish","format-standard","hentry","category-noticias"],"_links":{"self":[{"href":"https:\/\/www.bfv.cloud\/ajedrezeuropa\/wp-json\/wp\/v2\/posts\/917","targetHints":{"allow":["GET"]}}],"collection":[{"href":"https:\/\/www.bfv.cloud\/ajedrezeuropa\/wp-json\/wp\/v2\/posts"}],"about":[{"href":"https:\/\/www.bfv.cloud\/ajedrezeuropa\/wp-json\/wp\/v2\/types\/post"}],"author":[{"embeddable":true,"href":"https:\/\/www.bfv.cloud\/ajedrezeuropa\/wp-json\/wp\/v2\/users\/1"}],"replies":[{"embeddable":true,"href":"https:\/\/www.bfv.cloud\/ajedrezeuropa\/wp-json\/wp\/v2\/comments?post=917"}],"version-history":[{"count":1,"href":"https:\/\/www.bfv.cloud\/ajedrezeuropa\/wp-json\/wp\/v2\/posts\/917\/revisions"}],"predecessor-version":[{"id":918,"href":"https:\/\/www.bfv.cloud\/ajedrezeuropa\/wp-json\/wp\/v2\/posts\/917\/revisions\/918"}],"wp:attachment":[{"href":"https:\/\/www.bfv.cloud\/ajedrezeuropa\/wp-json\/wp\/v2\/media?parent=917"}],"wp:term":[{"taxonomy":"category","embeddable":true,"href":"https:\/\/www.bfv.cloud\/ajedrezeuropa\/wp-json\/wp\/v2\/categories?post=917"},{"taxonomy":"post_tag","embeddable":true,"href":"https:\/\/www.bfv.cloud\/ajedrezeuropa\/wp-json\/wp\/v2\/tags?post=917"}],"curies":[{"name":"wp","href":"https:\/\/api.w.org\/{rel}","templated":true}]}}