{"id":919,"date":"2013-07-24T14:24:00","date_gmt":"2013-07-24T14:24:00","guid":{"rendered":"https:\/\/www.bfv.cloud\/ajedrezeuropa\/index.php\/2013\/07\/24\/isaac-lozano-osorio-supera-las-4-primeras-partidas-del-nacional-sub-16-consiguiendo-25-puntos\/"},"modified":"2025-11-20T10:24:08","modified_gmt":"2025-11-20T10:24:08","slug":"isaac-lozano-osorio-supera-las-4-primeras-partidas-del-nacional-sub-16-consiguiendo-25-puntos","status":"publish","type":"post","link":"https:\/\/www.bfv.cloud\/ajedrezeuropa\/isaac-lozano-osorio-supera-las-4-primeras-partidas-del-nacional-sub-16-consiguiendo-25-puntos\/","title":{"rendered":"ISAAC LOZANO OSORIO SUPERA LAS 4 PRIMERAS PARTIDAS DEL NACIONAL SUB-16 CONSIGUIENDO 2,5 PUNTOS"},"content":{"rendered":"<table cellpadding=\"0\" cellspacing=\"0\" class=\"tr-caption-container\" style=\"float: left;margin-right: 1em;text-align: left\">\n<tbody>\n<tr>\n<td style=\"text-align: center\"><a href=\"https:\/\/www.bfv.cloud\/ajedrezeuropa\/wp-content\/uploads\/2013\/07\/FOTOSESCOLARREGIONALCASTILLA-LAMANCHA2013015.jpg\" style=\"clear: left;margin-bottom: 1em;margin-left: auto;margin-right: auto\"><img fetchpriority=\"high\" decoding=\"async\" border=\"0\" height=\"300\" src=\"https:\/\/blogger.googleusercontent.com\/img\/b\/R29vZ2xl\/AVvXsEh950b2eci48jUOTXcxtNBeRbKfafsKOik0SBSmTDBinmWYUaNOgHHs8E1ejWc77-cWn024hiV4zbxWNUJ0wzGcO2jfWe-QLro_x7mWSKQ9UZAv4mn8P5tZuM14HRd5_fXiF1CG5aPfls8\/s400\/FOTOS+ESCOLAR+REGIONAL+CASTILLA-LA+MANCHA+2013+015.jpg\" width=\"400\" \/><\/a><\/td>\n<\/tr>\n<tr>\n<td class=\"tr-caption\" style=\"text-align: center\">Isaac al inicio de una partida en el \u00faltimo regional escolar<\/td>\n<\/tr>\n<\/tbody>\n<\/table>\n<table cellpadding=\"0\" cellspacing=\"0\" class=\"tr-caption-container\" style=\"float: right;margin-left: 1em;text-align: right\">\n<tbody>\n<tr>\n<td style=\"text-align: center\"><a href=\"https:\/\/www.bfv.cloud\/ajedrezeuropa\/wp-content\/uploads\/2013\/07\/FOTOISAACENRONDA1.jpg\" style=\"clear: right;margin-bottom: 1em;margin-left: auto;margin-right: auto\"><img decoding=\"async\" border=\"0\" height=\"400\" src=\"https:\/\/blogger.googleusercontent.com\/img\/b\/R29vZ2xl\/AVvXsEhMy3FpPFOdTP_TlC2qQfSPnh84TfOQ8ISAGDHi9oWVGT7OvofU5hupFsaeLw4bbgf8XY_XJROorTk6VPx8gLCTQ0PUX4hUHvKa6DXZJ7HSdLkOJIYNmlsR_39y4M6_uJEu0fpZaop4Q-w\/s400\/FOTO+ISAAC+EN+RONDA+1.jpg\" width=\"200\" \/><\/a><\/td>\n<\/tr>\n<tr>\n<td class=\"tr-caption\" style=\"text-align: center\">Isaac en su partida inaugural<br \/>\ndel Campeonato de Espa\u00f1a sub-16<\/td>\n<\/tr>\n<\/tbody>\n<\/table>\n<p><span style=\"color: blue;font-family: Verdana, sans-serif\"><b>Disputadas 4 rondas del Campeonato de Espa\u00f1a sub-16, nuestro jugador Isaac Lozano, ha vencido en 2 partidas, entablando otra y perdiendo \u00fanicamente la jugada en primera ronda. Esta misma tarde, a partir de las 5, se enfrentar\u00e1 con piezas negras a la gallega Ines Prado Acebo en la mesa 24. Hasta el momento, la participaci\u00f3n de Isaac en este campeonato es muy notable, tras haber conseguido puntuar con 2 rivales de elo muy superior al suyo. En la clasificaci\u00f3n provisional ocupa la posici\u00f3n 39, habiendo partido de la 87. Esperamos que la segunda parte de la competici\u00f3n la realice con igual entusiasmo y que siga en el camino de trabajo y esfuerzo que siempre le ha caracterizado. Os dejamos los enlaces para poder seguir sus resultados y partidas:<\/b><\/span><\/p>\n<div>\n<span style=\"color: blue;font-family: Verdana, sans-serif\"><b><br \/><\/b><\/span><\/div>\n<div style=\"text-align: center\">\n<span style=\"color: blue;font-family: Verdana, sans-serif\"><b><a href=\"http:\/\/chess-results.com\/tnr104215.aspx?art=2&amp;rd=5&amp;lan=2&amp;fed=ESP&amp;turdet=YES&amp;flag=30&amp;wi=984&amp;group=CTM\">Emparejamientos y resultados de RONDA 5<\/a><\/b><\/span><\/div>\n<div style=\"text-align: center\">\n<span style=\"color: blue;font-family: Verdana, sans-serif\"><br \/><\/span><\/div>\n<div style=\"text-align: center\">\n<span style=\"color: blue;font-family: Verdana, sans-serif\"><a href=\"http:\/\/www.soloajedrez.com\/feda\/2013\/sub16.html\">PARTIDAS RETRANSMITIDAS SUB-16<\/a><\/span><\/div>\n","protected":false},"excerpt":{"rendered":"<p>Isaac al inicio de una partida en el \u00faltimo regional escolar Isaac en su partida inaugural del Campeonato de Espa\u00f1a sub-16 Disputadas 4 rondas del Campeonato de Espa\u00f1a sub-16, nuestro jugador Isaac Lozano, ha vencido en 2 partidas, entablando otra y perdiendo \u00fanicamente la jugada en primera ronda. Esta misma tarde, a partir de las [&hellip;]<\/p>\n","protected":false},"author":1,"featured_media":920,"comment_status":"open","ping_status":"closed","sticky":false,"template":"","format":"standard","meta":{"footnotes":""},"categories":[1],"tags":[],"class_list":["post-919","post","type-post","status-publish","format-standard","has-post-thumbnail","hentry","category-noticias"],"_links":{"self":[{"href":"https:\/\/www.bfv.cloud\/ajedrezeuropa\/wp-json\/wp\/v2\/posts\/919","targetHints":{"allow":["GET"]}}],"collection":[{"href":"https:\/\/www.bfv.cloud\/ajedrezeuropa\/wp-json\/wp\/v2\/posts"}],"about":[{"href":"https:\/\/www.bfv.cloud\/ajedrezeuropa\/wp-json\/wp\/v2\/types\/post"}],"author":[{"embeddable":true,"href":"https:\/\/www.bfv.cloud\/ajedrezeuropa\/wp-json\/wp\/v2\/users\/1"}],"replies":[{"embeddable":true,"href":"https:\/\/www.bfv.cloud\/ajedrezeuropa\/wp-json\/wp\/v2\/comments?post=919"}],"version-history":[{"count":1,"href":"https:\/\/www.bfv.cloud\/ajedrezeuropa\/wp-json\/wp\/v2\/posts\/919\/revisions"}],"predecessor-version":[{"id":922,"href":"https:\/\/www.bfv.cloud\/ajedrezeuropa\/wp-json\/wp\/v2\/posts\/919\/revisions\/922"}],"wp:featuredmedia":[{"embeddable":true,"href":"https:\/\/www.bfv.cloud\/ajedrezeuropa\/wp-json\/wp\/v2\/media\/920"}],"wp:attachment":[{"href":"https:\/\/www.bfv.cloud\/ajedrezeuropa\/wp-json\/wp\/v2\/media?parent=919"}],"wp:term":[{"taxonomy":"category","embeddable":true,"href":"https:\/\/www.bfv.cloud\/ajedrezeuropa\/wp-json\/wp\/v2\/categories?post=919"},{"taxonomy":"post_tag","embeddable":true,"href":"https:\/\/www.bfv.cloud\/ajedrezeuropa\/wp-json\/wp\/v2\/tags?post=919"}],"curies":[{"name":"wp","href":"https:\/\/api.w.org\/{rel}","templated":true}]}}