{"id":927,"date":"2013-11-15T14:43:00","date_gmt":"2013-11-15T14:43:00","guid":{"rendered":"https:\/\/www.bfv.cloud\/ajedrezeuropa\/index.php\/2013\/11\/15\/noticia-de-ajedrez-en-el-telediario-de-tve-1\/"},"modified":"2025-11-20T10:24:12","modified_gmt":"2025-11-20T10:24:12","slug":"noticia-de-ajedrez-en-el-telediario-de-tve-1","status":"publish","type":"post","link":"https:\/\/www.bfv.cloud\/ajedrezeuropa\/noticia-de-ajedrez-en-el-telediario-de-tve-1\/","title":{"rendered":"NOTICIA DE AJEDREZ EN EL TELEDIARIO DE TVE 1"},"content":{"rendered":"<p><span style=\"font-family: Helvetica Neue, Arial, Helvetica, sans-serif\">Aqu\u00ed ten\u00e9is un v\u00eddeo del telediario del&nbsp; pasado domingo d\u00eda&nbsp;10,&nbsp;en el que hay un excelente reportaje del duelo que enfrentan a&nbsp;Anand y Carlsen por el t\u00edtulo mundial. Tambi\u00e9n&nbsp;se destaca el trabajo realizado en las escuelas de ajedrez con este deporte-arte, que desde aqu\u00ed deseamos que se ampl\u00ede por toda&nbsp;nuestra geograf\u00eda.<\/span><br \/>\n<span style=\"font-family: 'Helvetica Neue', Arial, Helvetica, sans-serif\">\u00a1Esperamos que disfrut\u00e9is del video!&nbsp;<\/span><br \/>\n<span style=\"font-family: Helvetica Neue, Arial, Helvetica, sans-serif\">El reportaje de ajedrez comienza a partir del minuto 31.45<\/span><\/p>\n<h3>\n<ul style=\"padding: 4px;text-align: center\">\n<li><a href=\"http:\/\/www.rtve.es\/alacarta\/videos\/telediario\/telediario-21-horas-10-11-13\/2134107\/\">ENLACE CON IM\u00c1GENES TELEDIARIO TVE 1 <\/a><\/li>\n<\/ul>\n<\/h3>\n<p><\/p>\n<div class=\"separator\" style=\"clear: both;text-align: center\">\n<a href=\"https:\/\/www.bfv.cloud\/ajedrezeuropa\/wp-content\/uploads\/2013\/11\/anandcarlsen.png\" style=\"clear: left;float: left;margin-bottom: 1em;margin-right: 1em\"><img fetchpriority=\"high\" decoding=\"async\" border=\"0\" src=\"https:\/\/www.bfv.cloud\/ajedrezeuropa\/wp-content\/uploads\/2013\/11\/anandcarlsen.png\" height=\"176\" width=\"320\" \/><\/a><\/div>\n<div class=\"separator\" style=\"clear: both;text-align: center\">\n<a href=\"https:\/\/www.bfv.cloud\/ajedrezeuropa\/wp-content\/uploads\/2013\/11\/imagesanandycarlsen.jpg\" style=\"clear: right;float: right;margin-bottom: 1em;margin-left: 1em\"><img decoding=\"async\" border=\"0\" src=\"https:\/\/www.bfv.cloud\/ajedrezeuropa\/wp-content\/uploads\/2013\/11\/imagesanandycarlsen.jpg\" height=\"191\" width=\"400\" \/><\/a><\/div>\n<div class=\"itemText\">\n<img decoding=\"async\" align=\"left\" alt=\"\" src=\"http:\/\/www.chessmagic.net\/_\/imagenes\/2013\/anand-carlsen.jpg\" hspace=\"10\" title=\"Annand y Carlsen\" vspace=\"10\" \/><\/div>\n","protected":false},"excerpt":{"rendered":"<p>Aqu\u00ed ten\u00e9is un v\u00eddeo del telediario del&nbsp; pasado domingo d\u00eda&nbsp;10,&nbsp;en el que hay un excelente reportaje del duelo que enfrentan a&nbsp;Anand y Carlsen por el t\u00edtulo mundial. Tambi\u00e9n&nbsp;se destaca el trabajo realizado en las escuelas de ajedrez con este deporte-arte, que desde aqu\u00ed deseamos que se ampl\u00ede por toda&nbsp;nuestra geograf\u00eda. \u00a1Esperamos que disfrut\u00e9is del video!&nbsp; [&hellip;]<\/p>\n","protected":false},"author":1,"featured_media":928,"comment_status":"open","ping_status":"closed","sticky":false,"template":"","format":"standard","meta":{"footnotes":""},"categories":[1],"tags":[],"class_list":["post-927","post","type-post","status-publish","format-standard","has-post-thumbnail","hentry","category-noticias"],"_links":{"self":[{"href":"https:\/\/www.bfv.cloud\/ajedrezeuropa\/wp-json\/wp\/v2\/posts\/927","targetHints":{"allow":["GET"]}}],"collection":[{"href":"https:\/\/www.bfv.cloud\/ajedrezeuropa\/wp-json\/wp\/v2\/posts"}],"about":[{"href":"https:\/\/www.bfv.cloud\/ajedrezeuropa\/wp-json\/wp\/v2\/types\/post"}],"author":[{"embeddable":true,"href":"https:\/\/www.bfv.cloud\/ajedrezeuropa\/wp-json\/wp\/v2\/users\/1"}],"replies":[{"embeddable":true,"href":"https:\/\/www.bfv.cloud\/ajedrezeuropa\/wp-json\/wp\/v2\/comments?post=927"}],"version-history":[{"count":1,"href":"https:\/\/www.bfv.cloud\/ajedrezeuropa\/wp-json\/wp\/v2\/posts\/927\/revisions"}],"predecessor-version":[{"id":930,"href":"https:\/\/www.bfv.cloud\/ajedrezeuropa\/wp-json\/wp\/v2\/posts\/927\/revisions\/930"}],"wp:featuredmedia":[{"embeddable":true,"href":"https:\/\/www.bfv.cloud\/ajedrezeuropa\/wp-json\/wp\/v2\/media\/928"}],"wp:attachment":[{"href":"https:\/\/www.bfv.cloud\/ajedrezeuropa\/wp-json\/wp\/v2\/media?parent=927"}],"wp:term":[{"taxonomy":"category","embeddable":true,"href":"https:\/\/www.bfv.cloud\/ajedrezeuropa\/wp-json\/wp\/v2\/categories?post=927"},{"taxonomy":"post_tag","embeddable":true,"href":"https:\/\/www.bfv.cloud\/ajedrezeuropa\/wp-json\/wp\/v2\/tags?post=927"}],"curies":[{"name":"wp","href":"https:\/\/api.w.org\/{rel}","templated":true}]}}