{"id":931,"date":"2016-09-21T13:09:00","date_gmt":"2016-09-21T13:09:00","guid":{"rendered":"https:\/\/www.bfv.cloud\/ajedrezeuropa\/index.php\/2016\/09\/21\/el-sabado-24-de-septiembre-vuelven-las-clases-en-las-escuelas-de-ajedrez-de-alcazar-y-villafranca\/"},"modified":"2025-11-20T10:24:14","modified_gmt":"2025-11-20T10:24:14","slug":"el-sabado-24-de-septiembre-vuelven-las-clases-en-las-escuelas-de-ajedrez-de-alcazar-y-villafranca","status":"publish","type":"post","link":"https:\/\/www.bfv.cloud\/ajedrezeuropa\/el-sabado-24-de-septiembre-vuelven-las-clases-en-las-escuelas-de-ajedrez-de-alcazar-y-villafranca\/","title":{"rendered":"EL S\u00c1BADO 24 DE SEPTIEMBRE VUELVEN LAS CLASES EN LAS ESCUELAS DE AJEDREZ DE ALC\u00c1ZAR Y VILLAFRANCA"},"content":{"rendered":"<div class=\"separator\" style=\"clear: both;text-align: center\">\n<a href=\"https:\/\/www.bfv.cloud\/ajedrezeuropa\/wp-content\/uploads\/2016\/09\/COMIENZOCLASES2016-2017.jpg\" style=\"clear: right;float: right;margin-bottom: 1em;margin-left: 1em\"><img fetchpriority=\"high\" decoding=\"async\" border=\"0\" height=\"640\" src=\"https:\/\/blogger.googleusercontent.com\/img\/b\/R29vZ2xl\/AVvXsEj80Q6YKshkmspIMyc_BlPSdMZCXQB13VNOqhqhuAFhThx0uJLCmyxT-tLqDwX_o6Y8OvSTrwk7RJ_Cnr97PoiPG7KvGo0Wz6lX1Q6deUC7jtHiKgyRspLTE3A-GbgOv5ICWPw4dXWavQQ\/s640\/COMIENZO+CLASES+2016-2017.jpg\" width=\"452\" \/><\/a><\/div>\n<p><span style=\"color: #274e13;, sans-serif;font-size: large\"><b>Este s\u00e1bado regresan las clases en las escuelas deportivas municipales de ajedrez de Alc\u00e1zar de San Juan y Villafranca de los Caballeros dentro de los horarios habituales para cada grupo formativo.<\/b><\/span><br \/>\n<span style=\"color: #274e13;, sans-serif;font-size: large\"><b>Adem\u00e1s, los padres y madres tendr\u00e1n oportunidad de informarse de las caracter\u00edsticas de las escuelas en las respectivas reuniones que se celebrar\u00e1n:&nbsp;<\/b><\/span><br \/>\n<span style=\"color: #274e13;, sans-serif;font-size: large\"><b>&#8211; En Alc\u00e1zar a las 13,30 horas en el CIJ COVADONGA;<\/b><\/span><br \/>\n<span style=\"color: #274e13;, sans-serif;font-size: large\"><b>&#8211; En Villafranca a las 20 horas en la CASA DE LA CULTURA.<\/b><\/span><br \/>\n<span style=\"color: #274e13;, sans-serif;font-size: large\"><b>En el cartel se proporciona m\u00e1s informaci\u00f3n.<\/b><\/span><\/p>\n","protected":false},"excerpt":{"rendered":"<p>Este s\u00e1bado regresan las clases en las escuelas deportivas municipales de ajedrez de Alc\u00e1zar de San Juan y Villafranca de los Caballeros dentro de los horarios habituales para cada grupo formativo. Adem\u00e1s, los padres y madres tendr\u00e1n oportunidad de informarse de las caracter\u00edsticas de las escuelas en las respectivas reuniones que se celebrar\u00e1n:&nbsp; &#8211; En [&hellip;]<\/p>\n","protected":false},"author":1,"featured_media":932,"comment_status":"open","ping_status":"closed","sticky":false,"template":"","format":"standard","meta":{"footnotes":""},"categories":[1],"tags":[],"class_list":["post-931","post","type-post","status-publish","format-standard","has-post-thumbnail","hentry","category-noticias"],"_links":{"self":[{"href":"https:\/\/www.bfv.cloud\/ajedrezeuropa\/wp-json\/wp\/v2\/posts\/931","targetHints":{"allow":["GET"]}}],"collection":[{"href":"https:\/\/www.bfv.cloud\/ajedrezeuropa\/wp-json\/wp\/v2\/posts"}],"about":[{"href":"https:\/\/www.bfv.cloud\/ajedrezeuropa\/wp-json\/wp\/v2\/types\/post"}],"author":[{"embeddable":true,"href":"https:\/\/www.bfv.cloud\/ajedrezeuropa\/wp-json\/wp\/v2\/users\/1"}],"replies":[{"embeddable":true,"href":"https:\/\/www.bfv.cloud\/ajedrezeuropa\/wp-json\/wp\/v2\/comments?post=931"}],"version-history":[{"count":1,"href":"https:\/\/www.bfv.cloud\/ajedrezeuropa\/wp-json\/wp\/v2\/posts\/931\/revisions"}],"predecessor-version":[{"id":933,"href":"https:\/\/www.bfv.cloud\/ajedrezeuropa\/wp-json\/wp\/v2\/posts\/931\/revisions\/933"}],"wp:featuredmedia":[{"embeddable":true,"href":"https:\/\/www.bfv.cloud\/ajedrezeuropa\/wp-json\/wp\/v2\/media\/932"}],"wp:attachment":[{"href":"https:\/\/www.bfv.cloud\/ajedrezeuropa\/wp-json\/wp\/v2\/media?parent=931"}],"wp:term":[{"taxonomy":"category","embeddable":true,"href":"https:\/\/www.bfv.cloud\/ajedrezeuropa\/wp-json\/wp\/v2\/categories?post=931"},{"taxonomy":"post_tag","embeddable":true,"href":"https:\/\/www.bfv.cloud\/ajedrezeuropa\/wp-json\/wp\/v2\/tags?post=931"}],"curies":[{"name":"wp","href":"https:\/\/api.w.org\/{rel}","templated":true}]}}