{"id":934,"date":"2015-02-11T06:43:00","date_gmt":"2015-02-11T06:43:00","guid":{"rendered":"https:\/\/www.bfv.cloud\/ajedrezeuropa\/index.php\/2015\/02\/11\/el-comienzo-de-un-nuevo-proyecto-en-nuestra-region-ajedrez-en-la-escuela\/"},"modified":"2025-11-20T10:24:16","modified_gmt":"2025-11-20T10:24:16","slug":"el-comienzo-de-un-nuevo-proyecto-en-nuestra-region-ajedrez-en-la-escuela","status":"publish","type":"post","link":"https:\/\/www.bfv.cloud\/ajedrezeuropa\/el-comienzo-de-un-nuevo-proyecto-en-nuestra-region-ajedrez-en-la-escuela\/","title":{"rendered":"EL COMIENZO DE UN NUEVO PROYECTO EN NUESTRA REGI\u00d3N: \u201cAJEDREZ EN LA ESCUELA\u201d"},"content":{"rendered":"<div class=\"separator\" style=\"clear: both;text-align: center\">\n<\/div>\n<p><\/p>\n<div class=\"separator\" style=\"clear: both;text-align: center\">\n<a href=\"https:\/\/www.bfv.cloud\/ajedrezeuropa\/wp-content\/uploads\/2015\/02\/image-0001.jpg\" style=\"margin-left: 1em;margin-right: 1em\"><img fetchpriority=\"high\" decoding=\"async\" border=\"0\" src=\"https:\/\/www.bfv.cloud\/ajedrezeuropa\/wp-content\/uploads\/2015\/02\/image-0001.jpg\" height=\"113\" width=\"640\" \/><\/a><\/div>\n<h4 style=\"text-align: center\">\n<b><span style=\"background-color: #d9ead3;font-family: Helvetica Neue, Arial, Helvetica, sans-serif\">El proyecto \u00abAJEDREZ EN LA ESCUELA\u00bb para Castilla-La Mancha, organizado por la Viceconsejer\u00eda de Educaci\u00f3n, Universidades e Investigaci\u00f3n en colaboraci\u00f3n con el proyecto \u00abNUESTRO AJEDREZ EN EUROPA\u00bb, comienza a programar actividades espec\u00edficas de formaci\u00f3n para los docentes de la regi\u00f3n.<\/span><\/b><\/h4>\n<div class=\"MsoBodyText\" style=\"text-align: justify\">\n<span style=\"font-size: 12.0pt\"><span style=\"font-family: Helvetica Neue, Arial, Helvetica, sans-serif\">Desde la Declaraci\u00f3n 50\/2011 del Parlamento Europeo<br \/>\npor la que se recomienda la introducci\u00f3n de programas de formaci\u00f3n<br \/>\najedrec\u00edstica en los colegios de los estados miembros de la UE, hasta hoy en el<br \/>\nque se va a aprobar en el Congreso de los Diputados de Espa\u00f1a una proposici\u00f3n<br \/>\nno de ley que insta al Gobierno a ense\u00f1ar ajedrez en las escuelas, el objetivo<br \/>\nde todos nosotros ha sido el mismo: lograr que las instituciones p\u00fablicas<br \/>\ndieran el paso adelante que permita la presencia del \u201cdeporte de la mente\u201d en<br \/>\nel trabajo diario de nuestros alumnos de cualquier edad. <\/span><\/span><\/div>\n<div class=\"MsoBodyText\" style=\"text-align: justify\">\n<span style=\"font-size: 12.0pt\"><span style=\"font-family: Helvetica Neue, Arial, Helvetica, sans-serif\">Durante un a\u00f1o se han presentado y estudiado los<br \/>\ndistintos programas que contiene el proyecto \u201cAJEDREZ EN LA ESCUELA\u201d elaborado<br \/>\npor los maestros y entrenadores de \u201dNUESTRO AJEDREZ EN EUROPA\u201d. Gracias al<br \/>\nimpulso decisivo a estos planes de formaci\u00f3n dentro del mundo de la ense\u00f1anza<br \/>\nque nos ha ofrecido el propio Viceconsejero de Educaci\u00f3n, Universidades e<br \/>\nInvestigaci\u00f3n, Jos\u00e9 Jaime Alonso, hoy estamos empezando a recorrer este<br \/>\ninteresante camino. En este tiempo hemos trabajado y colaborado con el Centro<br \/>\nRegional de Formaci\u00f3n del Profesorado (CRFP) en el desarrollo y ejecuci\u00f3n de UN<br \/>\nPRIMER CURSO DE INICIACI\u00d3N, con la idea fundamental de abrir la puerta a la<br \/>\nparticipaci\u00f3n de todos los docentes de la ense\u00f1anza p\u00fablica y concertada, sin<br \/>\nrestricciones por la existencia o no de conocimientos ajedrec\u00edsticos previos.<br \/>\nDe esta forma, conseguimos ofrecer un primer curso abierto a 60 profesores de<br \/>\neducaci\u00f3n infantil, primaria y secundaria de toda Castilla-La Mancha, en el que<br \/>\nel objetivo principal es ense\u00f1ar las distintas utilidades del ajedrez como<br \/>\nherramienta socioeducativa en los colegios e institutos.<\/span><\/span><\/div>\n<div class=\"MsoBodyText\" style=\"text-align: justify\">\n<span style=\"background-color: #d9ead3;font-size: 12pt\"><span style=\"font-family: Helvetica Neue, Arial, Helvetica, sans-serif\">Pensamos que esta importante ocasi\u00f3n requer\u00eda ofrecer<br \/>\nun curso muy completo y atractivo en cuanto a contenidos y ponentes. Ha sido en<br \/>\nestos dos planos donde hemos puesto el mayor de nuestros empe\u00f1os. Por eso,<br \/>\nahora, podemos presentar un curso de un nivel sobresaliente que cuenta con la<br \/>\nparticipaci\u00f3n del conocido periodista, conferenciante y divulgador, Leontxo<br \/>\nGarc\u00eda, con el gran maestro internacional, Herminio Herr\u00e1iz, y con el director<br \/>\ne impulsor del proyecto \u201cNUESTRO AJEDREZ EN EUROPA\u201d, F\u00e9lix Toribio. Adem\u00e1s, es<br \/>\nun orgullo sumar la colaboraci\u00f3n y el apoyo desinteresado del profesor Uvencio<br \/>\nBlanco, Presidente de la Comisi\u00f3n Mundial de Ajedrez para las Escuelas de la<br \/>\nFederaci\u00f3n Internacional de Ajedrez \u2013 FIDE, que nos ha proporcionado un<br \/>\nmaterial \u00fanico, que ha servido para enriquecer y potenciar los contenidos<br \/>\ndel curso.&nbsp;<\/span><\/span><\/div>\n<div class=\"separator\" style=\"clear: both;text-align: center\">\n<\/div>\n","protected":false},"excerpt":{"rendered":"<p>El proyecto \u00abAJEDREZ EN LA ESCUELA\u00bb para Castilla-La Mancha, organizado por la Viceconsejer\u00eda de Educaci\u00f3n, Universidades e Investigaci\u00f3n en colaboraci\u00f3n con el proyecto \u00abNUESTRO AJEDREZ EN EUROPA\u00bb, comienza a programar actividades espec\u00edficas de formaci\u00f3n para los docentes de la regi\u00f3n. Desde la Declaraci\u00f3n 50\/2011 del Parlamento Europeo por la que se recomienda la introducci\u00f3n de [&hellip;]<\/p>\n","protected":false},"author":1,"featured_media":935,"comment_status":"open","ping_status":"closed","sticky":false,"template":"","format":"standard","meta":{"footnotes":""},"categories":[1],"tags":[],"class_list":["post-934","post","type-post","status-publish","format-standard","has-post-thumbnail","hentry","category-noticias"],"_links":{"self":[{"href":"https:\/\/www.bfv.cloud\/ajedrezeuropa\/wp-json\/wp\/v2\/posts\/934","targetHints":{"allow":["GET"]}}],"collection":[{"href":"https:\/\/www.bfv.cloud\/ajedrezeuropa\/wp-json\/wp\/v2\/posts"}],"about":[{"href":"https:\/\/www.bfv.cloud\/ajedrezeuropa\/wp-json\/wp\/v2\/types\/post"}],"author":[{"embeddable":true,"href":"https:\/\/www.bfv.cloud\/ajedrezeuropa\/wp-json\/wp\/v2\/users\/1"}],"replies":[{"embeddable":true,"href":"https:\/\/www.bfv.cloud\/ajedrezeuropa\/wp-json\/wp\/v2\/comments?post=934"}],"version-history":[{"count":1,"href":"https:\/\/www.bfv.cloud\/ajedrezeuropa\/wp-json\/wp\/v2\/posts\/934\/revisions"}],"predecessor-version":[{"id":936,"href":"https:\/\/www.bfv.cloud\/ajedrezeuropa\/wp-json\/wp\/v2\/posts\/934\/revisions\/936"}],"wp:featuredmedia":[{"embeddable":true,"href":"https:\/\/www.bfv.cloud\/ajedrezeuropa\/wp-json\/wp\/v2\/media\/935"}],"wp:attachment":[{"href":"https:\/\/www.bfv.cloud\/ajedrezeuropa\/wp-json\/wp\/v2\/media?parent=934"}],"wp:term":[{"taxonomy":"category","embeddable":true,"href":"https:\/\/www.bfv.cloud\/ajedrezeuropa\/wp-json\/wp\/v2\/categories?post=934"},{"taxonomy":"post_tag","embeddable":true,"href":"https:\/\/www.bfv.cloud\/ajedrezeuropa\/wp-json\/wp\/v2\/tags?post=934"}],"curies":[{"name":"wp","href":"https:\/\/api.w.org\/{rel}","templated":true}]}}