{"id":940,"date":"2011-02-14T14:36:00","date_gmt":"2011-02-14T14:36:00","guid":{"rendered":"https:\/\/www.bfv.cloud\/ajedrezeuropa\/index.php\/2011\/02\/14\/2a-jornada-del-escolar-de-ciudad-real\/"},"modified":"2025-11-20T10:24:21","modified_gmt":"2025-11-20T10:24:21","slug":"2a-jornada-del-escolar-de-ciudad-real","status":"publish","type":"post","link":"https:\/\/www.bfv.cloud\/ajedrezeuropa\/2a-jornada-del-escolar-de-ciudad-real\/","title":{"rendered":"2\u00aa JORNADA DEL ESCOLAR DE CIUDAD REAL"},"content":{"rendered":"<p>\ufeff <\/p>\n<table cellpadding=\"0\" cellspacing=\"0\" class=\"tr-caption-container\" style=\"float: left;margin-right: 1em;text-align: left\">\n<tbody>\n<tr>\n<td style=\"text-align: center\"><a href=\"https:\/\/www.bfv.cloud\/ajedrezeuropa\/wp-content\/uploads\/2011\/02\/c25C325B3simo.jpg\" style=\"clear: left;margin-bottom: 1em;margin-left: auto;margin-right: auto\"><img fetchpriority=\"high\" decoding=\"async\" border=\"0\" height=\"240\" src=\"https:\/\/blogger.googleusercontent.com\/img\/b\/R29vZ2xl\/AVvXsEhvDD1FMudnoTm-ceWTUzlsZM2TwAEl8KWtNqom8-Yw4o9DDBWzAuabWMimKJmvf4LZeLAtjHL5iDR5ucq_MuABfpJfZ4Nk_s4zf3naHfmuwV8FjaPqf5AmrPLBq_Cj556I3R1ltCW2Aqg\/s320\/c%25C3%25B3simo.jpg\" width=\"320\" \/><\/a><\/td>\n<\/tr>\n<tr>\n<td class=\"tr-caption\" style=\"text-align: center\">Cosimo de Giorgi<\/td>\n<\/tr>\n<\/tbody>\n<\/table>\n<p>\ufeff <\/p>\n<div style=\"border-bottom: medium none;border-left: medium none;border-right: medium none;border-top: medium none\"><span style=\", sans-serif\">Ayer domingo se disput\u00f3 la 2\u00aa jornada del Campeonato del Deporte en Edad Escolar de Ciudad Real. La categor\u00eda Infantil mantiene a algunos de los chicos de la escuela de Alc\u00e1zar entre los miembros de los grupos con mayor puntuaci\u00f3n. Es as\u00ed en el caso de Cosimo De Giorgi que con 3,5 puntos ocupa la 6\u00aa posici\u00f3n en la clasificaci\u00f3n provisional, quedando pendiente del resultado que se produzca en la mesa 3 de la 5\u00aa ronda en la partida que le enfrentar\u00e1 a Nerea Infante, n\u00ba 1 del ranking inicial. Tambi\u00e9n en el grupo de 3 puntos, que abarca desde la&nbsp;7\u00aa hasta la 21\u00aa posici\u00f3n,&nbsp;&nbsp;est\u00e1n situados Javier Valdepe\u00f1as y Samuel Ortiz, concretamente en los lugares 19\u00ba y 20\u00ba, manteni\u00e9ndoles con interesantes opciones para la jornada de doble ronda que se jugar\u00e1 el pr\u00f3ximo domingo 20 de febrero. Los otros 3 jugadores que nos representan en esta categor\u00eda son: Fernando Marcos-Alberca&nbsp;con 2 puntos, Luis Molina con 1 punto y Alejandro De Bruguera que ha conseguido obtener su primer punto en la 4\u00aa ronda. <\/span><br \/>\n<span style=\"font-family: Trebuchet MS\"><em>Clasificaci\u00f3n y resultados en este enlace: <a href=\"http:\/\/chess-results.com\/tnr44035.aspx?art=1&amp;rd=4&amp;lan=2&amp;m=-1&amp;wi=1000\">http:\/\/chess-results.com\/tnr44035.aspx?art=1&amp;rd=4&amp;lan=2&amp;m=-1&amp;wi=1000<\/a><\/em><\/span><\/div>\n<p>\ufeff <\/p>\n<table cellpadding=\"0\" cellspacing=\"0\" class=\"tr-caption-container\" style=\"float: right;text-align: right\">\n<tbody>\n<tr>\n<td style=\"text-align: center\"><a href=\"https:\/\/www.bfv.cloud\/ajedrezeuropa\/wp-content\/uploads\/2011\/02\/mario.jpg\" style=\"clear: right;margin-bottom: 1em;margin-left: auto;margin-right: auto\"><img decoding=\"async\" border=\"0\" height=\"240\" src=\"https:\/\/blogger.googleusercontent.com\/img\/b\/R29vZ2xl\/AVvXsEhmp-Vj2ayTiGRKdyjP3YorhOdRVGEZCv_w4dXqKVMgnXyiTPiBwwdpKTrwDNalnx9B2HuYdyMUIG8tvsDywK_pAhGdjjjm0lk7TqyY0OV1DEDfxW1-rkKjgjmQNZjobzhnDfQsDujtKGY\/s320\/mario.jpg\" width=\"320\" \/><\/a><\/td>\n<\/tr>\n<tr>\n<td class=\"tr-caption\" style=\"text-align: center\">Mario Rubio<\/td>\n<\/tr>\n<\/tbody>\n<\/table>\n<p>\ufeff <\/p>\n<div style=\"border-bottom: medium none;border-left: medium none;border-right: medium none;border-top: medium none\"><span style=\", sans-serif\">Por su parte, el Cadete celebr\u00f3 su 3 \u00aa ronda, \u00fanica disputada en el d\u00eda de ayer, con el desenlace de una triple derrota para los alcazare\u00f1os. Tanto Jos\u00e9 \u00c1ngel Vela como Manuel Marcos-Alberca y Mario Rubio, tuvieron unas partidas muy intensas que, en alg\u00fan caso, les condujeron a perderlas&nbsp;en los apuros de tiempo mientras disfrutaban de una clara ventaja. Habr\u00e1 que&nbsp;esperar que el domingo que viene, tambi\u00e9n con doble ronda en esta categor\u00eda, se consigan mejores resultados para acercarlos a las posiciones de cabeza.<\/span><br \/>\n<em><span style=\"font-family: Trebuchet MS\">Clasificaci\u00f3n y resultados en este enlace: <a href=\"http:\/\/chess-results.com\/tnr44030.aspx?art=1&amp;rd=3&amp;lan=2&amp;m=-1&amp;wi=1000\">http:\/\/chess-results.com\/tnr44030.aspx?art=1&amp;rd=3&amp;lan=2&amp;m=-1&amp;wi=1000<\/a><\/span><\/em><\/div>\n","protected":false},"excerpt":{"rendered":"<p>\ufeff Cosimo de Giorgi \ufeff Ayer domingo se disput\u00f3 la 2\u00aa jornada del Campeonato del Deporte en Edad Escolar de Ciudad Real. La categor\u00eda Infantil mantiene a algunos de los chicos de la escuela de Alc\u00e1zar entre los miembros de los grupos con mayor puntuaci\u00f3n. Es as\u00ed en el caso de Cosimo De Giorgi que [&hellip;]<\/p>\n","protected":false},"author":1,"featured_media":941,"comment_status":"open","ping_status":"closed","sticky":false,"template":"","format":"standard","meta":{"footnotes":""},"categories":[1],"tags":[],"class_list":["post-940","post","type-post","status-publish","format-standard","has-post-thumbnail","hentry","category-noticias"],"_links":{"self":[{"href":"https:\/\/www.bfv.cloud\/ajedrezeuropa\/wp-json\/wp\/v2\/posts\/940","targetHints":{"allow":["GET"]}}],"collection":[{"href":"https:\/\/www.bfv.cloud\/ajedrezeuropa\/wp-json\/wp\/v2\/posts"}],"about":[{"href":"https:\/\/www.bfv.cloud\/ajedrezeuropa\/wp-json\/wp\/v2\/types\/post"}],"author":[{"embeddable":true,"href":"https:\/\/www.bfv.cloud\/ajedrezeuropa\/wp-json\/wp\/v2\/users\/1"}],"replies":[{"embeddable":true,"href":"https:\/\/www.bfv.cloud\/ajedrezeuropa\/wp-json\/wp\/v2\/comments?post=940"}],"version-history":[{"count":1,"href":"https:\/\/www.bfv.cloud\/ajedrezeuropa\/wp-json\/wp\/v2\/posts\/940\/revisions"}],"predecessor-version":[{"id":943,"href":"https:\/\/www.bfv.cloud\/ajedrezeuropa\/wp-json\/wp\/v2\/posts\/940\/revisions\/943"}],"wp:featuredmedia":[{"embeddable":true,"href":"https:\/\/www.bfv.cloud\/ajedrezeuropa\/wp-json\/wp\/v2\/media\/941"}],"wp:attachment":[{"href":"https:\/\/www.bfv.cloud\/ajedrezeuropa\/wp-json\/wp\/v2\/media?parent=940"}],"wp:term":[{"taxonomy":"category","embeddable":true,"href":"https:\/\/www.bfv.cloud\/ajedrezeuropa\/wp-json\/wp\/v2\/categories?post=940"},{"taxonomy":"post_tag","embeddable":true,"href":"https:\/\/www.bfv.cloud\/ajedrezeuropa\/wp-json\/wp\/v2\/tags?post=940"}],"curies":[{"name":"wp","href":"https:\/\/api.w.org\/{rel}","templated":true}]}}