{"id":944,"date":"2014-05-31T21:31:00","date_gmt":"2014-05-31T21:31:00","guid":{"rendered":"https:\/\/www.bfv.cloud\/ajedrezeuropa\/index.php\/2014\/05\/31\/en-los-primeros-puestos-a-falta-de-una-partida-en-el-regional-escolar\/"},"modified":"2025-11-20T10:24:22","modified_gmt":"2025-11-20T10:24:22","slug":"en-los-primeros-puestos-a-falta-de-una-partida-en-el-regional-escolar","status":"publish","type":"post","link":"https:\/\/www.bfv.cloud\/ajedrezeuropa\/en-los-primeros-puestos-a-falta-de-una-partida-en-el-regional-escolar\/","title":{"rendered":"\u00a1\u00a1EN LOS PRIMEROS PUESTOS A FALTA DE UNA PARTIDA EN EL REGIONAL ESCOLAR!!"},"content":{"rendered":"<div class=\"separator\" style=\"clear: both;text-align: center\">\n<a href=\"https:\/\/www.bfv.cloud\/ajedrezeuropa\/wp-content\/uploads\/2014\/05\/fotoalbergueOssadeMontiel.jpg\" style=\"clear: right;float: right;margin-bottom: 1em;margin-left: 1em\"><img fetchpriority=\"high\" decoding=\"async\" border=\"0\" src=\"https:\/\/www.bfv.cloud\/ajedrezeuropa\/wp-content\/uploads\/2014\/05\/fotoalbergueOssadeMontiel.jpg\" height=\"267\" width=\"400\" \/><\/a><\/div>\n<p><b><u><span style=\"color: #990000;font-family: Helvetica Neue, Arial, Helvetica, sans-serif\"><i>Tras jugarse 5 rondas del campeonato<\/i><\/span><\/u><\/b><br \/>\n<b><u><span style=\"font-family: Helvetica Neue, Arial, Helvetica, sans-serif\"><br \/><\/span><\/u><\/b><br \/>\n<span style=\"color: #274e13;font-family: Helvetica Neue, Arial, Helvetica, sans-serif\"><b>Disputadas 5 partidas de las 6 previstas en el Campeonato Regional del Deporte en Edad Escolar, varios jugadores de Nuestro Ajedrez en Europa se encuentran entre los m\u00e1s destacados de sus respectivas categor\u00edas. Comenzando por los chicos y chicas de la categor\u00eda cadete, se\u00f1alamos las magn\u00edficas actuaciones de nuestros 3 representantes. Por un lado, en la competici\u00f3n masculina, Javier Valdepe\u00f1as suma 4 puntos que lo sit\u00faan en la 2\u00aa plaza de la clasificaci\u00f3n provisional; &nbsp;mientras que en la femenina destaca la 3\u00aa posici\u00f3n de Alba P\u00edriz y la 4\u00aa de Silvia Toribio, ambas empatadas a 3 puntos. Entretanto, en la categor\u00eda Infantil Femenina, nuestras 5 jugadoras siguen mejorando sus objetivos personales: Irene Sim\u00f3n se encuentra en la 2\u00aa posici\u00f3n empatada a 4,5 puntos con la primera y ya est\u00e1 matem\u00e1ticamente clasificada para la fase nacional por selecciones auton\u00f3micas que se celebrar\u00e1 a finales de junio en Boo de Pi\u00e9lagos (Cantabria). Con opciones para estar entre las 3 mejores est\u00e1 Marta Espinosa, que se medir\u00e1 en la \u00faltima ronda con su compa\u00f1era Irene. &nbsp;En el 9\u00ba puesto figura Isabel Marcos-Alberca con 2,5 puntos; en el 13\u00ba, Mar\u00eda Oliver, con 2 puntos, y en el 14\u00ba Julia Meza, con 1,5 puntos. Tanto Mar\u00eda como Julia en su primer a\u00f1o de participaci\u00f3n en la competici\u00f3n regional escolar. Ma\u00f1ana, a partir de las 9,30 se decidir\u00e1n las posiciones definitivas, aunque nosotros estamos convencidos de que la experiencia merece la pena vivirse en todos los casos sea cual sea el resultado final.&nbsp;<\/b><\/span><br \/>\n<span style=\"color: #274e13;font-family: Helvetica Neue, Arial, Helvetica, sans-serif\"><b>\u00a1\u00a1Buen d\u00eda para todos y a disfrutar del ajedrez!!<\/b><\/span><br \/>\n<span style=\"color: #274e13;font-family: Helvetica Neue, Arial, Helvetica, sans-serif\"><b>A continuaci\u00f3n dejamos los enlaces para facilitar el seguimiento de la jornada de ma\u00f1ana:<\/b><\/span><br \/>\n<span style=\"font-family: Trebuchet MS, sans-serif\"><br \/><\/span><\/p>\n<div style=\"text-align: center\">\n<span style=\"font-family: Trebuchet MS, sans-serif\"><a href=\"http:\/\/chess-results.com\/tnr133533.aspx?lan=2&amp;art=2&amp;rd=6&amp;wi=821\">CADETE MASCULINO RONDA 6<\/a><\/span><\/div>\n<div style=\"text-align: center\">\n<\/div>\n<div style=\"text-align: center\">\n<span style=\"color: #660000\"><a href=\"http:\/\/chess-results.com\/tnr133534.aspx?lan=2&amp;art=2&amp;rd=6&amp;wi=821\">CADETE FEMENINO RONDA 6<\/a><\/span><\/div>\n<div style=\"text-align: center\">\n<\/div>\n<div style=\"text-align: center\">\n<a href=\"http:\/\/chess-results.com\/tnr133536.aspx?lan=2&amp;art=2&amp;rd=6&amp;wi=821\"><span style=\"color: #274e13\">INFANTIL FEMENINO RONDA 6<\/span><\/a><\/div>\n","protected":false},"excerpt":{"rendered":"<p>Tras jugarse 5 rondas del campeonato Disputadas 5 partidas de las 6 previstas en el Campeonato Regional del Deporte en Edad Escolar, varios jugadores de Nuestro Ajedrez en Europa se encuentran entre los m\u00e1s destacados de sus respectivas categor\u00edas. Comenzando por los chicos y chicas de la categor\u00eda cadete, se\u00f1alamos las magn\u00edficas actuaciones de nuestros [&hellip;]<\/p>\n","protected":false},"author":1,"featured_media":945,"comment_status":"open","ping_status":"closed","sticky":false,"template":"","format":"standard","meta":{"footnotes":""},"categories":[1],"tags":[],"class_list":["post-944","post","type-post","status-publish","format-standard","has-post-thumbnail","hentry","category-noticias"],"_links":{"self":[{"href":"https:\/\/www.bfv.cloud\/ajedrezeuropa\/wp-json\/wp\/v2\/posts\/944","targetHints":{"allow":["GET"]}}],"collection":[{"href":"https:\/\/www.bfv.cloud\/ajedrezeuropa\/wp-json\/wp\/v2\/posts"}],"about":[{"href":"https:\/\/www.bfv.cloud\/ajedrezeuropa\/wp-json\/wp\/v2\/types\/post"}],"author":[{"embeddable":true,"href":"https:\/\/www.bfv.cloud\/ajedrezeuropa\/wp-json\/wp\/v2\/users\/1"}],"replies":[{"embeddable":true,"href":"https:\/\/www.bfv.cloud\/ajedrezeuropa\/wp-json\/wp\/v2\/comments?post=944"}],"version-history":[{"count":1,"href":"https:\/\/www.bfv.cloud\/ajedrezeuropa\/wp-json\/wp\/v2\/posts\/944\/revisions"}],"predecessor-version":[{"id":946,"href":"https:\/\/www.bfv.cloud\/ajedrezeuropa\/wp-json\/wp\/v2\/posts\/944\/revisions\/946"}],"wp:featuredmedia":[{"embeddable":true,"href":"https:\/\/www.bfv.cloud\/ajedrezeuropa\/wp-json\/wp\/v2\/media\/945"}],"wp:attachment":[{"href":"https:\/\/www.bfv.cloud\/ajedrezeuropa\/wp-json\/wp\/v2\/media?parent=944"}],"wp:term":[{"taxonomy":"category","embeddable":true,"href":"https:\/\/www.bfv.cloud\/ajedrezeuropa\/wp-json\/wp\/v2\/categories?post=944"},{"taxonomy":"post_tag","embeddable":true,"href":"https:\/\/www.bfv.cloud\/ajedrezeuropa\/wp-json\/wp\/v2\/tags?post=944"}],"curies":[{"name":"wp","href":"https:\/\/api.w.org\/{rel}","templated":true}]}}