{"id":947,"date":"2012-02-03T08:00:00","date_gmt":"2012-02-03T08:00:00","guid":{"rendered":"https:\/\/www.bfv.cloud\/ajedrezeuropa\/index.php\/2012\/02\/03\/proxima-conferencia-sobre-nuestro-proyecto-en-alcazar\/"},"modified":"2025-11-20T10:24:24","modified_gmt":"2025-11-20T10:24:24","slug":"proxima-conferencia-sobre-nuestro-proyecto-en-alcazar","status":"publish","type":"post","link":"https:\/\/www.bfv.cloud\/ajedrezeuropa\/proxima-conferencia-sobre-nuestro-proyecto-en-alcazar\/","title":{"rendered":"PR\u00d3XIMA CONFERENCIA SOBRE NUESTRO PROYECTO EN ALC\u00c1ZAR"},"content":{"rendered":"<div class=\"separator\" style=\"clear: both;text-align: center\"><a href=\"https:\/\/www.bfv.cloud\/ajedrezeuropa\/wp-content\/uploads\/2012\/02\/tarjetonFC2AElixToribiocopia2.jpg\" style=\"margin-left: 1em;margin-right: 1em\"><img fetchpriority=\"high\" decoding=\"async\" border=\"0\" height=\"190\" src=\"https:\/\/blogger.googleusercontent.com\/img\/b\/R29vZ2xl\/AVvXsEgiLGOFHN-_Odvqsq9_JULladUzpIPOHFnmgysjyE4NzorTBp-6G6auF4Hbe25s6fcIcslU4F6bF-eWOGSbdbAKLqckSk_CA58xdm87sdvwK3qRgvQ-4rzN7_1XTtsZwpTYOYYP-2GGlCc\/s400\/tarjeton+F+%C2%AElix+Toribio++copia+2.jpg\" width=\"400\" \/><\/a><\/div>\n<div align=\"center\">\n<\/div>\n<div align=\"center\"><span style=\"font-family: Verdana\">El viernes 17 de febrero a las 8 de la tarde en la sede del <\/span><br \/>\n<span style=\"font-family: Verdana\">Ateneo de Alc\u00e1zar de San Juan, <\/span><br \/>\n<span style=\"font-family: Verdana\">tendr\u00e1 lugar una conferencia&nbsp;titulada: <\/span><br \/>\n<span style=\"font-family: Verdana\"><strong><u>\u00abLos Valores del Ajedrez\u00bb<\/u><\/strong>, <\/span><br \/>\n<span style=\"font-family: Verdana\">con nuestro proyecto como principal protagonista<\/span><br \/>\n<span style=\"font-family: Verdana\">tanto&nbsp;en su vertiente&nbsp;deportiva&nbsp;como social. <\/span><br \/>\n<span style=\"font-family: Verdana\">Esta conferencia&nbsp;se enmarca&nbsp;en el ciclo de&nbsp;actividades organizadas cada a\u00f1o&nbsp;por el Ateneo de Alc\u00e1zar de San Juan en colaboraci\u00f3n con<\/span><br \/>\n<span style=\"font-family: Verdana\">la Junta de Comunidades de Castilla-La Mancha y<\/span><br \/>\n<span style=\"font-family: Verdana\">la Diputaci\u00f3n de Ciudad Real.<\/span><br \/>\n<span style=\"font-family: Verdana\">Es un privilegio tener la oportunidad de presentar<\/span><br \/>\n<span style=\"font-family: Verdana\">\u00abNuestro Ajedrez en Europa\u00bb,<\/span><br \/>\n<span style=\"font-family: Verdana\">\u00edntegramente&nbsp;y con sus distintos campos de actuaci\u00f3n, <\/span><br \/>\n<span style=\"font-family: Verdana\">en <\/span><span style=\"font-family: Verdana\">un foro cultural de primer nivel de la sociedad manchega como<\/span><br \/>\n<span style=\"font-family: Verdana\">esta prestigiosa instituci\u00f3n alcazare\u00f1a.<\/span><br \/>\n<span style=\"font-family: Verdana\">Agradecemos a Luis \u00c1ngel Agenjo, presidente del Ateneo de Alc\u00e1zar,<\/span><br \/>\n<span style=\"font-family: Verdana\">su invitaci\u00f3n y su colaboraci\u00f3n.<\/span><br \/>\n<span style=\"font-family: Verdana\">Qued\u00e1is todos invitados a esta conferencia, y&nbsp;a la charla posterior,<\/span><br \/>\n<span style=\"font-family: Verdana\">para dialogar de esta pasi\u00f3n llamada<\/span><br \/>\n<strong><u><span style=\"font-family: Verdana\">AJEDREZ.<\/span><\/u><\/strong><\/div>\n","protected":false},"excerpt":{"rendered":"<p>El viernes 17 de febrero a las 8 de la tarde en la sede del Ateneo de Alc\u00e1zar de San Juan, tendr\u00e1 lugar una conferencia&nbsp;titulada: \u00abLos Valores del Ajedrez\u00bb, con nuestro proyecto como principal protagonista tanto&nbsp;en su vertiente&nbsp;deportiva&nbsp;como social. Esta conferencia&nbsp;se enmarca&nbsp;en el ciclo de&nbsp;actividades organizadas cada a\u00f1o&nbsp;por el Ateneo de Alc\u00e1zar de San Juan [&hellip;]<\/p>\n","protected":false},"author":1,"featured_media":948,"comment_status":"open","ping_status":"closed","sticky":false,"template":"","format":"standard","meta":{"footnotes":""},"categories":[1],"tags":[],"class_list":["post-947","post","type-post","status-publish","format-standard","has-post-thumbnail","hentry","category-noticias"],"_links":{"self":[{"href":"https:\/\/www.bfv.cloud\/ajedrezeuropa\/wp-json\/wp\/v2\/posts\/947","targetHints":{"allow":["GET"]}}],"collection":[{"href":"https:\/\/www.bfv.cloud\/ajedrezeuropa\/wp-json\/wp\/v2\/posts"}],"about":[{"href":"https:\/\/www.bfv.cloud\/ajedrezeuropa\/wp-json\/wp\/v2\/types\/post"}],"author":[{"embeddable":true,"href":"https:\/\/www.bfv.cloud\/ajedrezeuropa\/wp-json\/wp\/v2\/users\/1"}],"replies":[{"embeddable":true,"href":"https:\/\/www.bfv.cloud\/ajedrezeuropa\/wp-json\/wp\/v2\/comments?post=947"}],"version-history":[{"count":1,"href":"https:\/\/www.bfv.cloud\/ajedrezeuropa\/wp-json\/wp\/v2\/posts\/947\/revisions"}],"predecessor-version":[{"id":949,"href":"https:\/\/www.bfv.cloud\/ajedrezeuropa\/wp-json\/wp\/v2\/posts\/947\/revisions\/949"}],"wp:featuredmedia":[{"embeddable":true,"href":"https:\/\/www.bfv.cloud\/ajedrezeuropa\/wp-json\/wp\/v2\/media\/948"}],"wp:attachment":[{"href":"https:\/\/www.bfv.cloud\/ajedrezeuropa\/wp-json\/wp\/v2\/media?parent=947"}],"wp:term":[{"taxonomy":"category","embeddable":true,"href":"https:\/\/www.bfv.cloud\/ajedrezeuropa\/wp-json\/wp\/v2\/categories?post=947"},{"taxonomy":"post_tag","embeddable":true,"href":"https:\/\/www.bfv.cloud\/ajedrezeuropa\/wp-json\/wp\/v2\/tags?post=947"}],"curies":[{"name":"wp","href":"https:\/\/api.w.org\/{rel}","templated":true}]}}