{"id":960,"date":"2015-11-23T23:30:00","date_gmt":"2015-11-23T23:30:00","guid":{"rendered":"https:\/\/www.bfv.cloud\/ajedrezeuropa\/index.php\/2015\/11\/23\/a-un-paso-de-revalidar-el-titulo-de-campeon\/"},"modified":"2025-11-20T10:24:43","modified_gmt":"2025-11-20T10:24:43","slug":"a-un-paso-de-revalidar-el-titulo-de-campeon","status":"publish","type":"post","link":"https:\/\/www.bfv.cloud\/ajedrezeuropa\/a-un-paso-de-revalidar-el-titulo-de-campeon\/","title":{"rendered":"A UN PASO DE REVALIDAR EL T\u00cdTULO DE CAMPE\u00d3N"},"content":{"rendered":"<table cellpadding=\"0\" cellspacing=\"0\" class=\"tr-caption-container\" style=\"float: left;margin-right: 1em;text-align: left\">\n<tbody>\n<tr>\n<td style=\"text-align: center\"><a href=\"https:\/\/www.bfv.cloud\/ajedrezeuropa\/wp-content\/uploads\/2015\/11\/SAM_2279.jpg\" style=\"clear: left;margin-bottom: 1em;margin-left: auto;margin-right: auto\"><img fetchpriority=\"high\" decoding=\"async\" border=\"0\" height=\"351\" src=\"https:\/\/blogger.googleusercontent.com\/img\/b\/R29vZ2xl\/AVvXsEjD0au9tscAtju7mNfmAazl6uiwSofoYSLB4c1gDkbdPpsbFjaZHmplwXHsyumD-QIksikS9HRIu_0w9tGFlgFIV3q0_e2Fo3Wu4YpHf4UPETm78T74coT3qpXhXLpvD7klXV4BR3tR3hI\/s400\/SAM_2279.JPG\" width=\"400\" \/><\/a><\/td>\n<\/tr>\n<tr>\n<td class=\"tr-caption\" style=\"text-align: center\">NUESTRO AJEDREZ EN EUROPA \u00abA\u00bb <br \/>frente a TODOM\u00d3VIL TALAVERA<\/td>\n<\/tr>\n<\/tbody>\n<\/table>\n<table cellpadding=\"0\" cellspacing=\"0\" class=\"tr-caption-container\" style=\"float: right;margin-left: 1em;text-align: right\">\n<tbody>\n<tr>\n<td style=\"text-align: center\"><a href=\"https:\/\/www.bfv.cloud\/ajedrezeuropa\/wp-content\/uploads\/2015\/11\/SAM_2285.jpg\" style=\"clear: right;margin-bottom: 1em;margin-left: auto;margin-right: auto\"><img decoding=\"async\" border=\"0\" height=\"223\" src=\"https:\/\/blogger.googleusercontent.com\/img\/b\/R29vZ2xl\/AVvXsEgff9d-tP8EuFad6_mbWtySnGSIja81r3XY_Mi2E0I5tF88tuZdKQWy5oUj7vFyeWYCThT29VIWHsyxjyDyddKDDWnfjURxY0DO0A4xcsQ7e6atAU4bxCl3_O3UoCmzrcxCstRQcoGp9d8\/s400\/SAM_2285.JPG\" width=\"400\" \/><\/a><\/td>\n<\/tr>\n<tr>\n<td class=\"tr-caption\" style=\"text-align: center\">Rub\u00e9n y Pablo en un momento de su entrenamiento entre rondas<\/td>\n<\/tr>\n<\/tbody>\n<\/table>\n<table align=\"center\" cellpadding=\"0\" cellspacing=\"0\" class=\"tr-caption-container\" style=\"float: left;margin-right: 1em;text-align: left\">\n<tbody>\n<tr>\n<td style=\"text-align: center\"><a href=\"https:\/\/www.bfv.cloud\/ajedrezeuropa\/wp-content\/uploads\/2015\/11\/SAM_2282.jpg\" style=\"margin-left: auto;margin-right: auto\"><img decoding=\"async\" border=\"0\" height=\"265\" src=\"https:\/\/blogger.googleusercontent.com\/img\/b\/R29vZ2xl\/AVvXsEjNShdZUVLo5UKj-i9XWfeoagDGUt1BucvMLSDmO3kN3QWVyTnekTyvcwGUN0AV0t2mwJBJrrkYI54VeME8_2_R1324Uk0CxHw3T2_5MuLPPDnFXzk9PkrGiDf_1_f_WKXpbbY5L4e8FXk\/s400\/SAM_2282.JPG\" width=\"400\" \/><\/a><\/td>\n<\/tr>\n<tr>\n<td class=\"tr-caption\" style=\"text-align: center\">\u00abEUROPA C\u00bb luchar\u00e1 por el oro en el Campeonato de Promoci\u00f3n<\/td>\n<\/tr>\n<\/tbody>\n<\/table>\n<p>&nbsp;<span style=\"font-family: Helvetica Neue, Arial, Helvetica, sans-serif\">Cuando falta una ronda para la finalizaci\u00f3n del Campeonato Provincial por Equipos de 1 \u00aa Divisi\u00f3n de Toledo, el conjunto de <b>NUESTRO AJEDREZ EN EUROPA \u00abA\u00bb<\/b> lidera la clasificaci\u00f3n con 10 puntos y es el \u00fanico que permanece invicto tras las 6 rondas celebradas. El mejor desempate por puntos de tablero, 18,5 para <b>\u00abEuropa\u00bb <\/b>contra los 13,5 del equipo de <b>\u00abNavalmorales\u00bb<\/b> , le permite al Club de <b>Alc\u00e1zar y Villafranca <\/b>mantener la 1\u00aa posici\u00f3n antes de la 7\u00aa ronda que se disputar\u00e1 el domingo 13 de diciembre por la ma\u00f1ana.<\/span><br \/>\n<span style=\"font-family: Helvetica Neue, Arial, Helvetica, sans-serif\">Los enfrentamientos de la 5\u00aa y 6\u00aa ronda tuvieron como denominador com\u00fan una alta intensidad y un gran equilibrio. Por eso, no resulta nada extra\u00f1o que la ronda de la ma\u00f1ana contra <b>\u00abTodom\u00f3vil Talavera\u00bb <\/b>terminara con un justo empate&nbsp;<\/span><br \/>\n<span style=\"font-family: Helvetica Neue, Arial, Helvetica, sans-serif\">(2-2), y que la de la tarde frente al Club de la ciudad de Toledo terminase con id\u00e9ntico resultado. Todo queda a expensas del interesant\u00edsimo 7\u00ba y \u00faltimo enfrentamiento que ha emparejado a <b>NUESTRO AJEDREZ EN EUROPA \u00abA\u00bb<\/b> con el <b>\u00abClub Yebel\u00bb<\/b> de Los Y\u00e9benes y a <b>NUESTRO AJEDREZ POR LA IGUALDAD \u00abA\u00bb<\/b> con <b>\u00abLos Navalmorales\u00bb<\/b>, un equipo \u00e9ste que regresa como aut\u00e9ntica revelaci\u00f3n del campeonato y que luchar\u00e1 por la victoria hasta el movimiento final de su \u00faltima partida.<\/span><br \/>\n<span style=\"font-family: Helvetica Neue, Arial, Helvetica, sans-serif\">El resto de equipos encuadrados dentro del proyecto tienen al alcance la consecuci\u00f3n de sus objetivos m\u00e1s inmediatos que pasan por igualar el ranking inicial del que part\u00edan.<\/span><br \/>\n<span style=\"font-family: Helvetica Neue, Arial, Helvetica, sans-serif\">Los siguientes cuadros muestran la clasificaci\u00f3n provisional despu\u00e9s de la ronda 6 y el emparejamiento de la 7\u00aa..<\/span><\/p>\n<div class=\"separator\" style=\"clear: both;text-align: center\">\n<a href=\"https:\/\/www.bfv.cloud\/ajedrezeuropa\/wp-content\/uploads\/2015\/11\/CLASIF125C225AAR-6.jpg\" style=\"margin-left: 1em;margin-right: 1em\"><img loading=\"lazy\" decoding=\"async\" border=\"0\" height=\"337\" src=\"https:\/\/blogger.googleusercontent.com\/img\/b\/R29vZ2xl\/AVvXsEjOabjEgtOOw5ClWmKKqApTSN49c0WH_YjgvL6ZOeMH5QQj-B8V1s5N0OSZlb34lWAlvbsL5_15NpoMPchyphenhyphennctwcITnoof1LT_ViSB5rFJmOm6bv3MpLvN3Vo1GufKNjmuti_-N71ai4xI\/s640\/CLASIF+1%25C2%25AA+R-6.jpg\" width=\"640\" \/><\/a><\/div>\n<p><\/p>\n<div class=\"separator\" style=\"clear: both;text-align: center\">\n<a href=\"https:\/\/www.bfv.cloud\/ajedrezeuropa\/wp-content\/uploads\/2015\/11\/EMP125C225AAR-7.jpg\" style=\"margin-left: 1em;margin-right: 1em\"><img loading=\"lazy\" decoding=\"async\" border=\"0\" height=\"244\" src=\"https:\/\/blogger.googleusercontent.com\/img\/b\/R29vZ2xl\/AVvXsEiEtgS7-PJtRej2DEzzCcqfqj9euDK4_R12pqmk_dpGjdtjQFSAexGoC9TduPLIXppBWtAiE_77J8GEtorXyZ5DLhXHTYEBGD4P7pB3tLE6-Q4d3F_LOycm52MvKLNaHi6_-RwZFsJLvR8\/s640\/EMP+1%25C2%25AA+R-7.jpg\" width=\"640\" \/><\/a><\/div>\n<p><span style=\"font-family: Helvetica Neue, Arial, Helvetica, sans-serif\"><br \/><\/span><\/p>\n<table cellpadding=\"0\" cellspacing=\"0\" class=\"tr-caption-container\" style=\"float: right;margin-left: 1em;text-align: right\">\n<tbody>\n<tr>\n<td style=\"text-align: center\"><a href=\"https:\/\/www.bfv.cloud\/ajedrezeuropa\/wp-content\/uploads\/2015\/11\/SAM_2284.jpg\" style=\"clear: right;margin-bottom: 1em;margin-left: auto;margin-right: auto\"><img loading=\"lazy\" decoding=\"async\" border=\"0\" height=\"336\" src=\"https:\/\/blogger.googleusercontent.com\/img\/b\/R29vZ2xl\/AVvXsEimvaQYOstNyjgWGLZdB07LGO_ZJtpPfnto1RxyKtTCtzmAKnUhKbA1rnqVes6eneRqW0NjZKonYd6ForHQpossQOj8dmDRqGoi_-5H5uBcQjZ3CMXj5aouooyXT83TKtQWPXIFbAxmqCo\/s400\/SAM_2284.JPG\" width=\"400\" \/><\/a><\/td>\n<\/tr>\n<tr>\n<td class=\"tr-caption\" style=\"text-align: center\">El joven equipo de NUESTRO AJEDREZ POR LA IGUALDAD \u00abC\u00bb<br \/>ocupa la 3\u00aa plaza a un solo punto del liderato de Promoci\u00f3n<\/td>\n<\/tr>\n<\/tbody>\n<\/table>\n<div style=\"text-align: center\">\n<u><b>&nbsp;<span style=\"color: #20124d;font-family: Helvetica Neue, Arial, Helvetica, sans-serif\">CAMPEONATO DE PROMOCI\u00d3N DEPORTIVA<\/span><\/b><\/u><\/div>\n<p><span style=\"font-family: Helvetica Neue, Arial, Helvetica, sans-serif\">En paralelo a la competici\u00f3n ajedrec\u00edstica m\u00e1s importante de Toledo, el por equipos de 1\u00aa divisi\u00f3n, se celebr\u00f3 la 2\u00aa jornada del Campeonato de Promoci\u00f3n Deportiva. De entre los 14 equipos participantes destacan los resultados y juego de 5 de ellos, entre los que se encuentran las 2 formaciones \u00ab<b>C<\/b>\u00bb de <b>NUESTRO AJEDREZ EN EUROPA <\/b>y <b>NUESTRO AJEDREZ POR LA IGUALDAD.&nbsp;<\/b><\/span><br \/>\n<span style=\"font-family: Helvetica Neue, Arial, Helvetica, sans-serif\">Este domingo se completaron la 3\u00aa y 4\u00aa ronda y deja situados a los 2 equipos del proyecto en 3\u00aa y 4\u00aa posici\u00f3n a muy corta distancia de los primeros clasificados.<\/span><br \/>\n<span style=\"font-family: Helvetica Neue, Arial, Helvetica, sans-serif\">El 13 de diciembre tambi\u00e9n terminar\u00e1 esta competici\u00f3n de promoci\u00f3n con una jornada de doble ronda. Aqu\u00ed os dejamos la clasificaci\u00f3n y el pr\u00f3ximo emparejamiento.<\/span><\/p>\n<div class=\"separator\" style=\"clear: both;text-align: center\">\n<a href=\"https:\/\/www.bfv.cloud\/ajedrezeuropa\/wp-content\/uploads\/2015\/11\/CLASIPROMOCR-4.jpg\" style=\"margin-left: 1em;margin-right: 1em\"><img loading=\"lazy\" decoding=\"async\" border=\"0\" height=\"358\" src=\"https:\/\/blogger.googleusercontent.com\/img\/b\/R29vZ2xl\/AVvXsEhyVd9yIhstcozcdnnSv43vUg1sjUwwXBt_qgoG2EFk6wKxynp2Fz78J3h0Hk7GY6Fwuze0Jg1M0kXhyphenhyphengrWMUfmfa03lE73BiTlbXnDA0u0zKkR0nKY-cC6bKVxKhNnimabVijQoxrfJjo\/s640\/CLASI+PROMOC+R-4.jpg\" width=\"640\" \/><\/a><\/div>\n<p><\/p>\n<div class=\"separator\" style=\"clear: both;text-align: center\">\n<a href=\"https:\/\/www.bfv.cloud\/ajedrezeuropa\/wp-content\/uploads\/2015\/11\/EMPPROMOCR-5.jpg\" style=\"margin-left: 1em;margin-right: 1em\"><img loading=\"lazy\" decoding=\"async\" border=\"0\" height=\"208\" src=\"https:\/\/blogger.googleusercontent.com\/img\/b\/R29vZ2xl\/AVvXsEhIK28UG2rFJDRqfcdq_GsvohjW6UcjZASQO8h3VWJBOqeUwJ2PJbWS0aufH3P1tUO-z83UXLAMNyWSObRqTAD9cVM6SgvEIla0gIdsime8InaXLYBUoYjq1bVl5dkiTaAT37F2reQs_ZM\/s640\/EMP+PROMOC+R-5.jpg\" width=\"640\" \/><\/a><\/div>\n<p><span style=\"font-family: Helvetica Neue, Arial, Helvetica, sans-serif\"><br \/><\/span><\/p>\n","protected":false},"excerpt":{"rendered":"<p>NUESTRO AJEDREZ EN EUROPA \u00abA\u00bb frente a TODOM\u00d3VIL TALAVERA Rub\u00e9n y Pablo en un momento de su entrenamiento entre rondas \u00abEUROPA C\u00bb luchar\u00e1 por el oro en el Campeonato de Promoci\u00f3n &nbsp;Cuando falta una ronda para la finalizaci\u00f3n del Campeonato Provincial por Equipos de 1 \u00aa Divisi\u00f3n de Toledo, el conjunto de NUESTRO AJEDREZ EN [&hellip;]<\/p>\n","protected":false},"author":1,"featured_media":961,"comment_status":"open","ping_status":"closed","sticky":false,"template":"","format":"standard","meta":{"footnotes":""},"categories":[1],"tags":[],"class_list":["post-960","post","type-post","status-publish","format-standard","has-post-thumbnail","hentry","category-noticias"],"_links":{"self":[{"href":"https:\/\/www.bfv.cloud\/ajedrezeuropa\/wp-json\/wp\/v2\/posts\/960","targetHints":{"allow":["GET"]}}],"collection":[{"href":"https:\/\/www.bfv.cloud\/ajedrezeuropa\/wp-json\/wp\/v2\/posts"}],"about":[{"href":"https:\/\/www.bfv.cloud\/ajedrezeuropa\/wp-json\/wp\/v2\/types\/post"}],"author":[{"embeddable":true,"href":"https:\/\/www.bfv.cloud\/ajedrezeuropa\/wp-json\/wp\/v2\/users\/1"}],"replies":[{"embeddable":true,"href":"https:\/\/www.bfv.cloud\/ajedrezeuropa\/wp-json\/wp\/v2\/comments?post=960"}],"version-history":[{"count":1,"href":"https:\/\/www.bfv.cloud\/ajedrezeuropa\/wp-json\/wp\/v2\/posts\/960\/revisions"}],"predecessor-version":[{"id":969,"href":"https:\/\/www.bfv.cloud\/ajedrezeuropa\/wp-json\/wp\/v2\/posts\/960\/revisions\/969"}],"wp:featuredmedia":[{"embeddable":true,"href":"https:\/\/www.bfv.cloud\/ajedrezeuropa\/wp-json\/wp\/v2\/media\/961"}],"wp:attachment":[{"href":"https:\/\/www.bfv.cloud\/ajedrezeuropa\/wp-json\/wp\/v2\/media?parent=960"}],"wp:term":[{"taxonomy":"category","embeddable":true,"href":"https:\/\/www.bfv.cloud\/ajedrezeuropa\/wp-json\/wp\/v2\/categories?post=960"},{"taxonomy":"post_tag","embeddable":true,"href":"https:\/\/www.bfv.cloud\/ajedrezeuropa\/wp-json\/wp\/v2\/tags?post=960"}],"curies":[{"name":"wp","href":"https:\/\/api.w.org\/{rel}","templated":true}]}}